{"id":80636,"date":"2022-03-10T12:10:14","date_gmt":"2022-03-10T12:10:14","guid":{"rendered":"http:\/\/folhadosudeste.com\/site\/?p=80636"},"modified":"2022-03-10T12:10:14","modified_gmt":"2022-03-10T12:10:14","slug":"encerra-hoje-a-eleicao-do-sindicato-dos-servidores-publicos-de-muriae-e-regiao","status":"publish","type":"post","link":"https:\/\/folhadosudeste.com\/site\/?p=80636","title":{"rendered":"Encerra hoje a Elei\u00e7\u00e3o do Sindicato dos Servidores P\u00fablicos de Muria\u00e9 e Regi\u00e3o"},"content":{"rendered":"<p><a href=\"http:\/\/folhadosudeste.com\/site\/wp-content\/uploads\/2022\/03\/DSC_0079.jpg\"><img loading=\"lazy\" decoding=\"async\" class=\"alignnone size-full wp-image-80637\" src=\"http:\/\/folhadosudeste.com\/site\/wp-content\/uploads\/2022\/03\/DSC_0079.jpg\" alt=\"\" width=\"2048\" height=\"1356\" srcset=\"https:\/\/folhadosudeste.com\/site\/wp-content\/uploads\/2022\/03\/DSC_0079.jpg 2048w, https:\/\/folhadosudeste.com\/site\/wp-content\/uploads\/2022\/03\/DSC_0079-300x199.jpg 300w, https:\/\/folhadosudeste.com\/site\/wp-content\/uploads\/2022\/03\/DSC_0079-768x509.jpg 768w, https:\/\/folhadosudeste.com\/site\/wp-content\/uploads\/2022\/03\/DSC_0079-1024x678.jpg 1024w, https:\/\/folhadosudeste.com\/site\/wp-content\/uploads\/2022\/03\/DSC_0079-120x80.jpg 120w, https:\/\/folhadosudeste.com\/site\/wp-content\/uploads\/2022\/03\/DSC_0079-590x390.jpg 590w\" sizes=\"auto, (max-width: 2048px) 100vw, 2048px\" \/><\/a><\/p>\n<p>Come\u00e7ou na manh\u00e3 de ter\u00e7a-feira (8), a Elei\u00e7\u00e3o do Sindicato dos Servidores P\u00fablicos de Muria\u00e9 e Regi\u00e3o e encerra hoje nessa quinta-feira (10). A chapa 1 est\u00e1 sendo encabe\u00e7ada pela a professora Wanderl\u00e9a Cardoso Silva Rodrigues e tem como vice Alcires Sebasti\u00e3o Pereira da Silva (Ciro do Demsur) e a chapa 2 comandado pelo Servidor Antonio Jos\u00e9 Pereira de Oliveira e tem como vice o professor Sandro Areal Carrizo.<\/p>\n<p>Urnas itinerantes est\u00e3o passando nas reparti\u00e7\u00f5es p\u00fablicas de Muria\u00e9 e Regi\u00e3o, como: prefeituras, c\u00e2maras, escolas entre outros, para pegar os votos dos Servidores que s\u00e3o filiados ao Sindicato. O Jornal Folha do Sudeste entrevistou os candidatos na manh\u00e3 de ter\u00e7a-feira.<\/p>\n<p><!--more--><\/p>\n<p>Wanderl\u00e9a &#8211; Chapa 1, disse: &#8220;\u00c9 uma grande satisfa\u00e7\u00e3o, eu sendo funcion\u00e1ria p\u00fablica e filiada ao Sindicato dos Servidores P\u00fablicos de Muria\u00e9 e Regi\u00e3o, concorrer a presid\u00eancia. Temos muitas propostas elaboradas pelos membros da minha chapa e ser\u00e1 com muito orgulho que irei cumprir com meus filiados, caso eu seja eleita&#8221;.<\/p>\n<p><a href=\"http:\/\/folhadosudeste.com\/site\/wp-content\/uploads\/2022\/03\/DSC_0071.jpg\"><img loading=\"lazy\" decoding=\"async\" class=\"alignnone size-full wp-image-80639\" src=\"http:\/\/folhadosudeste.com\/site\/wp-content\/uploads\/2022\/03\/DSC_0071.jpg\" alt=\"\" width=\"2048\" height=\"1356\" srcset=\"https:\/\/folhadosudeste.com\/site\/wp-content\/uploads\/2022\/03\/DSC_0071.jpg 2048w, https:\/\/folhadosudeste.com\/site\/wp-content\/uploads\/2022\/03\/DSC_0071-300x199.jpg 300w, https:\/\/folhadosudeste.com\/site\/wp-content\/uploads\/2022\/03\/DSC_0071-768x509.jpg 768w, https:\/\/folhadosudeste.com\/site\/wp-content\/uploads\/2022\/03\/DSC_0071-1024x678.jpg 1024w, https:\/\/folhadosudeste.com\/site\/wp-content\/uploads\/2022\/03\/DSC_0071-120x80.jpg 120w, https:\/\/folhadosudeste.com\/site\/wp-content\/uploads\/2022\/03\/DSC_0071-590x390.jpg 590w\" sizes=\"auto, (max-width: 2048px) 100vw, 2048px\" \/><\/a><\/p>\n<p>Ant\u00f4nio Jos\u00e9 &#8211; Capa 2. &#8220;Durante a campanha percorremos aos munic\u00edpios que pertencem ao Sindicato, fizemos uma campanha limpa, levamos nossas propostas e esperamos que elas sejam acatadas pelos os nossos colegas servidores. Estamos concorrendo entre dois amigos, somos colegas de trabalho, que ven\u00e7a aquele que os servidores achar que vai fazer um bom trabalho e que tenha as melhores propostas para o bem do nosso sindicato. Quando perguntado sobre o que acha do trabalho realizado pelo o atual presidente Ronaldo Alvarenga, ele respondeu: &#8220;O Ronaldo cumpriu com seus deveres, fez um bom trabalho durante todos esses anos e vai deixar um legado forte pra todos n\u00f3s&#8221;, finalizou.<\/p>\n<p><a href=\"http:\/\/folhadosudeste.com\/site\/wp-content\/uploads\/2022\/03\/DSC_0074.jpg\"><img loading=\"lazy\" decoding=\"async\" class=\"alignnone size-full wp-image-80640\" src=\"http:\/\/folhadosudeste.com\/site\/wp-content\/uploads\/2022\/03\/DSC_0074.jpg\" alt=\"\" width=\"2048\" height=\"1356\" srcset=\"https:\/\/folhadosudeste.com\/site\/wp-content\/uploads\/2022\/03\/DSC_0074.jpg 2048w, https:\/\/folhadosudeste.com\/site\/wp-content\/uploads\/2022\/03\/DSC_0074-300x199.jpg 300w, https:\/\/folhadosudeste.com\/site\/wp-content\/uploads\/2022\/03\/DSC_0074-768x509.jpg 768w, https:\/\/folhadosudeste.com\/site\/wp-content\/uploads\/2022\/03\/DSC_0074-1024x678.jpg 1024w, https:\/\/folhadosudeste.com\/site\/wp-content\/uploads\/2022\/03\/DSC_0074-120x80.jpg 120w, https:\/\/folhadosudeste.com\/site\/wp-content\/uploads\/2022\/03\/DSC_0074-590x390.jpg 590w\" sizes=\"auto, (max-width: 2048px) 100vw, 2048px\" \/><\/a><\/p>\n<p><a href=\"http:\/\/folhadosudeste.com\/site\/wp-content\/uploads\/2022\/03\/DSC_0078.jpg\"><img loading=\"lazy\" decoding=\"async\" class=\"alignnone size-full wp-image-80641\" src=\"http:\/\/folhadosudeste.com\/site\/wp-content\/uploads\/2022\/03\/DSC_0078.jpg\" alt=\"\" width=\"2048\" height=\"1356\" srcset=\"https:\/\/folhadosudeste.com\/site\/wp-content\/uploads\/2022\/03\/DSC_0078.jpg 2048w, https:\/\/folhadosudeste.com\/site\/wp-content\/uploads\/2022\/03\/DSC_0078-300x199.jpg 300w, https:\/\/folhadosudeste.com\/site\/wp-content\/uploads\/2022\/03\/DSC_0078-768x509.jpg 768w, https:\/\/folhadosudeste.com\/site\/wp-content\/uploads\/2022\/03\/DSC_0078-1024x678.jpg 1024w, https:\/\/folhadosudeste.com\/site\/wp-content\/uploads\/2022\/03\/DSC_0078-120x80.jpg 120w, https:\/\/folhadosudeste.com\/site\/wp-content\/uploads\/2022\/03\/DSC_0078-590x390.jpg 590w\" sizes=\"auto, (max-width: 2048px) 100vw, 2048px\" \/><\/a><\/p>\n<p>&nbsp;<\/p>\n<p>&nbsp;<\/p>\n","protected":false},"excerpt":{"rendered":"<p>Come\u00e7ou na manh\u00e3 de ter\u00e7a-feira (8), a Elei\u00e7\u00e3o do Sindicato dos Servidores P\u00fablicos de Muria\u00e9 e Regi\u00e3o e encerra hoje nessa quinta-feira (10). A chapa 1 est\u00e1 sendo encabe\u00e7ada pela a professora Wanderl\u00e9a Cardoso Silva Rodrigues e tem como vice Alcires Sebasti\u00e3o Pereira da Silva (Ciro do Demsur) e a chapa 2 comandado pelo Servidor [&hellip;]<\/p>\n","protected":false},"author":6,"featured_media":0,"comment_status":"open","ping_status":"closed","sticky":false,"template":"","format":"standard","meta":{"_joinchat":[],"footnotes":""},"categories":[1],"tags":[],"class_list":["post-80636","post","type-post","status-publish","format-standard","hentry","category-sem-categoria"],"_links":{"self":[{"href":"https:\/\/folhadosudeste.com\/site\/index.php?rest_route=\/wp\/v2\/posts\/80636","targetHints":{"allow":["GET"]}}],"collection":[{"href":"https:\/\/folhadosudeste.com\/site\/index.php?rest_route=\/wp\/v2\/posts"}],"about":[{"href":"https:\/\/folhadosudeste.com\/site\/index.php?rest_route=\/wp\/v2\/types\/post"}],"author":[{"embeddable":true,"href":"https:\/\/folhadosudeste.com\/site\/index.php?rest_route=\/wp\/v2\/users\/6"}],"replies":[{"embeddable":true,"href":"https:\/\/folhadosudeste.com\/site\/index.php?rest_route=%2Fwp%2Fv2%2Fcomments&post=80636"}],"version-history":[{"count":1,"href":"https:\/\/folhadosudeste.com\/site\/index.php?rest_route=\/wp\/v2\/posts\/80636\/revisions"}],"predecessor-version":[{"id":80642,"href":"https:\/\/folhadosudeste.com\/site\/index.php?rest_route=\/wp\/v2\/posts\/80636\/revisions\/80642"}],"wp:attachment":[{"href":"https:\/\/folhadosudeste.com\/site\/index.php?rest_route=%2Fwp%2Fv2%2Fmedia&parent=80636"}],"wp:term":[{"taxonomy":"category","embeddable":true,"href":"https:\/\/folhadosudeste.com\/site\/index.php?rest_route=%2Fwp%2Fv2%2Fcategories&post=80636"},{"taxonomy":"post_tag","embeddable":true,"href":"https:\/\/folhadosudeste.com\/site\/index.php?rest_route=%2Fwp%2Fv2%2Ftags&post=80636"}],"curies":[{"name":"wp","href":"https:\/\/api.w.org\/{rel}","templated":true}]}}