{"id":80733,"date":"2022-03-14T19:40:24","date_gmt":"2022-03-14T19:40:24","guid":{"rendered":"http:\/\/folhadosudeste.com\/site\/?p=80733"},"modified":"2022-03-14T19:40:24","modified_gmt":"2022-03-14T19:40:24","slug":"ctp-muriae-promove-roda-de-conversa-entre-formandas-e-empreendedoras-da-cidade","status":"publish","type":"post","link":"https:\/\/folhadosudeste.com\/site\/?p=80733","title":{"rendered":"CTP Muria\u00e9 promove roda de conversa entre formandas e empreendedoras da cidade"},"content":{"rendered":"<p><a href=\"http:\/\/folhadosudeste.com\/site\/wp-content\/uploads\/2022\/03\/roda-02.jpeg\"><img loading=\"lazy\" decoding=\"async\" class=\"alignnone size-full wp-image-80734\" src=\"http:\/\/folhadosudeste.com\/site\/wp-content\/uploads\/2022\/03\/roda-02.jpeg\" alt=\"\" width=\"1600\" height=\"900\" srcset=\"https:\/\/folhadosudeste.com\/site\/wp-content\/uploads\/2022\/03\/roda-02.jpeg 1600w, https:\/\/folhadosudeste.com\/site\/wp-content\/uploads\/2022\/03\/roda-02-300x169.jpeg 300w, https:\/\/folhadosudeste.com\/site\/wp-content\/uploads\/2022\/03\/roda-02-768x432.jpeg 768w, https:\/\/folhadosudeste.com\/site\/wp-content\/uploads\/2022\/03\/roda-02-1024x576.jpeg 1024w\" sizes=\"auto, (max-width: 1600px) 100vw, 1600px\" \/><\/a><\/p>\n<div>As 67 formandas dos cursos promovidos pelo Centro de Treinamento Profissional (CTP) de Muria\u00e9 durante a Semana da Mulher participaram, na \u00faltima sexta-feira (11), da Roda de Conversa com a presen\u00e7a de tr\u00eas mulheres empreendedoras da cidade.<\/div>\n<div>&nbsp;<\/div>\n<div>O evento foi parte da cerim\u00f4nia de formatura das alunas e teve as empres\u00e1rias Ildete Corr\u00eaa (com\u00e9rcio varejista), Meire Cristina (confeitaria) e Em\u00edlia Freitas (artesanato) contando suas experi\u00eancias de trabalho. O encontro foi mediado pela consultora do Sebrae Minas, Ludmila Corr\u00eaa.<\/div>\n<div>&nbsp;<\/div>\n<p><!--more--><\/p>\n<div>&nbsp;<\/div>\n<div>Para celebrar o Dia Internacional da Mulher, a Prefeitura de Muria\u00e9 ofereceu, atrav\u00e9s do programa \u201cMinha Vez\u201d, cinco cursos profissionalizantes voltados exclusivamente para o p\u00fablico feminino. As oportunidades foram nas \u00e1reas de sa\u00fade da mulher (parceria com o Senar), confec\u00e7\u00e3o de bonecas, confec\u00e7\u00e3o de bolsas recicl\u00e1veis e marketing digital.<\/div>\n<div>&nbsp;<\/div>\n<div>Na formatura, representaram a Secretaria Municipal de Desenvolvimento Social: a secret\u00e1ria Eveline Amaral, a assessora t\u00e9cnica Poliana Montezano e a coordenadora do programa Acessuas Trabalho, Vanda Matos. A Secretaria de Desenvolvimento Econ\u00f4mico, por sua vez, foi representada pela assessora Leandra Bastos e pelo coordenador do CTP, Caic Henriques.<\/div>\n<div>&nbsp;<\/div>\n<div>O CTP \u2013 O Centro de Treinamento Profissional de Muria\u00e9 \u00e9 a institui\u00e7\u00e3o respons\u00e1vel pelos cursos profissionalizantes realizados atrav\u00e9s do programa \u201cMinha Vez\u201d \u2013 iniciativa que tem o objetivo capacitar os muriaeenses para o mercado de trabalho em diferentes \u00e1reas de atua\u00e7\u00e3o.<\/div>\n<div>&nbsp;<\/div>\n<div>A unidade funciona na rua Itagiba de Oliveira, 410, na Barra, pr\u00f3ximo \u00e0 pra\u00e7a atr\u00e1s da UPA (junto do antigo Centro Dom Delfim, atual CRAS Barra). Todos os cursos oferecidos no local s\u00e3o totalmente gratuitos.<\/div>\n<div>&nbsp;<\/div>\n<div><a href=\"http:\/\/folhadosudeste.com\/site\/wp-content\/uploads\/2022\/03\/roda-01.jpeg\"><img loading=\"lazy\" decoding=\"async\" class=\"alignnone size-full wp-image-80735\" src=\"http:\/\/folhadosudeste.com\/site\/wp-content\/uploads\/2022\/03\/roda-01.jpeg\" alt=\"\" width=\"1600\" height=\"900\" srcset=\"https:\/\/folhadosudeste.com\/site\/wp-content\/uploads\/2022\/03\/roda-01.jpeg 1600w, https:\/\/folhadosudeste.com\/site\/wp-content\/uploads\/2022\/03\/roda-01-300x169.jpeg 300w, https:\/\/folhadosudeste.com\/site\/wp-content\/uploads\/2022\/03\/roda-01-768x432.jpeg 768w, https:\/\/folhadosudeste.com\/site\/wp-content\/uploads\/2022\/03\/roda-01-1024x576.jpeg 1024w\" sizes=\"auto, (max-width: 1600px) 100vw, 1600px\" \/><\/a> <a href=\"http:\/\/folhadosudeste.com\/site\/wp-content\/uploads\/2022\/03\/roda-03.jpeg\"><img loading=\"lazy\" decoding=\"async\" class=\"alignnone size-full wp-image-80736\" src=\"http:\/\/folhadosudeste.com\/site\/wp-content\/uploads\/2022\/03\/roda-03.jpeg\" alt=\"\" width=\"1600\" height=\"900\" srcset=\"https:\/\/folhadosudeste.com\/site\/wp-content\/uploads\/2022\/03\/roda-03.jpeg 1600w, https:\/\/folhadosudeste.com\/site\/wp-content\/uploads\/2022\/03\/roda-03-300x169.jpeg 300w, https:\/\/folhadosudeste.com\/site\/wp-content\/uploads\/2022\/03\/roda-03-768x432.jpeg 768w, https:\/\/folhadosudeste.com\/site\/wp-content\/uploads\/2022\/03\/roda-03-1024x576.jpeg 1024w\" sizes=\"auto, (max-width: 1600px) 100vw, 1600px\" \/><\/a><\/div>\n","protected":false},"excerpt":{"rendered":"<p>As 67 formandas dos cursos promovidos pelo Centro de Treinamento Profissional (CTP) de Muria\u00e9 durante a Semana da Mulher participaram, na \u00faltima sexta-feira (11), da Roda de Conversa com a presen\u00e7a de tr\u00eas mulheres empreendedoras da cidade. &nbsp; O evento foi parte da cerim\u00f4nia de formatura das alunas e teve as empres\u00e1rias Ildete Corr\u00eaa (com\u00e9rcio [&hellip;]<\/p>\n","protected":false},"author":6,"featured_media":0,"comment_status":"open","ping_status":"closed","sticky":false,"template":"","format":"standard","meta":{"_joinchat":[],"footnotes":""},"categories":[1],"tags":[],"class_list":["post-80733","post","type-post","status-publish","format-standard","hentry","category-sem-categoria"],"_links":{"self":[{"href":"https:\/\/folhadosudeste.com\/site\/index.php?rest_route=\/wp\/v2\/posts\/80733","targetHints":{"allow":["GET"]}}],"collection":[{"href":"https:\/\/folhadosudeste.com\/site\/index.php?rest_route=\/wp\/v2\/posts"}],"about":[{"href":"https:\/\/folhadosudeste.com\/site\/index.php?rest_route=\/wp\/v2\/types\/post"}],"author":[{"embeddable":true,"href":"https:\/\/folhadosudeste.com\/site\/index.php?rest_route=\/wp\/v2\/users\/6"}],"replies":[{"embeddable":true,"href":"https:\/\/folhadosudeste.com\/site\/index.php?rest_route=%2Fwp%2Fv2%2Fcomments&post=80733"}],"version-history":[{"count":1,"href":"https:\/\/folhadosudeste.com\/site\/index.php?rest_route=\/wp\/v2\/posts\/80733\/revisions"}],"predecessor-version":[{"id":80737,"href":"https:\/\/folhadosudeste.com\/site\/index.php?rest_route=\/wp\/v2\/posts\/80733\/revisions\/80737"}],"wp:attachment":[{"href":"https:\/\/folhadosudeste.com\/site\/index.php?rest_route=%2Fwp%2Fv2%2Fmedia&parent=80733"}],"wp:term":[{"taxonomy":"category","embeddable":true,"href":"https:\/\/folhadosudeste.com\/site\/index.php?rest_route=%2Fwp%2Fv2%2Fcategories&post=80733"},{"taxonomy":"post_tag","embeddable":true,"href":"https:\/\/folhadosudeste.com\/site\/index.php?rest_route=%2Fwp%2Fv2%2Ftags&post=80733"}],"curies":[{"name":"wp","href":"https:\/\/api.w.org\/{rel}","templated":true}]}}