{"id":80804,"date":"2022-03-28T23:24:12","date_gmt":"2022-03-28T23:24:12","guid":{"rendered":"http:\/\/folhadosudeste.com\/site\/?p=80804"},"modified":"2022-03-28T23:24:12","modified_gmt":"2022-03-28T23:24:12","slug":"sessao-ordinaria-2","status":"publish","type":"post","link":"https:\/\/folhadosudeste.com\/site\/?p=80804","title":{"rendered":"Sess\u00e3o ordin\u00e1ria"},"content":{"rendered":"<p><a href=\"http:\/\/folhadosudeste.com\/site\/wp-content\/uploads\/2022\/03\/D1E3BCD7-E0C9-4DC3-805C-B0BCE1B904FF.jpeg\"><img loading=\"lazy\" decoding=\"async\" class=\"alignnone size-full wp-image-80805\" src=\"http:\/\/folhadosudeste.com\/site\/wp-content\/uploads\/2022\/03\/D1E3BCD7-E0C9-4DC3-805C-B0BCE1B904FF.jpeg\" alt=\"\" width=\"720\" height=\"1280\" srcset=\"https:\/\/folhadosudeste.com\/site\/wp-content\/uploads\/2022\/03\/D1E3BCD7-E0C9-4DC3-805C-B0BCE1B904FF.jpeg 720w, https:\/\/folhadosudeste.com\/site\/wp-content\/uploads\/2022\/03\/D1E3BCD7-E0C9-4DC3-805C-B0BCE1B904FF-169x300.jpeg 169w, https:\/\/folhadosudeste.com\/site\/wp-content\/uploads\/2022\/03\/D1E3BCD7-E0C9-4DC3-805C-B0BCE1B904FF-576x1024.jpeg 576w\" sizes=\"auto, (max-width: 720px) 100vw, 720px\" \/><\/a><\/p>\n<p>Por delibera\u00e7\u00e3o do presidente do Poder Legislativo Municipal de Muria\u00e9\/MG, Vereador Ciso (PL), ser\u00e3o colocados em pauta na sess\u00e3o ordin\u00e1ria desta ter\u00e7a-feira, dia 29 de mar\u00e7o de 2022, os seguintes projetos de lei:<\/p>\n<p>Primeira, segunda e terceira vota\u00e7\u00e3o:<br \/>\n&#8211; Projeto de Lei N\u00ba 41\/2022<br \/>\nAutoria: Vereador Delegado Rangel (PSB)<br \/>\nD\u00e1 denomina\u00e7\u00e3o a Logradouro P\u00fablico de Rua Jos\u00e9 Ant\u00f4nio de Freitas, \u00e0 Rua Projetada, localizado no bairro Ch\u00e1cara Brum.<\/p>\n<p>&#8211; Projeto de Lei N\u00ba 44\/2022 e Projeto de Lei N\u00ba 49\/2022<br \/>\nAutorias: Executivo<br \/>\nO PL 44\/2022 autoriza o Chefe do Poder Executivo Municipal a remanejar, nos termos do art. 167, VI, da Constitui\u00e7\u00e3o Federal de 1988, dota\u00e7\u00f5es do Or\u00e7amento vigente da Prefeitura para a Fundarte, no valor total de R$ 36.000,00 (trinta e seis mil reais). O recurso ser\u00e1 utilizado no apoio e realiza\u00e7\u00e3o de atividade de Incentivo ao Turismo, no caso espec\u00edfico, a XI Expo Brasileira Cavalo Campolina Muria\u00e9. O N\u00facleo de criadores de cavalo Campolina da Zona da Mata Mineira tem por objetivo promover a Exposi\u00e7\u00e3o nacional da \u201ccategoria\u201d com o objetivo de fomentar o turismo no munic\u00edpio, gerar renda para o com\u00e9rcio e atrair mais criadores da ra\u00e7a com a promo\u00e7\u00e3o de cursos, copas de marcha, dentre outras atividades.<br \/>\nJ\u00e1 o PL 49\/2022 autoriza o Poder Executivo Municipal, atrav\u00e9s da FUNDARTE \u2013 Funda\u00e7\u00e3o de Cultura e Arte de Muria\u00e9, a firmar conv\u00eanio com o N\u00facleo dos Criadores de Cavalo Campolina da Zona da Mata Mineira e Adjac\u00eancias, para transfer\u00eancia de recursos financeiros da ordem de R$ 36.000,00 (trinta e seis mil reais), como ajuda de custeio para a realiza\u00e7\u00e3o da XI Exposi\u00e7\u00e3o Brasileira do Cavalo Campolina, previsto para ser realizada entre os dias 22 e 27 de mar\u00e7o de 2022, no Parque de Exposi\u00e7\u00f5es Lael Varella.<\/p>\n<p><!--more--><br \/>\n&#8211; Projeto de Lei N\u00ba 51\/2022<br \/>\nAutoria: Afonso da Sa\u00fade (PTB)<br \/>\nRevoga a Lei 6.320\/2022 que denomina a Rua Ana Isabel Demarque de Souza Macedo, no Condom\u00ednio Garden Village, no bairro Jo\u00e3o XXIII, passando a ficar denominado e oficializado, portanto, como logradouro p\u00fablico Rua Dr. Newton Freitas Silva de Resende.<\/p>\n<p>&#8211; Projeto de Lei N\u00ba 52\/2022<br \/>\nAutoria: Executivo<br \/>\n-Autoriza o Chefe do Poder Executivo Municipal a proceder, por ato pr\u00f3prio, \u00e0 abertura de Cr\u00e9dito Adicional Especial, conforme art. 41, inciso II, da Lei n\u00ba 4.320\/64, na import\u00e2ncia de R$ 624.087,56 (seiscentos e vinte e quatro mil, oitenta e sete reais e cinquenta e seis centavos). Destes recursos, R$ 600 mil v\u00e3o para a educa\u00e7\u00e3o e R$ 24.087,56 para a sa\u00fade.<br \/>\nSegundo o Executivo, a suplementa\u00e7\u00e3o torna-se uma necessidade a fim de consignar no or\u00e7amento v\u00e1rios projetos\/atividades que foram devidamente autorizados por diversas resolu\u00e7\u00f5es e portarias, estaduais e federais, no incremento de recursos que auxiliar\u00e3o \u00e0 Secretaria de Sa\u00fade no fiel cumprimento de seus deveres.<br \/>\nE informa tamb\u00e9m que a Secretaria de Educa\u00e7\u00e3o solicita a inclus\u00e3o da conta econ\u00f4mica 3190.94.00 &#8211; \u201cIndeniza\u00e7\u00f5es e Restitui\u00e7\u00f5es Trabalhistas\u201d para o ajuste do pagamento de sua folha. Essa conta econ\u00f4mica compreende despesas or\u00e7ament\u00e1rias resultantes do pagamento efetuado a servidores p\u00fablicos civis e empregados de entidades integrantes da administra\u00e7\u00e3o p\u00fablica, inclusive f\u00e9rias e aviso pr\u00e9vio, multas e contribui\u00e7\u00f5es, incidentes sobre os dep\u00f3sitos do Fundo de Garantia por Tempo de Servi\u00e7o.<\/p>\n<p>&#8211; Projeto de Lei N\u00ba 53\/2022<br \/>\nAutoria: Executivo<br \/>\nAutoriza o Chefe do Poder Executivo Municipal a proceder, por ato pr\u00f3prio, \u00e0 abertura de Cr\u00e9dito Adicional Suplementar, conforme art. 41, inciso I, da Lei n\u00ba 4.320\/64, na import\u00e2ncia de R$ 1.314.766,96 (um milh\u00e3o, trezentos e quatorze mil, setecentos e sessenta e seis reais e noventa e seis centavos). Estes cr\u00e9ditos estariam dilu\u00eddos em v\u00e1rias a\u00e7\u00f5es e \u00e1reas da Administra\u00e7\u00e3o Municipal, tais como:<br \/>\n&#8211; Administra\u00e7\u00e3o R$ 65.000,00<br \/>\n&#8211; Sa\u00fade R$ 561.588,96<br \/>\n&#8211; Procuradoria Geral do Munic\u00edpio R$ 390.000,00<br \/>\n&#8211; Educa\u00e7\u00e3o R$ 283.178,00<br \/>\n&#8211; Desenvolvimento Social R4 15.000,00<br \/>\nSegundo o Executivo, a suplementa\u00e7\u00e3o torna-se uma necessidade a fim de equacionar eventuais recursos or\u00e7ament\u00e1rios que n\u00e3o foram devidamente ajustados no or\u00e7amento em voga, tanto quanto para adequa\u00e7\u00e3o de contas econ\u00f4micas no rol de orienta\u00e7\u00e3o do Manual T\u00e9cnico do Or\u00e7amento.<br \/>\nObs.: Pauta sujeita a altera\u00e7\u00e3o!<br \/>\nOs PL\u2019s podem ser conferidos na \u00edntegra acessando o site da C\u00e2mara: www.camaramuriae.mg.gov.br, link \u201cSAPL\u201d, aba \u201cMat\u00e9rias Legislativas\u201d, op\u00e7\u00e3o \u201cProjeto de Lei\u201d, clicar em \u201cPesquisar\u201d.<br \/>\nA sess\u00e3o \u00e9 sempre transmitida ao vivo pelo canal oficial do Poder Legislativo Municipal a partir das 18h30min pelo link: YouTube\/camaramunicipaldemuriae<\/p>\n","protected":false},"excerpt":{"rendered":"<p>Por delibera\u00e7\u00e3o do presidente do Poder Legislativo Municipal de Muria\u00e9\/MG, Vereador Ciso (PL), ser\u00e3o colocados em pauta na sess\u00e3o ordin\u00e1ria desta ter\u00e7a-feira, dia 29 de mar\u00e7o de 2022, os seguintes projetos de lei: Primeira, segunda e terceira vota\u00e7\u00e3o: &#8211; Projeto de Lei N\u00ba 41\/2022 Autoria: Vereador Delegado Rangel (PSB) D\u00e1 denomina\u00e7\u00e3o a Logradouro P\u00fablico de [&hellip;]<\/p>\n","protected":false},"author":6,"featured_media":0,"comment_status":"open","ping_status":"closed","sticky":false,"template":"","format":"standard","meta":{"_joinchat":[],"footnotes":""},"categories":[1],"tags":[],"class_list":["post-80804","post","type-post","status-publish","format-standard","hentry","category-sem-categoria"],"_links":{"self":[{"href":"https:\/\/folhadosudeste.com\/site\/index.php?rest_route=\/wp\/v2\/posts\/80804","targetHints":{"allow":["GET"]}}],"collection":[{"href":"https:\/\/folhadosudeste.com\/site\/index.php?rest_route=\/wp\/v2\/posts"}],"about":[{"href":"https:\/\/folhadosudeste.com\/site\/index.php?rest_route=\/wp\/v2\/types\/post"}],"author":[{"embeddable":true,"href":"https:\/\/folhadosudeste.com\/site\/index.php?rest_route=\/wp\/v2\/users\/6"}],"replies":[{"embeddable":true,"href":"https:\/\/folhadosudeste.com\/site\/index.php?rest_route=%2Fwp%2Fv2%2Fcomments&post=80804"}],"version-history":[{"count":1,"href":"https:\/\/folhadosudeste.com\/site\/index.php?rest_route=\/wp\/v2\/posts\/80804\/revisions"}],"predecessor-version":[{"id":80806,"href":"https:\/\/folhadosudeste.com\/site\/index.php?rest_route=\/wp\/v2\/posts\/80804\/revisions\/80806"}],"wp:attachment":[{"href":"https:\/\/folhadosudeste.com\/site\/index.php?rest_route=%2Fwp%2Fv2%2Fmedia&parent=80804"}],"wp:term":[{"taxonomy":"category","embeddable":true,"href":"https:\/\/folhadosudeste.com\/site\/index.php?rest_route=%2Fwp%2Fv2%2Fcategories&post=80804"},{"taxonomy":"post_tag","embeddable":true,"href":"https:\/\/folhadosudeste.com\/site\/index.php?rest_route=%2Fwp%2Fv2%2Ftags&post=80804"}],"curies":[{"name":"wp","href":"https:\/\/api.w.org\/{rel}","templated":true}]}}