{"id":80859,"date":"2022-03-29T17:54:35","date_gmt":"2022-03-29T17:54:35","guid":{"rendered":"http:\/\/folhadosudeste.com\/site\/?p=80859"},"modified":"2022-03-29T19:12:00","modified_gmt":"2022-03-29T19:12:00","slug":"dia-da-consciencia-negra-e-comemorado-com-evento-rainhas-negras","status":"publish","type":"post","link":"https:\/\/folhadosudeste.com\/site\/?p=80859","title":{"rendered":"Dia da Consci\u00eancia Negra \u00e9 comemorado com evento \u2018Rainhas Negras\u2019"},"content":{"rendered":"<p align=\"justify\"><a href=\"http:\/\/folhadosudeste.com\/site\/wp-content\/uploads\/2022\/03\/BF2C4D20-72B8-4715-B696-1A4AB737B5F1.jpeg\"><img loading=\"lazy\" decoding=\"async\" class=\"size-full wp-image-80860 aligncenter\" src=\"http:\/\/folhadosudeste.com\/site\/wp-content\/uploads\/2022\/03\/BF2C4D20-72B8-4715-B696-1A4AB737B5F1.jpeg\" alt=\"\" width=\"120\" height=\"80\"><\/a><\/p>\n<p align=\"justify\">O projeto \u2018Africanize\u2019, criado por meio do setor de Juventude da Fundarte, realizou pelo segundo ano consecutivo a festividade \u2018Rainhas Negras\u2019 em comemora\u00e7\u00e3o ao Dia da Consci\u00eancia Negra. O evento realizado no Cristo Redentor teve o objetivo de unir as lideran\u00e7as do movimento, assim como envolver as religi\u00f5es relacionadas as causas negras.<\/p>\n<p align=\"justify\">O Africanize homenageou oito mulheres negras que fazem voluntariamente projetos sociais nos locais que residem. Houve desfiles, capoeira, dan\u00e7a, e m\u00fasica, al\u00e9m da elei\u00e7\u00e3o da \u2018Rainha Negra\u2019.<\/p>\n<p align=\"justify\">As condecoradas foram Viviane Ara\u00fajo (projeto \u00c2ncora do bairro Santana), Maria das Gra\u00e7as (Preta) &#8211; l\u00edder da folia de Reis Anjo Gabriel; Cristiane Souza(Tina) &#8211; presidente da Associa\u00e7\u00e3o Cultural (Ascult), criada nos bairros Padre Tiago e Vale Verde; Maria Aparecida da Silva (Cidinha), realizadora do projeto En\u00e9sio; Munik Helena (presidente da Associa\u00e7\u00e3o de Moradores do Gaspar).<\/p>\n<p align=\"justify\"><!--more--><br \/>\nTamb\u00e9m representaram os movimentos municipais a professora de Libras, Rosane Silva, que desenvolve um papel de inclus\u00e3o social; Shirley Melo &#8211; criadora do grupo \u2018For\u00e7a da Ra\u00e7a\u2019 e \u2018Quadrilha do bairro Santa Terezinha e Tha\u00eds de Jesus, do grupo art\u00edstico \u2018Dion\u00edsia Urbana\u2019, que desenvolve pe\u00e7as de teatro em prol das causas negras.<\/p>\n<p align=\"justify\">O evento contou com apresenta\u00e7\u00f5es art\u00edsticas de v\u00e1rios seguimentos: poema \u2018Slam\u2019 com Fef\u00ea Martinez; Grupo Ra\u00e7a Mix, com Walbert Luiz; Capoeira FICAG &#8211; Funda\u00e7\u00e3o Internacional Artes da Gerais com mestre Babinha; Grupo For\u00e7a da Ra\u00e7a com Shirley Melo e, ainda, um espet\u00e1culo musical com Val\u00e9ria Black e o produtor \u2018Panda\u2019.<\/p>\n<p align=\"justify\">As homenageadas receberam pe\u00e7as artesanais da artista K\u00e9ia Paulo que produziu estatuetas que representam o cotidiano de trabalhadores escravos do in\u00edcio do s\u00e9culo XVII.<\/p>\n<p align=\"justify\">As atividades foram coordenadas por Fef\u00ea Martinez e Jhonatan Fragoso, com apoio do setor de Juventude, Evandro Silva.<\/p>\n<p align=\"justify\">Finalizando o ciclo de apresenta\u00e7\u00f5es, houve o desfile das representantes da ra\u00e7a negra. Elas desfilaram por uma passarela de bambus e folhas secas representando a fuga dos escravos para os quilombos.<\/p>\n<p align=\"justify\">&nbsp;<\/p>\n<p align=\"justify\"><a href=\"http:\/\/folhadosudeste.com\/site\/wp-content\/uploads\/2022\/03\/0BB5A0DA-E805-4F14-B85D-32922BED8143.jpeg\"><img loading=\"lazy\" decoding=\"async\" class=\"alignnone size-full wp-image-80861\" src=\"http:\/\/folhadosudeste.com\/site\/wp-content\/uploads\/2022\/03\/0BB5A0DA-E805-4F14-B85D-32922BED8143.jpeg\" alt=\"\" width=\"120\" height=\"74\"><\/a> <a href=\"http:\/\/folhadosudeste.com\/site\/wp-content\/uploads\/2022\/03\/150618FA-418E-4459-AC11-02C7AFDC4A28.jpeg\"><img loading=\"lazy\" decoding=\"async\" class=\"alignnone size-full wp-image-80862\" src=\"http:\/\/folhadosudeste.com\/site\/wp-content\/uploads\/2022\/03\/150618FA-418E-4459-AC11-02C7AFDC4A28.jpeg\" alt=\"\" width=\"120\" height=\"90\"><\/a><\/p>\n","protected":false},"excerpt":{"rendered":"<p>O projeto \u2018Africanize\u2019, criado por meio do setor de Juventude da Fundarte, realizou pelo segundo ano consecutivo a festividade \u2018Rainhas Negras\u2019 em comemora\u00e7\u00e3o ao Dia da Consci\u00eancia Negra. O evento realizado no Cristo Redentor teve o objetivo de unir as lideran\u00e7as do movimento, assim como envolver as religi\u00f5es relacionadas as causas negras. O Africanize homenageou [&hellip;]<\/p>\n","protected":false},"author":6,"featured_media":0,"comment_status":"open","ping_status":"closed","sticky":false,"template":"","format":"standard","meta":{"_joinchat":[],"footnotes":""},"categories":[1],"tags":[],"class_list":["post-80859","post","type-post","status-publish","format-standard","hentry","category-sem-categoria"],"_links":{"self":[{"href":"https:\/\/folhadosudeste.com\/site\/index.php?rest_route=\/wp\/v2\/posts\/80859","targetHints":{"allow":["GET"]}}],"collection":[{"href":"https:\/\/folhadosudeste.com\/site\/index.php?rest_route=\/wp\/v2\/posts"}],"about":[{"href":"https:\/\/folhadosudeste.com\/site\/index.php?rest_route=\/wp\/v2\/types\/post"}],"author":[{"embeddable":true,"href":"https:\/\/folhadosudeste.com\/site\/index.php?rest_route=\/wp\/v2\/users\/6"}],"replies":[{"embeddable":true,"href":"https:\/\/folhadosudeste.com\/site\/index.php?rest_route=%2Fwp%2Fv2%2Fcomments&post=80859"}],"version-history":[{"count":3,"href":"https:\/\/folhadosudeste.com\/site\/index.php?rest_route=\/wp\/v2\/posts\/80859\/revisions"}],"predecessor-version":[{"id":80865,"href":"https:\/\/folhadosudeste.com\/site\/index.php?rest_route=\/wp\/v2\/posts\/80859\/revisions\/80865"}],"wp:attachment":[{"href":"https:\/\/folhadosudeste.com\/site\/index.php?rest_route=%2Fwp%2Fv2%2Fmedia&parent=80859"}],"wp:term":[{"taxonomy":"category","embeddable":true,"href":"https:\/\/folhadosudeste.com\/site\/index.php?rest_route=%2Fwp%2Fv2%2Fcategories&post=80859"},{"taxonomy":"post_tag","embeddable":true,"href":"https:\/\/folhadosudeste.com\/site\/index.php?rest_route=%2Fwp%2Fv2%2Ftags&post=80859"}],"curies":[{"name":"wp","href":"https:\/\/api.w.org\/{rel}","templated":true}]}}