{"id":80866,"date":"2022-03-30T18:20:59","date_gmt":"2022-03-30T18:20:59","guid":{"rendered":"http:\/\/folhadosudeste.com\/site\/?p=80866"},"modified":"2022-03-30T18:20:59","modified_gmt":"2022-03-30T18:20:59","slug":"teatro-belmira-villas-boas-reabre-portas-e-apresenta-peca-morada","status":"publish","type":"post","link":"https:\/\/folhadosudeste.com\/site\/?p=80866","title":{"rendered":"Teatro Belmira Villas Boas reabre portas e apresenta pe\u00e7a \u2018Morada\u2019"},"content":{"rendered":"<p align=\"left\"><a href=\"http:\/\/folhadosudeste.com\/site\/wp-content\/uploads\/2022\/03\/BE28C8C6-C121-4B84-B282-BEF4FA9AD63B.jpeg\"><img loading=\"lazy\" decoding=\"async\" class=\"alignnone size-full wp-image-80867\" src=\"http:\/\/folhadosudeste.com\/site\/wp-content\/uploads\/2022\/03\/BE28C8C6-C121-4B84-B282-BEF4FA9AD63B.jpeg\" alt=\"\" width=\"2048\" height=\"1536\" srcset=\"https:\/\/folhadosudeste.com\/site\/wp-content\/uploads\/2022\/03\/BE28C8C6-C121-4B84-B282-BEF4FA9AD63B.jpeg 2048w, https:\/\/folhadosudeste.com\/site\/wp-content\/uploads\/2022\/03\/BE28C8C6-C121-4B84-B282-BEF4FA9AD63B-300x225.jpeg 300w, https:\/\/folhadosudeste.com\/site\/wp-content\/uploads\/2022\/03\/BE28C8C6-C121-4B84-B282-BEF4FA9AD63B-768x576.jpeg 768w, https:\/\/folhadosudeste.com\/site\/wp-content\/uploads\/2022\/03\/BE28C8C6-C121-4B84-B282-BEF4FA9AD63B-1024x768.jpeg 1024w\" sizes=\"auto, (max-width: 2048px) 100vw, 2048px\" \/><\/a><\/p>\n<p align=\"justify\"><span style=\"font-family: Arial, sans-serif;\"><span>O espa\u00e7o cultural, Teatro Belmira Villas Boas, ser\u00e1 reaberto s\u00e1bado, 2 de abril, com apresenta\u00e7\u00e3o da pe\u00e7a \u2018Morada\u2019, do grupo \u2018Afoita\u2019, de S\u00e3o Jo\u00e3o del Rei. A reinaugura\u00e7\u00e3o acontecer\u00e1 \u00e0s 18h e a apresenta\u00e7\u00e3o teatral aberta ao p\u00fablico, \u00e0s 20h.<\/span><\/span><\/p>\n<p align=\"left\">Os ingressos poder\u00e3o ser adquiridos a partir desta quinta-feira, de 8 \u00e0s 17h, na bilheteria do teatro, localizado na Avenida Coronel Domiciano, 13, no Centro. As entradas para adultos ser\u00e3o no valor de R$ 30 e, jovens, com carteira de estudante, ou pessoas da terceira idade, pagar\u00e3o apenas R$15. Ser\u00e1 imprescind\u00edvel usar a m\u00e1scara no local.<\/p>\n<p align=\"justify\">A apresenta\u00e7\u00e3o da pe\u00e7a \u2018Morada\u2019 buscar\u00e1 despertar a empatia no espectador logo no come\u00e7o, quando, dentro de um c\u00f4modo com m\u00fasica sendo executada ao vivo e, em conson\u00e2ncia com o momento, os atores elegem interlocutores na plateia e travam um di\u00e1logo direto com o p\u00fablico.<\/p>\n<p align=\"justify\">A Funda\u00e7\u00e3o de Cultura e Artes realizou uma completa reforma no ambiente que estava praticamente sem condi\u00e7\u00f5es de uso. Por isso, a reabertura com evento para marcar a nova fase do teatro que possui a melhor \u2018boca de cena\u2019 e \u2018ac\u00fastica\u2019 da regi\u00e3o.<\/p>\n<p align=\"justify\"><!--more--><\/p>\n<p align=\"justify\">A diretora da Fundarte, Gilca Napier, explica sobre as restaura\u00e7\u00f5es e convida para esta nova fase do Belmira. \u201cReestruturamos o local com novas portas, novos estofamentos de cadeiras, teto, palco, varas cenot\u00e9cnica entre outras coisas. Reabriremos, neste s\u00e1bado, mais cedo, para produtores culturais, artistas e representantes de artes c\u00eanicas. \u00c1s 20 horas, as portas estar\u00e3o abertas para os muriaeenses e o p\u00fablico em geral. Ser\u00e1 uma pe\u00e7a recheada de cor, luz e som, trazida com muito carinho para reacender as nossas veias culturais que ficaram adormecidas durante a pandemia\u201d, disse ela.<\/p>\n<p align=\"justify\"><b>Sobre o espet\u00e1culo \u2018Morada\u2019<\/b><\/p>\n<p align=\"left\">O contexto coloca a fam\u00edlia como um microcosmo de uma sociedade que reflete as mudan\u00e7as da estrutura social ao longo do tempo. Esta \u00e9 a grande quest\u00e3o trazida pelo espet\u00e1culo Morada: a urg\u00eancia de se repensar a ideia de estrutura familiar, posto que a defini\u00e7\u00e3o de fam\u00edlia tradicional \u2013 no arranjo formado por um pai, uma m\u00e3e e seus respectivos filhos \u2013 n\u00e3o compreende a realidade e a multiplicidade da nossa sociedade. O que o espet\u00e1culo prop\u00f5e \u00e9 a liberdade de se pensar outras configura\u00e7\u00f5es para a composi\u00e7\u00e3o familiar.<\/p>\n<p align=\"left\"><a href=\"http:\/\/folhadosudeste.com\/site\/wp-content\/uploads\/2022\/03\/0628AF78-6E2B-4130-B288-EE4893ED650A.jpeg\"><img loading=\"lazy\" decoding=\"async\" class=\"alignnone size-full wp-image-80868\" src=\"http:\/\/folhadosudeste.com\/site\/wp-content\/uploads\/2022\/03\/0628AF78-6E2B-4130-B288-EE4893ED650A.jpeg\" alt=\"\" width=\"2048\" height=\"1561\" srcset=\"https:\/\/folhadosudeste.com\/site\/wp-content\/uploads\/2022\/03\/0628AF78-6E2B-4130-B288-EE4893ED650A.jpeg 2048w, https:\/\/folhadosudeste.com\/site\/wp-content\/uploads\/2022\/03\/0628AF78-6E2B-4130-B288-EE4893ED650A-300x229.jpeg 300w, https:\/\/folhadosudeste.com\/site\/wp-content\/uploads\/2022\/03\/0628AF78-6E2B-4130-B288-EE4893ED650A-768x585.jpeg 768w, https:\/\/folhadosudeste.com\/site\/wp-content\/uploads\/2022\/03\/0628AF78-6E2B-4130-B288-EE4893ED650A-1024x781.jpeg 1024w\" sizes=\"auto, (max-width: 2048px) 100vw, 2048px\" \/><\/a> <a href=\"http:\/\/folhadosudeste.com\/site\/wp-content\/uploads\/2022\/03\/620AE17E-8A86-40AB-8E98-F45EA234DFF8.jpeg\"><img loading=\"lazy\" decoding=\"async\" class=\"alignnone size-full wp-image-80869\" src=\"http:\/\/folhadosudeste.com\/site\/wp-content\/uploads\/2022\/03\/620AE17E-8A86-40AB-8E98-F45EA234DFF8.jpeg\" alt=\"\" width=\"1024\" height=\"682\" srcset=\"https:\/\/folhadosudeste.com\/site\/wp-content\/uploads\/2022\/03\/620AE17E-8A86-40AB-8E98-F45EA234DFF8.jpeg 1024w, https:\/\/folhadosudeste.com\/site\/wp-content\/uploads\/2022\/03\/620AE17E-8A86-40AB-8E98-F45EA234DFF8-300x200.jpeg 300w, https:\/\/folhadosudeste.com\/site\/wp-content\/uploads\/2022\/03\/620AE17E-8A86-40AB-8E98-F45EA234DFF8-768x512.jpeg 768w, https:\/\/folhadosudeste.com\/site\/wp-content\/uploads\/2022\/03\/620AE17E-8A86-40AB-8E98-F45EA234DFF8-120x80.jpeg 120w, https:\/\/folhadosudeste.com\/site\/wp-content\/uploads\/2022\/03\/620AE17E-8A86-40AB-8E98-F45EA234DFF8-345x230.jpeg 345w\" sizes=\"auto, (max-width: 1024px) 100vw, 1024px\" \/><\/a> <a href=\"http:\/\/folhadosudeste.com\/site\/wp-content\/uploads\/2022\/03\/C7535F71-C609-4A69-8634-E6BDEBB72C59.jpeg\"><img loading=\"lazy\" decoding=\"async\" class=\"alignnone size-full wp-image-80870\" src=\"http:\/\/folhadosudeste.com\/site\/wp-content\/uploads\/2022\/03\/C7535F71-C609-4A69-8634-E6BDEBB72C59.jpeg\" alt=\"\" width=\"2048\" height=\"1536\" srcset=\"https:\/\/folhadosudeste.com\/site\/wp-content\/uploads\/2022\/03\/C7535F71-C609-4A69-8634-E6BDEBB72C59.jpeg 2048w, https:\/\/folhadosudeste.com\/site\/wp-content\/uploads\/2022\/03\/C7535F71-C609-4A69-8634-E6BDEBB72C59-300x225.jpeg 300w, https:\/\/folhadosudeste.com\/site\/wp-content\/uploads\/2022\/03\/C7535F71-C609-4A69-8634-E6BDEBB72C59-768x576.jpeg 768w, https:\/\/folhadosudeste.com\/site\/wp-content\/uploads\/2022\/03\/C7535F71-C609-4A69-8634-E6BDEBB72C59-1024x768.jpeg 1024w\" sizes=\"auto, (max-width: 2048px) 100vw, 2048px\" \/><\/a><\/p>\n","protected":false},"excerpt":{"rendered":"<p>O espa\u00e7o cultural, Teatro Belmira Villas Boas, ser\u00e1 reaberto s\u00e1bado, 2 de abril, com apresenta\u00e7\u00e3o da pe\u00e7a \u2018Morada\u2019, do grupo \u2018Afoita\u2019, de S\u00e3o Jo\u00e3o del Rei. A reinaugura\u00e7\u00e3o acontecer\u00e1 \u00e0s 18h e a apresenta\u00e7\u00e3o teatral aberta ao p\u00fablico, \u00e0s 20h. Os ingressos poder\u00e3o ser adquiridos a partir desta quinta-feira, de 8 \u00e0s 17h, na bilheteria [&hellip;]<\/p>\n","protected":false},"author":6,"featured_media":0,"comment_status":"open","ping_status":"closed","sticky":false,"template":"","format":"standard","meta":{"_joinchat":[],"footnotes":""},"categories":[1],"tags":[],"class_list":["post-80866","post","type-post","status-publish","format-standard","hentry","category-sem-categoria"],"_links":{"self":[{"href":"https:\/\/folhadosudeste.com\/site\/index.php?rest_route=\/wp\/v2\/posts\/80866","targetHints":{"allow":["GET"]}}],"collection":[{"href":"https:\/\/folhadosudeste.com\/site\/index.php?rest_route=\/wp\/v2\/posts"}],"about":[{"href":"https:\/\/folhadosudeste.com\/site\/index.php?rest_route=\/wp\/v2\/types\/post"}],"author":[{"embeddable":true,"href":"https:\/\/folhadosudeste.com\/site\/index.php?rest_route=\/wp\/v2\/users\/6"}],"replies":[{"embeddable":true,"href":"https:\/\/folhadosudeste.com\/site\/index.php?rest_route=%2Fwp%2Fv2%2Fcomments&post=80866"}],"version-history":[{"count":1,"href":"https:\/\/folhadosudeste.com\/site\/index.php?rest_route=\/wp\/v2\/posts\/80866\/revisions"}],"predecessor-version":[{"id":80871,"href":"https:\/\/folhadosudeste.com\/site\/index.php?rest_route=\/wp\/v2\/posts\/80866\/revisions\/80871"}],"wp:attachment":[{"href":"https:\/\/folhadosudeste.com\/site\/index.php?rest_route=%2Fwp%2Fv2%2Fmedia&parent=80866"}],"wp:term":[{"taxonomy":"category","embeddable":true,"href":"https:\/\/folhadosudeste.com\/site\/index.php?rest_route=%2Fwp%2Fv2%2Fcategories&post=80866"},{"taxonomy":"post_tag","embeddable":true,"href":"https:\/\/folhadosudeste.com\/site\/index.php?rest_route=%2Fwp%2Fv2%2Ftags&post=80866"}],"curies":[{"name":"wp","href":"https:\/\/api.w.org\/{rel}","templated":true}]}}