{"id":80923,"date":"2022-03-31T20:24:21","date_gmt":"2022-03-31T20:24:21","guid":{"rendered":"http:\/\/folhadosudeste.com\/site\/?p=80923"},"modified":"2022-03-31T20:32:51","modified_gmt":"2022-03-31T20:32:51","slug":"coopaf-muriae-realiza-assembleia-geral-ordinaria-e-extraordinaria-elege-nova-diretoria-e-anuncia-nova-sede","status":"publish","type":"post","link":"https:\/\/folhadosudeste.com\/site\/?p=80923","title":{"rendered":"COOPAF Muria\u00e9 realiza Assembleia Geral Ordin\u00e1ria e Extraordin\u00e1ria, elege nova diretoria e anuncia nova sede"},"content":{"rendered":"<p><a href=\"http:\/\/folhadosudeste.com\/site\/wp-content\/uploads\/2022\/03\/14B90031-E014-4033-A701-F62620FE7566.jpeg\"><img loading=\"lazy\" decoding=\"async\" class=\"alignnone size-full wp-image-80924\" src=\"http:\/\/folhadosudeste.com\/site\/wp-content\/uploads\/2022\/03\/14B90031-E014-4033-A701-F62620FE7566.jpeg\" alt=\"\" width=\"847\" height=\"560\" srcset=\"https:\/\/folhadosudeste.com\/site\/wp-content\/uploads\/2022\/03\/14B90031-E014-4033-A701-F62620FE7566.jpeg 847w, https:\/\/folhadosudeste.com\/site\/wp-content\/uploads\/2022\/03\/14B90031-E014-4033-A701-F62620FE7566-300x198.jpeg 300w, https:\/\/folhadosudeste.com\/site\/wp-content\/uploads\/2022\/03\/14B90031-E014-4033-A701-F62620FE7566-768x508.jpeg 768w, https:\/\/folhadosudeste.com\/site\/wp-content\/uploads\/2022\/03\/14B90031-E014-4033-A701-F62620FE7566-120x80.jpeg 120w, https:\/\/folhadosudeste.com\/site\/wp-content\/uploads\/2022\/03\/14B90031-E014-4033-A701-F62620FE7566-590x390.jpeg 590w\" sizes=\"auto, (max-width: 847px) 100vw, 847px\" \/><\/a><\/p>\n<p class=\"s3\" style=\"text-align: justify;\"><span class=\"s2\"><span class=\"bumpedFont15\">A COOPAF (Cooperativa dos Produtos da Ag<\/span><\/span><span class=\"s2\"><span class=\"bumpedFont15\">ricultura Familiar Solid\u00e1ria) com sede em <\/span><\/span><span class=\"s2\"><span class=\"bumpedFont15\">Muria\u00e9<\/span><\/span><span class=\"s2\"><span class=\"bumpedFont15\">real<\/span><\/span><span class=\"s2\"><span class=\"bumpedFont15\">izou, na segunda-feira (28), a<\/span><\/span><span class=\"s2\"><span class=\"bumpedFont15\"> Assembleia Geral Ordin\u00e1ria e Extraordin\u00e1ria para tratar de assuntos como: presta\u00e7\u00e3o de contas, elei\u00e7\u00e3o e posse da Diretoria 2022\/2026<\/span><\/span><span class=\"s2\"><span class=\"bumpedFont15\">,elei\u00e7\u00e3o<\/span><\/span><span class=\"s2\"><span class=\"bumpedFont15\"> e <\/span><\/span><span class=\"s2\"><span class=\"bumpedFont15\">posse do <\/span><\/span><span class=\"s2\"><span class=\"bumpedFont15\">Conselho Fiscal, inclus\u00e3o e exclus\u00e3o de cooperados, mudan\u00e7a de endere\u00e7o, etc. Durante a Assembleia, foi elei<\/span><\/span><span class=\"s2\"><span class=\"bumpedFont15\">ta a primeira mulher<\/span><\/span><span class=\"s2\"><span class=\"bumpedFont15\"> \u00e0 presid\u00eancia da Coopera<\/span><\/span><span class=\"s2\"><span class=\"bumpedFont15\">tiva, Adriana Aparecida de Morai<\/span><\/span><span class=\"s2\"><span class=\"bumpedFont15\">s Ribeiro, e foram anunciados planos para a mudan\u00e7a de sede da institui\u00e7\u00e3o, que tem a previs\u00e3o de migrar para o bairro Fran<\/span><\/span><span class=\"s2\"><span class=\"bumpedFont15\">co Su\u00ed\u00e7o at\u00e9 <\/span><\/span><span class=\"s2\"><span class=\"bumpedFont15\">junho. Al\u00e9m disso, o evento contou c<\/span><\/span><span class=\"s2\"><span class=\"bumpedFont15\">om jantar e sorteio de brindes.<\/span><\/span><\/p>\n<p class=\"s3\" style=\"text-align: justify;\"><span class=\"s2\"><span class=\"bumpedFont15\"><br \/>\nA nova presidente Adriana mostrou-se grata com sua elei\u00e7\u00e3o para o cargo de maior import\u00e2ncia dentro da institui\u00e7\u00e3o e, em entrevista para o Jornal Folha do Sudeste, revelou planos para o mandato e falou sobre como tem ministrado seu trabalho em prol da COOPAF, ao lon<\/span><\/span><span class=\"s2\"><span class=\"bumpedFont15\">go dos anos como membro do conselho de administra\u00e7\u00e3o<\/span><\/span><span class=\"s2\"><span class=\"bumpedFont15\"> at\u00e9 chegar \u00e0 presid\u00eancia.<\/span><\/span><!--more--><\/p>\n<p class=\"s3\" style=\"text-align: justify;\"><span class=\"s2\"><span class=\"bumpedFont15\">&#8220;<\/span><\/span><span class=\"s2\"><span class=\"bumpedFont15\"> Muito mais que ser cooperada<\/span><\/span><span class=\"s2\"><span class=\"bumpedFont15\">, precisamos ser atuantes, participar das ativi<\/span><\/span><span class=\"s2\"><span class=\"bumpedFont15\">dades,<\/span><\/span><span class=\"s2\"><span class=\"bumpedFont15\">integrar as <\/span><\/span><span class=\"s2\"><span class=\"bumpedFont15\">diretorias<\/span><\/span><span class=\"s2\"><span class=\"bumpedFont15\">, ocupar<\/span><\/span><span class=\"s2\"><span class=\"bumpedFont15\"> espa\u00e7os<\/span><\/span><span class=\"s2\"><span class=\"bumpedFont15\">. Vir a ser<\/span><\/span><span class=\"s2\"><span class=\"bumpedFont15\"> uma presidenta da Cooperativa \u00e9 muito importante<\/span><\/span><span class=\"s2\"><span class=\"bumpedFont15\">. <\/span><\/span><span class=\"s2\"><span class=\"bumpedFont15\">\u00c9 uma oportunidade de demonstrar que, de fato, as mulheres s\u00e3o <\/span><\/span><span class=\"s2\"><span class=\"bumpedFont15\">tamb\u00e9m <\/span><\/span><span class=\"s2\"><span class=\"bumpedFont15\">capazes <\/span><\/span><span class=\"s2\"><span class=\"bumpedFont15\">de gerir<\/span><\/span><span class=\"s2\"><span class=\"bumpedFont15\">, liderar <\/span><\/span><span class=\"s2\"><span class=\"bumpedFont15\">e estar junto na constru\u00e7\u00e3o do cooperativismo solid\u00e1rio. N\u00e3o<\/span><\/span><span class=\"s2\"><span class=\"bumpedFont15\"> \u00e9 um trabalho a ser feito sozinha, mas com o suporte de toda a diretoria<\/span><\/span><span class=\"s2\"><span class=\"bumpedFont15\">, de <\/span><\/span><span class=\"s2\"><span class=\"bumpedFont15\">nossos colaboradores<\/span><\/span><span class=\"s2\"><span class=\"bumpedFont15\">,<\/span><\/span><span class=\"s2\"><span class=\"bumpedFont15\"> cooperados e cooperadas<\/span><\/span><span class=\"s2\"><span class=\"bumpedFont15\">conseguiremos avan\u00e7ar ainda mais, pois<\/span><\/span> <span class=\"s2\"><span class=\"bumpedFont15\">as a\u00e7\u00f5es<\/span><\/span><span class=\"s2\"><span class=\"bumpedFont15\">da Cooperativa precisam ser <\/span><\/span><span class=\"s2\"><span class=\"bumpedFont15\">constru\u00eddas de forma coletiva<\/span><\/span><span class=\"s2\"><span class=\"bumpedFont15\"> e participativa. At\u00e9 meio do ano iremos <\/span><\/span><span class=\"s2\"><span class=\"bumpedFont15\">mudar para um novo <\/span><\/span><span class=\"s2\"><span class=\"bumpedFont15\">espa\u00e7o, mais<\/span><\/span><span class=\"s2\"><span class=\"bumpedFont15\"> amplo e organizado. Enfim<\/span><\/span><span class=\"s2\"><span class=\"bumpedFont15\">,<\/span><\/span> <span class=\"s2\"><span class=\"bumpedFont15\">temos <\/span><\/span><span class=\"s2\"><span class=\"bumpedFont15\">muitos <\/span><\/span><span class=\"s2\"><span class=\"bumpedFont15\">projetos que visam o<\/span><\/span> <span class=\"s2\"><span class=\"bumpedFont15\">fortalecimento da agricultura <\/span><\/span><span class=\"s2\"><span class=\"bumpedFont15\">familiar<\/span><\/span><span class=\"s2\"><span class=\"bumpedFont15\"> e a sustentabilidade de nossa cooperativa<\/span><\/span> <span class=\"s2\"><span class=\"bumpedFont15\">&#8220;, contou.&nbsp;<\/span><\/span><span class=\"s2\"><span class=\"bumpedFont15\">O ex-presidente da COOPAF, Ant\u00f4nio Carlos <\/span><\/span><span class=\"s2\"><span class=\"bumpedFont15\">Bagle<\/span><\/span><span class=\"s2\"><span class=\"bumpedFont15\">, \u00e0 frente da institui\u00e7\u00e3o pela \u00faltima d\u00e9cada, <\/span><\/span><span class=\"s2\"><span class=\"bumpedFont15\">falou em<\/span><\/span><span class=\"s2\"><span class=\"bumpedFont15\">entrevista \u00e0 nossa reportagem e frisou que n\u00e3o haveria conseguido tantas realiza\u00e7\u00f5es sem o apoio da diretoria, colaboradores e cooperados. &#8220;N\u00e3o tenho m\u00e9rito sozinho, pois a Cooperativa cresceu bastante, e<\/span><\/span><span class=\"s2\"><span class=\"bumpedFont15\"> isso se deve a toda diretoria.<\/span><\/span><span class=\"s2\"><span class=\"bumpedFont15\"> Tivemos<\/span><\/span><span class=\"s2\"><span class=\"bumpedFont15\">hoje a Assembleia Ordin\u00e1ria porque, estatutariamente, ela deve ocorrer uma vez ao ano para que sejam realizados o balan\u00e7o financeiro e, no caso de hoje, elei\u00e7\u00e3o de nova diretoria. N\u00f3s a formalizamos junto \u00e0 Extraordin\u00e1ria para aproveitarmos a presen\u00e7a dos cooperados. Durante a pandemia, enfrentamos recess\u00e3o, mas agora j\u00e1 podemos realizar a assembleia abertamente. Os cooperados vieram porque acreditam em n\u00f3s<\/span><\/span><span class=\"s2\"><span class=\"bumpedFont15\"> e nas a\u00e7\u00f5es da cooperativa. Atrav\u00e9s da entrega de produtos da <\/span><\/span><span class=\"s2\"><span class=\"bumpedFont15\">merenda<\/span><\/span><span class=\"s2\"><span class=\"bumpedFont15\"> escolar<\/span><\/span><span class=\"s2\"><span class=\"bumpedFont15\"> e outros mercados temos contribu\u00eddo no fortalecimento da <\/span><\/span><span class=\"s2\"><span class=\"bumpedFont15\">agricultura <\/span><\/span><span class=\"s2\"><span class=\"bumpedFont15\">familiar<\/span><\/span><span class=\"s2\"><span class=\"bumpedFont15\"> de Muria\u00e9 e regi\u00e3o\u201d<\/span><\/span><span class=\"s2\"><span class=\"bumpedFont15\">, disse.<\/span><\/span><\/p>\n<p class=\"s3\" style=\"text-align: justify;\"><span class=\"s2\"><span class=\"bumpedFont15\">Eduardo Alc\u00e2ntara, presidente do Sindicato dos Trabalhadores Rurais de Muria\u00e9 e <\/span><\/span><span class=\"s2\"><span class=\"bumpedFont15\">Regi\u00e3o<\/span><\/span><span class=\"s2\"><span class=\"bumpedFont15\">, e<\/span><\/span> <span class=\"s2\"><span class=\"bumpedFont15\">tamb\u00e9m <\/span><\/span><span class=\"s2\"><span class=\"bumpedFont15\">cooperado<\/span><\/span><span class=\"s2\"><span class=\"bumpedFont15\"> foi eleito para compor o <\/span><\/span><span class=\"s2\"><span class=\"bumpedFont15\">Conselho<\/span><\/span><span class=\"s2\"><span class=\"bumpedFont15\"> Fiscal da COOPAF. Ele tamb\u00e9m foi entrevistado e demonstrou sua perspectiva sobre a import\u00e2ncia do trabalho da Cooperativa para os agricultores familiares. &#8220;Primeiramente, agrade\u00e7o pelo convite. Como cooperado, acho que \u00e9 importante que qualquer institui\u00e7\u00e3o <\/span><\/span><span class=\"s2\"><span class=\"bumpedFont15\">apresente as a\u00e7\u00f5es e <\/span><\/span><span class=\"s2\"><span class=\"bumpedFont15\">traga os n\u00fameros <\/span><\/span><span class=\"s2\"><span class=\"bumpedFont15\">para seus filiados<\/span><\/span><span class=\"s2\"><span class=\"bumpedFont15\">. A COOPAF \u00e9 uma cooperativa de produ\u00e7\u00e3o advinda de um sonho do movimento sindical, que queria d<\/span><\/span><span class=\"s2\"><span class=\"bumpedFont15\">ar cr\u00e9dito aos trabalhadores e contribuir na <\/span><\/span><span class=\"s2\"><span class=\"bumpedFont15\">comercializa\u00e7\u00e3o<\/span><\/span><span class=\"s2\"><span class=\"bumpedFont15\">, o que tamb\u00e9m gerou a Cresol<\/span><\/span><span class=\"s2\"><span class=\"bumpedFont15\">. \u00c9 mais um filho do Sindicato que cresce e ganha independ\u00eancia. Viemos <\/span><\/span><span class=\"s2\"><span class=\"bumpedFont15\">tamb\u00e9m <\/span><\/span><span class=\"s2\"><span class=\"bumpedFont15\">eleger a nova diretoria e parabenizar o Carlos pelo t\u00e9rmino da gest\u00e3o. Ao acompanhar no dia a dia a movimenta\u00e7\u00e3o da Cooperativa, vemos a seriedade dos diretores e colaboradores. \u00c9 o que faz o sucesso de qualquer institui\u00e7\u00e3o. Desejamos \u00e0 Adriana sucesso e desempenho<\/span><\/span><span class=\"s2\"><span class=\"bumpedFont15\"> no cargo de <\/span><\/span><span class=\"s2\"><span class=\"bumpedFont15\">presidenta<\/span><\/span><span class=\"s2\"><span class=\"bumpedFont15\">.<\/span><\/span><span class=\"s2\"><span class=\"bumpedFont15\"> Esperamos<\/span><\/span><span class=\"s2\"><span class=\"bumpedFont15\">que, para os pr\u00f3ximos anos, a c<\/span><\/span><span class=\"s2\"><span class=\"bumpedFont15\">ooperativa possa, com o trabalho bem feito e gerido e em um espa\u00e7o bem maior e amplo, trazer n\u00fameros bem maiores, organizar a comerci<\/span><\/span><span class=\"s2\"><span class=\"bumpedFont15\">aliza\u00e7\u00e3o dos trabalhadores dando <\/span><\/span><span class=\"s2\"><span class=\"bumpedFont15\">suporte<\/span><\/span> <span class=\"s2\"><span class=\"bumpedFont15\">\u00e0<\/span><\/span><span class=\"s2\"><span class=\"bumpedFont15\"> agricultura familiar&#8221;, finalizou.<\/span><\/span><\/p>\n<p class=\"s3\"><span class=\"s2\"><span class=\"bumpedFont15\">Davi Aparecido de Oliveira, cooperado e morador de Ros\u00e1rio da Limeira, marcou presen\u00e7a no evento e, ao ser entrevistado, expressou sua confian\u00e7a no trabalho da COOPAF. &#8220;Eu sou integrante do grupo s\u00f3cio da Cooperativa e acho interessante o desenvolvimento que a mesma desenvolveu<\/span><\/span><span class=\"s2\"><span class=\"bumpedFont15\">principalmente pela &nbsp;<\/span><\/span><span class=\"s2\"><span class=\"bumpedFont15\"> compra e venda diretamente do agricultor. \u00c9 uma ideologia em que acredito para o modo de cooperativismo e associativismo, porque a uni\u00e3o sempre faz a for\u00e7a. Quando os pequenos se juntam, tudo fica mais f\u00e1cil. N\u00f3s, como trabalhadores rurais, acreditamos nessa for\u00e7a, nos unimos, fundamos a COOPAF e estamos at\u00e9 hoje dando for\u00e7a no que for preciso para que <\/span><\/span><span class=\"s2\"><span class=\"bumpedFont15\">possamos<\/span><\/span><span class=\"s2\"><span class=\"bumpedFont15\">fortalecer os cooperados e <\/span><\/span><span class=\"s2\"><span class=\"bumpedFont15\">alavancar<\/span><\/span><span class=\"s2\"><span class=\"bumpedFont15\"> cada vez mais a Cooperativa&#8221;, ressaltou.<\/span><\/span><\/p>\n<p class=\"s3\" style=\"text-align: justify;\"><span class=\"s2\"><span class=\"bumpedFont15\">A cooperada <\/span><\/span><span class=\"s2\"><span class=\"bumpedFont15\">Regina<\/span><\/span><span class=\"s2\"><span class=\"bumpedFont15\"> de Oliveira Cunha Prado, de Bar\u00e3o do Monte Alto, esteve presente na Assembleia e n\u00e3o poupou elogios \u00e0 Cooperativa. Em entrevista, ela demonstrou sua felicidade com a representatividade feminina na presid\u00eancia da institui\u00e7\u00e3o. &#8220;O trabalho da COOPAF \u00e9 muito bom, pois consegue expor e vender nossos produtos de uma forma que, sem a Cooperativa, n\u00e3o conseguir\u00edamos. Agora, temos uma representante feminina na presid\u00eancia. Agrade\u00e7o <\/span><\/span><span class=\"s2\"><span class=\"bumpedFont15\">a todos que prestigiaram<\/span><\/span><span class=\"s2\"><span class=\"bumpedFont15\"> e aprovaram<\/span><\/span><a name=\"_GoBack\"><\/a><span class=\"s2\"><span class=\"bumpedFont15\"> o trabalho da Adriana<\/span><\/span><span class=\"s2\"><span class=\"bumpedFont15\"> \u00e0 frente da <\/span><\/span><span class=\"s2\"><span class=\"bumpedFont15\">cooperativa <\/span><\/span><span class=\"s2\"><span class=\"bumpedFont15\">,<\/span><\/span><span class=\"s2\"><span class=\"bumpedFont15\"> porque \u00e9 um cargo merecido&#8221;, avaliou.<\/span><\/span><\/p>\n<p><a href=\"http:\/\/folhadosudeste.com\/site\/wp-content\/uploads\/2022\/03\/D41F5F66-0C4B-4FE6-8465-0EBEB944F87E.jpeg\"><img loading=\"lazy\" decoding=\"async\" class=\"alignnone size-full wp-image-80925\" src=\"http:\/\/folhadosudeste.com\/site\/wp-content\/uploads\/2022\/03\/D41F5F66-0C4B-4FE6-8465-0EBEB944F87E.jpeg\" alt=\"\" width=\"849\" height=\"564\" srcset=\"https:\/\/folhadosudeste.com\/site\/wp-content\/uploads\/2022\/03\/D41F5F66-0C4B-4FE6-8465-0EBEB944F87E.jpeg 849w, https:\/\/folhadosudeste.com\/site\/wp-content\/uploads\/2022\/03\/D41F5F66-0C4B-4FE6-8465-0EBEB944F87E-300x199.jpeg 300w, https:\/\/folhadosudeste.com\/site\/wp-content\/uploads\/2022\/03\/D41F5F66-0C4B-4FE6-8465-0EBEB944F87E-768x510.jpeg 768w, https:\/\/folhadosudeste.com\/site\/wp-content\/uploads\/2022\/03\/D41F5F66-0C4B-4FE6-8465-0EBEB944F87E-120x80.jpeg 120w, https:\/\/folhadosudeste.com\/site\/wp-content\/uploads\/2022\/03\/D41F5F66-0C4B-4FE6-8465-0EBEB944F87E-345x230.jpeg 345w\" sizes=\"auto, (max-width: 849px) 100vw, 849px\" \/><\/a> <a href=\"http:\/\/folhadosudeste.com\/site\/wp-content\/uploads\/2022\/03\/8C422233-60A1-44A4-A37B-9C2A98C2AE32.jpeg\"><img loading=\"lazy\" decoding=\"async\" class=\"alignnone size-full wp-image-80926\" src=\"http:\/\/folhadosudeste.com\/site\/wp-content\/uploads\/2022\/03\/8C422233-60A1-44A4-A37B-9C2A98C2AE32.jpeg\" alt=\"\" width=\"849\" height=\"564\" srcset=\"https:\/\/folhadosudeste.com\/site\/wp-content\/uploads\/2022\/03\/8C422233-60A1-44A4-A37B-9C2A98C2AE32.jpeg 849w, https:\/\/folhadosudeste.com\/site\/wp-content\/uploads\/2022\/03\/8C422233-60A1-44A4-A37B-9C2A98C2AE32-300x199.jpeg 300w, https:\/\/folhadosudeste.com\/site\/wp-content\/uploads\/2022\/03\/8C422233-60A1-44A4-A37B-9C2A98C2AE32-768x510.jpeg 768w, https:\/\/folhadosudeste.com\/site\/wp-content\/uploads\/2022\/03\/8C422233-60A1-44A4-A37B-9C2A98C2AE32-120x80.jpeg 120w, https:\/\/folhadosudeste.com\/site\/wp-content\/uploads\/2022\/03\/8C422233-60A1-44A4-A37B-9C2A98C2AE32-345x230.jpeg 345w\" sizes=\"auto, (max-width: 849px) 100vw, 849px\" \/><\/a> <a href=\"http:\/\/folhadosudeste.com\/site\/wp-content\/uploads\/2022\/03\/5191CF6F-6364-45E9-8EA2-0D20C6A91BDE.jpeg\"><img loading=\"lazy\" decoding=\"async\" class=\"alignnone size-full wp-image-80927\" src=\"http:\/\/folhadosudeste.com\/site\/wp-content\/uploads\/2022\/03\/5191CF6F-6364-45E9-8EA2-0D20C6A91BDE.jpeg\" alt=\"\" width=\"1280\" height=\"847\" srcset=\"https:\/\/folhadosudeste.com\/site\/wp-content\/uploads\/2022\/03\/5191CF6F-6364-45E9-8EA2-0D20C6A91BDE.jpeg 1280w, https:\/\/folhadosudeste.com\/site\/wp-content\/uploads\/2022\/03\/5191CF6F-6364-45E9-8EA2-0D20C6A91BDE-300x199.jpeg 300w, https:\/\/folhadosudeste.com\/site\/wp-content\/uploads\/2022\/03\/5191CF6F-6364-45E9-8EA2-0D20C6A91BDE-768x508.jpeg 768w, https:\/\/folhadosudeste.com\/site\/wp-content\/uploads\/2022\/03\/5191CF6F-6364-45E9-8EA2-0D20C6A91BDE-1024x678.jpeg 1024w, https:\/\/folhadosudeste.com\/site\/wp-content\/uploads\/2022\/03\/5191CF6F-6364-45E9-8EA2-0D20C6A91BDE-120x80.jpeg 120w, https:\/\/folhadosudeste.com\/site\/wp-content\/uploads\/2022\/03\/5191CF6F-6364-45E9-8EA2-0D20C6A91BDE-590x390.jpeg 590w\" sizes=\"auto, (max-width: 1280px) 100vw, 1280px\" \/><\/a> <a href=\"http:\/\/folhadosudeste.com\/site\/wp-content\/uploads\/2022\/03\/400FD4F7-67E6-4FAD-87CF-B222E05EF764.jpeg\"><img loading=\"lazy\" decoding=\"async\" class=\"alignnone size-full wp-image-80928\" src=\"http:\/\/folhadosudeste.com\/site\/wp-content\/uploads\/2022\/03\/400FD4F7-67E6-4FAD-87CF-B222E05EF764.jpeg\" alt=\"\" width=\"1280\" height=\"847\" srcset=\"https:\/\/folhadosudeste.com\/site\/wp-content\/uploads\/2022\/03\/400FD4F7-67E6-4FAD-87CF-B222E05EF764.jpeg 1280w, https:\/\/folhadosudeste.com\/site\/wp-content\/uploads\/2022\/03\/400FD4F7-67E6-4FAD-87CF-B222E05EF764-300x199.jpeg 300w, https:\/\/folhadosudeste.com\/site\/wp-content\/uploads\/2022\/03\/400FD4F7-67E6-4FAD-87CF-B222E05EF764-768x508.jpeg 768w, https:\/\/folhadosudeste.com\/site\/wp-content\/uploads\/2022\/03\/400FD4F7-67E6-4FAD-87CF-B222E05EF764-1024x678.jpeg 1024w, https:\/\/folhadosudeste.com\/site\/wp-content\/uploads\/2022\/03\/400FD4F7-67E6-4FAD-87CF-B222E05EF764-120x80.jpeg 120w, https:\/\/folhadosudeste.com\/site\/wp-content\/uploads\/2022\/03\/400FD4F7-67E6-4FAD-87CF-B222E05EF764-590x390.jpeg 590w\" sizes=\"auto, (max-width: 1280px) 100vw, 1280px\" \/><\/a> <a href=\"http:\/\/folhadosudeste.com\/site\/wp-content\/uploads\/2022\/03\/C460DFB3-B417-449E-985E-E093BF8E6E8A.jpeg\"><img loading=\"lazy\" decoding=\"async\" class=\"alignnone size-full wp-image-80929\" src=\"http:\/\/folhadosudeste.com\/site\/wp-content\/uploads\/2022\/03\/C460DFB3-B417-449E-985E-E093BF8E6E8A.jpeg\" alt=\"\" width=\"1280\" height=\"847\" srcset=\"https:\/\/folhadosudeste.com\/site\/wp-content\/uploads\/2022\/03\/C460DFB3-B417-449E-985E-E093BF8E6E8A.jpeg 1280w, https:\/\/folhadosudeste.com\/site\/wp-content\/uploads\/2022\/03\/C460DFB3-B417-449E-985E-E093BF8E6E8A-300x199.jpeg 300w, https:\/\/folhadosudeste.com\/site\/wp-content\/uploads\/2022\/03\/C460DFB3-B417-449E-985E-E093BF8E6E8A-768x508.jpeg 768w, https:\/\/folhadosudeste.com\/site\/wp-content\/uploads\/2022\/03\/C460DFB3-B417-449E-985E-E093BF8E6E8A-1024x678.jpeg 1024w, https:\/\/folhadosudeste.com\/site\/wp-content\/uploads\/2022\/03\/C460DFB3-B417-449E-985E-E093BF8E6E8A-120x80.jpeg 120w, https:\/\/folhadosudeste.com\/site\/wp-content\/uploads\/2022\/03\/C460DFB3-B417-449E-985E-E093BF8E6E8A-590x390.jpeg 590w\" sizes=\"auto, (max-width: 1280px) 100vw, 1280px\" \/><\/a> <a href=\"http:\/\/folhadosudeste.com\/site\/wp-content\/uploads\/2022\/03\/09AC085C-3BBC-4D79-BD61-0B2AC5316BDA.jpeg\"><img loading=\"lazy\" decoding=\"async\" class=\"alignnone size-full wp-image-80930\" src=\"http:\/\/folhadosudeste.com\/site\/wp-content\/uploads\/2022\/03\/09AC085C-3BBC-4D79-BD61-0B2AC5316BDA.jpeg\" alt=\"\" width=\"1280\" height=\"847\" srcset=\"https:\/\/folhadosudeste.com\/site\/wp-content\/uploads\/2022\/03\/09AC085C-3BBC-4D79-BD61-0B2AC5316BDA.jpeg 1280w, https:\/\/folhadosudeste.com\/site\/wp-content\/uploads\/2022\/03\/09AC085C-3BBC-4D79-BD61-0B2AC5316BDA-300x199.jpeg 300w, https:\/\/folhadosudeste.com\/site\/wp-content\/uploads\/2022\/03\/09AC085C-3BBC-4D79-BD61-0B2AC5316BDA-768x508.jpeg 768w, https:\/\/folhadosudeste.com\/site\/wp-content\/uploads\/2022\/03\/09AC085C-3BBC-4D79-BD61-0B2AC5316BDA-1024x678.jpeg 1024w, https:\/\/folhadosudeste.com\/site\/wp-content\/uploads\/2022\/03\/09AC085C-3BBC-4D79-BD61-0B2AC5316BDA-120x80.jpeg 120w, https:\/\/folhadosudeste.com\/site\/wp-content\/uploads\/2022\/03\/09AC085C-3BBC-4D79-BD61-0B2AC5316BDA-590x390.jpeg 590w\" sizes=\"auto, (max-width: 1280px) 100vw, 1280px\" \/><\/a> <a href=\"http:\/\/folhadosudeste.com\/site\/wp-content\/uploads\/2022\/03\/C56BB4B5-B3D2-4ABE-9CC3-06379E8CA6D6.jpeg\"><img loading=\"lazy\" decoding=\"async\" class=\"alignnone size-full wp-image-80931\" src=\"http:\/\/folhadosudeste.com\/site\/wp-content\/uploads\/2022\/03\/C56BB4B5-B3D2-4ABE-9CC3-06379E8CA6D6.jpeg\" alt=\"\" width=\"1280\" height=\"847\" srcset=\"https:\/\/folhadosudeste.com\/site\/wp-content\/uploads\/2022\/03\/C56BB4B5-B3D2-4ABE-9CC3-06379E8CA6D6.jpeg 1280w, https:\/\/folhadosudeste.com\/site\/wp-content\/uploads\/2022\/03\/C56BB4B5-B3D2-4ABE-9CC3-06379E8CA6D6-300x199.jpeg 300w, https:\/\/folhadosudeste.com\/site\/wp-content\/uploads\/2022\/03\/C56BB4B5-B3D2-4ABE-9CC3-06379E8CA6D6-768x508.jpeg 768w, https:\/\/folhadosudeste.com\/site\/wp-content\/uploads\/2022\/03\/C56BB4B5-B3D2-4ABE-9CC3-06379E8CA6D6-1024x678.jpeg 1024w, https:\/\/folhadosudeste.com\/site\/wp-content\/uploads\/2022\/03\/C56BB4B5-B3D2-4ABE-9CC3-06379E8CA6D6-120x80.jpeg 120w, https:\/\/folhadosudeste.com\/site\/wp-content\/uploads\/2022\/03\/C56BB4B5-B3D2-4ABE-9CC3-06379E8CA6D6-590x390.jpeg 590w\" sizes=\"auto, (max-width: 1280px) 100vw, 1280px\" \/><\/a> <a href=\"http:\/\/folhadosudeste.com\/site\/wp-content\/uploads\/2022\/03\/015416A2-20F5-4200-8F31-9495DE0C0963.jpeg\"><img loading=\"lazy\" decoding=\"async\" class=\"alignnone size-full wp-image-80932\" src=\"http:\/\/folhadosudeste.com\/site\/wp-content\/uploads\/2022\/03\/015416A2-20F5-4200-8F31-9495DE0C0963.jpeg\" alt=\"\" width=\"847\" height=\"1280\" srcset=\"https:\/\/folhadosudeste.com\/site\/wp-content\/uploads\/2022\/03\/015416A2-20F5-4200-8F31-9495DE0C0963.jpeg 847w, https:\/\/folhadosudeste.com\/site\/wp-content\/uploads\/2022\/03\/015416A2-20F5-4200-8F31-9495DE0C0963-199x300.jpeg 199w, https:\/\/folhadosudeste.com\/site\/wp-content\/uploads\/2022\/03\/015416A2-20F5-4200-8F31-9495DE0C0963-768x1161.jpeg 768w, https:\/\/folhadosudeste.com\/site\/wp-content\/uploads\/2022\/03\/015416A2-20F5-4200-8F31-9495DE0C0963-678x1024.jpeg 678w\" sizes=\"auto, (max-width: 847px) 100vw, 847px\" \/><\/a> <a href=\"http:\/\/folhadosudeste.com\/site\/wp-content\/uploads\/2022\/03\/0796AC31-E1B8-4730-9560-F065891AE62C.jpeg\"><img loading=\"lazy\" decoding=\"async\" class=\"alignnone size-full wp-image-80933\" src=\"http:\/\/folhadosudeste.com\/site\/wp-content\/uploads\/2022\/03\/0796AC31-E1B8-4730-9560-F065891AE62C.jpeg\" alt=\"\" width=\"1280\" height=\"847\" srcset=\"https:\/\/folhadosudeste.com\/site\/wp-content\/uploads\/2022\/03\/0796AC31-E1B8-4730-9560-F065891AE62C.jpeg 1280w, https:\/\/folhadosudeste.com\/site\/wp-content\/uploads\/2022\/03\/0796AC31-E1B8-4730-9560-F065891AE62C-300x199.jpeg 300w, https:\/\/folhadosudeste.com\/site\/wp-content\/uploads\/2022\/03\/0796AC31-E1B8-4730-9560-F065891AE62C-768x508.jpeg 768w, https:\/\/folhadosudeste.com\/site\/wp-content\/uploads\/2022\/03\/0796AC31-E1B8-4730-9560-F065891AE62C-1024x678.jpeg 1024w, https:\/\/folhadosudeste.com\/site\/wp-content\/uploads\/2022\/03\/0796AC31-E1B8-4730-9560-F065891AE62C-120x80.jpeg 120w, https:\/\/folhadosudeste.com\/site\/wp-content\/uploads\/2022\/03\/0796AC31-E1B8-4730-9560-F065891AE62C-590x390.jpeg 590w\" sizes=\"auto, (max-width: 1280px) 100vw, 1280px\" \/><\/a> <a href=\"http:\/\/folhadosudeste.com\/site\/wp-content\/uploads\/2022\/03\/A23A99EA-CFAC-4D18-8AD8-3E616B8B58F1.jpeg\"><img loading=\"lazy\" decoding=\"async\" class=\"alignnone size-full wp-image-80934\" src=\"http:\/\/folhadosudeste.com\/site\/wp-content\/uploads\/2022\/03\/A23A99EA-CFAC-4D18-8AD8-3E616B8B58F1.jpeg\" alt=\"\" width=\"1280\" height=\"847\" srcset=\"https:\/\/folhadosudeste.com\/site\/wp-content\/uploads\/2022\/03\/A23A99EA-CFAC-4D18-8AD8-3E616B8B58F1.jpeg 1280w, https:\/\/folhadosudeste.com\/site\/wp-content\/uploads\/2022\/03\/A23A99EA-CFAC-4D18-8AD8-3E616B8B58F1-300x199.jpeg 300w, https:\/\/folhadosudeste.com\/site\/wp-content\/uploads\/2022\/03\/A23A99EA-CFAC-4D18-8AD8-3E616B8B58F1-768x508.jpeg 768w, https:\/\/folhadosudeste.com\/site\/wp-content\/uploads\/2022\/03\/A23A99EA-CFAC-4D18-8AD8-3E616B8B58F1-1024x678.jpeg 1024w, https:\/\/folhadosudeste.com\/site\/wp-content\/uploads\/2022\/03\/A23A99EA-CFAC-4D18-8AD8-3E616B8B58F1-120x80.jpeg 120w, https:\/\/folhadosudeste.com\/site\/wp-content\/uploads\/2022\/03\/A23A99EA-CFAC-4D18-8AD8-3E616B8B58F1-590x390.jpeg 590w\" sizes=\"auto, (max-width: 1280px) 100vw, 1280px\" \/><\/a> <a href=\"http:\/\/folhadosudeste.com\/site\/wp-content\/uploads\/2022\/03\/3ECEF3D5-D0B7-414C-809F-58D18496F26D.jpeg\"><img loading=\"lazy\" decoding=\"async\" class=\"alignnone size-full wp-image-80935\" src=\"http:\/\/folhadosudeste.com\/site\/wp-content\/uploads\/2022\/03\/3ECEF3D5-D0B7-414C-809F-58D18496F26D.jpeg\" alt=\"\" width=\"1280\" height=\"847\" srcset=\"https:\/\/folhadosudeste.com\/site\/wp-content\/uploads\/2022\/03\/3ECEF3D5-D0B7-414C-809F-58D18496F26D.jpeg 1280w, https:\/\/folhadosudeste.com\/site\/wp-content\/uploads\/2022\/03\/3ECEF3D5-D0B7-414C-809F-58D18496F26D-300x199.jpeg 300w, https:\/\/folhadosudeste.com\/site\/wp-content\/uploads\/2022\/03\/3ECEF3D5-D0B7-414C-809F-58D18496F26D-768x508.jpeg 768w, https:\/\/folhadosudeste.com\/site\/wp-content\/uploads\/2022\/03\/3ECEF3D5-D0B7-414C-809F-58D18496F26D-1024x678.jpeg 1024w, https:\/\/folhadosudeste.com\/site\/wp-content\/uploads\/2022\/03\/3ECEF3D5-D0B7-414C-809F-58D18496F26D-120x80.jpeg 120w, https:\/\/folhadosudeste.com\/site\/wp-content\/uploads\/2022\/03\/3ECEF3D5-D0B7-414C-809F-58D18496F26D-590x390.jpeg 590w\" sizes=\"auto, (max-width: 1280px) 100vw, 1280px\" \/><\/a> <a href=\"http:\/\/folhadosudeste.com\/site\/wp-content\/uploads\/2022\/03\/4644E984-CB8E-4D5B-B30C-D8B3FEE05506.jpeg\"><img loading=\"lazy\" decoding=\"async\" class=\"alignnone size-full wp-image-80936\" src=\"http:\/\/folhadosudeste.com\/site\/wp-content\/uploads\/2022\/03\/4644E984-CB8E-4D5B-B30C-D8B3FEE05506.jpeg\" alt=\"\" width=\"1280\" height=\"847\" srcset=\"https:\/\/folhadosudeste.com\/site\/wp-content\/uploads\/2022\/03\/4644E984-CB8E-4D5B-B30C-D8B3FEE05506.jpeg 1280w, https:\/\/folhadosudeste.com\/site\/wp-content\/uploads\/2022\/03\/4644E984-CB8E-4D5B-B30C-D8B3FEE05506-300x199.jpeg 300w, https:\/\/folhadosudeste.com\/site\/wp-content\/uploads\/2022\/03\/4644E984-CB8E-4D5B-B30C-D8B3FEE05506-768x508.jpeg 768w, https:\/\/folhadosudeste.com\/site\/wp-content\/uploads\/2022\/03\/4644E984-CB8E-4D5B-B30C-D8B3FEE05506-1024x678.jpeg 1024w, https:\/\/folhadosudeste.com\/site\/wp-content\/uploads\/2022\/03\/4644E984-CB8E-4D5B-B30C-D8B3FEE05506-120x80.jpeg 120w, https:\/\/folhadosudeste.com\/site\/wp-content\/uploads\/2022\/03\/4644E984-CB8E-4D5B-B30C-D8B3FEE05506-590x390.jpeg 590w\" sizes=\"auto, (max-width: 1280px) 100vw, 1280px\" \/><\/a> <a href=\"http:\/\/folhadosudeste.com\/site\/wp-content\/uploads\/2022\/03\/FBD6A639-4FF5-497E-8AE0-419AB889E552.jpeg\"><img loading=\"lazy\" decoding=\"async\" class=\"alignnone size-full wp-image-80937\" src=\"http:\/\/folhadosudeste.com\/site\/wp-content\/uploads\/2022\/03\/FBD6A639-4FF5-497E-8AE0-419AB889E552.jpeg\" alt=\"\" width=\"1280\" height=\"847\" srcset=\"https:\/\/folhadosudeste.com\/site\/wp-content\/uploads\/2022\/03\/FBD6A639-4FF5-497E-8AE0-419AB889E552.jpeg 1280w, https:\/\/folhadosudeste.com\/site\/wp-content\/uploads\/2022\/03\/FBD6A639-4FF5-497E-8AE0-419AB889E552-300x199.jpeg 300w, https:\/\/folhadosudeste.com\/site\/wp-content\/uploads\/2022\/03\/FBD6A639-4FF5-497E-8AE0-419AB889E552-768x508.jpeg 768w, https:\/\/folhadosudeste.com\/site\/wp-content\/uploads\/2022\/03\/FBD6A639-4FF5-497E-8AE0-419AB889E552-1024x678.jpeg 1024w, https:\/\/folhadosudeste.com\/site\/wp-content\/uploads\/2022\/03\/FBD6A639-4FF5-497E-8AE0-419AB889E552-120x80.jpeg 120w, https:\/\/folhadosudeste.com\/site\/wp-content\/uploads\/2022\/03\/FBD6A639-4FF5-497E-8AE0-419AB889E552-590x390.jpeg 590w\" sizes=\"auto, (max-width: 1280px) 100vw, 1280px\" \/><\/a> <a href=\"http:\/\/folhadosudeste.com\/site\/wp-content\/uploads\/2022\/03\/FA49B20E-3766-4CF8-B6A1-ECDA75E1A49A.jpeg\"><img loading=\"lazy\" decoding=\"async\" class=\"alignnone size-full wp-image-80938\" src=\"http:\/\/folhadosudeste.com\/site\/wp-content\/uploads\/2022\/03\/FA49B20E-3766-4CF8-B6A1-ECDA75E1A49A.jpeg\" alt=\"\" width=\"1280\" height=\"847\" srcset=\"https:\/\/folhadosudeste.com\/site\/wp-content\/uploads\/2022\/03\/FA49B20E-3766-4CF8-B6A1-ECDA75E1A49A.jpeg 1280w, https:\/\/folhadosudeste.com\/site\/wp-content\/uploads\/2022\/03\/FA49B20E-3766-4CF8-B6A1-ECDA75E1A49A-300x199.jpeg 300w, https:\/\/folhadosudeste.com\/site\/wp-content\/uploads\/2022\/03\/FA49B20E-3766-4CF8-B6A1-ECDA75E1A49A-768x508.jpeg 768w, https:\/\/folhadosudeste.com\/site\/wp-content\/uploads\/2022\/03\/FA49B20E-3766-4CF8-B6A1-ECDA75E1A49A-1024x678.jpeg 1024w, https:\/\/folhadosudeste.com\/site\/wp-content\/uploads\/2022\/03\/FA49B20E-3766-4CF8-B6A1-ECDA75E1A49A-120x80.jpeg 120w, https:\/\/folhadosudeste.com\/site\/wp-content\/uploads\/2022\/03\/FA49B20E-3766-4CF8-B6A1-ECDA75E1A49A-590x390.jpeg 590w\" sizes=\"auto, (max-width: 1280px) 100vw, 1280px\" \/><\/a> <a href=\"http:\/\/folhadosudeste.com\/site\/wp-content\/uploads\/2022\/03\/254F8706-F0F6-421B-B53D-A39155AB7FD0.jpeg\"><img loading=\"lazy\" decoding=\"async\" class=\"alignnone size-full wp-image-80939\" src=\"http:\/\/folhadosudeste.com\/site\/wp-content\/uploads\/2022\/03\/254F8706-F0F6-421B-B53D-A39155AB7FD0.jpeg\" alt=\"\" width=\"1280\" height=\"847\" srcset=\"https:\/\/folhadosudeste.com\/site\/wp-content\/uploads\/2022\/03\/254F8706-F0F6-421B-B53D-A39155AB7FD0.jpeg 1280w, https:\/\/folhadosudeste.com\/site\/wp-content\/uploads\/2022\/03\/254F8706-F0F6-421B-B53D-A39155AB7FD0-300x199.jpeg 300w, https:\/\/folhadosudeste.com\/site\/wp-content\/uploads\/2022\/03\/254F8706-F0F6-421B-B53D-A39155AB7FD0-768x508.jpeg 768w, https:\/\/folhadosudeste.com\/site\/wp-content\/uploads\/2022\/03\/254F8706-F0F6-421B-B53D-A39155AB7FD0-1024x678.jpeg 1024w, https:\/\/folhadosudeste.com\/site\/wp-content\/uploads\/2022\/03\/254F8706-F0F6-421B-B53D-A39155AB7FD0-120x80.jpeg 120w, https:\/\/folhadosudeste.com\/site\/wp-content\/uploads\/2022\/03\/254F8706-F0F6-421B-B53D-A39155AB7FD0-590x390.jpeg 590w\" sizes=\"auto, (max-width: 1280px) 100vw, 1280px\" \/><\/a> <a href=\"http:\/\/folhadosudeste.com\/site\/wp-content\/uploads\/2022\/03\/E32FB08A-0030-44A8-951F-1E6D532ED6D5.jpeg\"><img loading=\"lazy\" decoding=\"async\" class=\"alignnone size-full wp-image-80940\" src=\"http:\/\/folhadosudeste.com\/site\/wp-content\/uploads\/2022\/03\/E32FB08A-0030-44A8-951F-1E6D532ED6D5.jpeg\" alt=\"\" width=\"849\" height=\"564\" srcset=\"https:\/\/folhadosudeste.com\/site\/wp-content\/uploads\/2022\/03\/E32FB08A-0030-44A8-951F-1E6D532ED6D5.jpeg 849w, https:\/\/folhadosudeste.com\/site\/wp-content\/uploads\/2022\/03\/E32FB08A-0030-44A8-951F-1E6D532ED6D5-300x199.jpeg 300w, https:\/\/folhadosudeste.com\/site\/wp-content\/uploads\/2022\/03\/E32FB08A-0030-44A8-951F-1E6D532ED6D5-768x510.jpeg 768w, https:\/\/folhadosudeste.com\/site\/wp-content\/uploads\/2022\/03\/E32FB08A-0030-44A8-951F-1E6D532ED6D5-120x80.jpeg 120w, https:\/\/folhadosudeste.com\/site\/wp-content\/uploads\/2022\/03\/E32FB08A-0030-44A8-951F-1E6D532ED6D5-345x230.jpeg 345w\" sizes=\"auto, (max-width: 849px) 100vw, 849px\" \/><\/a> <a href=\"http:\/\/folhadosudeste.com\/site\/wp-content\/uploads\/2022\/03\/D681C07B-6C9A-4AF6-A7B5-AAFFCC1DCC69.jpeg\"><img loading=\"lazy\" decoding=\"async\" class=\"alignnone size-full wp-image-80941\" src=\"http:\/\/folhadosudeste.com\/site\/wp-content\/uploads\/2022\/03\/D681C07B-6C9A-4AF6-A7B5-AAFFCC1DCC69.jpeg\" alt=\"\" width=\"1280\" height=\"847\" srcset=\"https:\/\/folhadosudeste.com\/site\/wp-content\/uploads\/2022\/03\/D681C07B-6C9A-4AF6-A7B5-AAFFCC1DCC69.jpeg 1280w, https:\/\/folhadosudeste.com\/site\/wp-content\/uploads\/2022\/03\/D681C07B-6C9A-4AF6-A7B5-AAFFCC1DCC69-300x199.jpeg 300w, https:\/\/folhadosudeste.com\/site\/wp-content\/uploads\/2022\/03\/D681C07B-6C9A-4AF6-A7B5-AAFFCC1DCC69-768x508.jpeg 768w, https:\/\/folhadosudeste.com\/site\/wp-content\/uploads\/2022\/03\/D681C07B-6C9A-4AF6-A7B5-AAFFCC1DCC69-1024x678.jpeg 1024w, https:\/\/folhadosudeste.com\/site\/wp-content\/uploads\/2022\/03\/D681C07B-6C9A-4AF6-A7B5-AAFFCC1DCC69-120x80.jpeg 120w, https:\/\/folhadosudeste.com\/site\/wp-content\/uploads\/2022\/03\/D681C07B-6C9A-4AF6-A7B5-AAFFCC1DCC69-590x390.jpeg 590w\" sizes=\"auto, (max-width: 1280px) 100vw, 1280px\" \/><\/a> <a href=\"http:\/\/folhadosudeste.com\/site\/wp-content\/uploads\/2022\/03\/3162096C-1EFE-4A65-BC19-C78DD6D5EA86.jpeg\"><img loading=\"lazy\" decoding=\"async\" class=\"alignnone size-full wp-image-80942\" src=\"http:\/\/folhadosudeste.com\/site\/wp-content\/uploads\/2022\/03\/3162096C-1EFE-4A65-BC19-C78DD6D5EA86.jpeg\" alt=\"\" width=\"850\" height=\"564\" srcset=\"https:\/\/folhadosudeste.com\/site\/wp-content\/uploads\/2022\/03\/3162096C-1EFE-4A65-BC19-C78DD6D5EA86.jpeg 850w, https:\/\/folhadosudeste.com\/site\/wp-content\/uploads\/2022\/03\/3162096C-1EFE-4A65-BC19-C78DD6D5EA86-300x199.jpeg 300w, https:\/\/folhadosudeste.com\/site\/wp-content\/uploads\/2022\/03\/3162096C-1EFE-4A65-BC19-C78DD6D5EA86-768x510.jpeg 768w, https:\/\/folhadosudeste.com\/site\/wp-content\/uploads\/2022\/03\/3162096C-1EFE-4A65-BC19-C78DD6D5EA86-120x80.jpeg 120w, https:\/\/folhadosudeste.com\/site\/wp-content\/uploads\/2022\/03\/3162096C-1EFE-4A65-BC19-C78DD6D5EA86-345x230.jpeg 345w, https:\/\/folhadosudeste.com\/site\/wp-content\/uploads\/2022\/03\/3162096C-1EFE-4A65-BC19-C78DD6D5EA86-590x390.jpeg 590w\" sizes=\"auto, (max-width: 850px) 100vw, 850px\" \/><\/a><\/p>\n","protected":false},"excerpt":{"rendered":"<p>A COOPAF (Cooperativa dos Produtos da Agricultura Familiar Solid\u00e1ria) com sede em Muria\u00e9realizou, na segunda-feira (28), a Assembleia Geral Ordin\u00e1ria e Extraordin\u00e1ria para tratar de assuntos como: presta\u00e7\u00e3o de contas, elei\u00e7\u00e3o e posse da Diretoria 2022\/2026,elei\u00e7\u00e3o e posse do Conselho Fiscal, inclus\u00e3o e exclus\u00e3o de cooperados, mudan\u00e7a de endere\u00e7o, etc. Durante a Assembleia, foi eleita [&hellip;]<\/p>\n","protected":false},"author":6,"featured_media":0,"comment_status":"open","ping_status":"closed","sticky":false,"template":"","format":"standard","meta":{"_joinchat":[],"footnotes":""},"categories":[1],"tags":[],"class_list":["post-80923","post","type-post","status-publish","format-standard","hentry","category-sem-categoria"],"_links":{"self":[{"href":"https:\/\/folhadosudeste.com\/site\/index.php?rest_route=\/wp\/v2\/posts\/80923","targetHints":{"allow":["GET"]}}],"collection":[{"href":"https:\/\/folhadosudeste.com\/site\/index.php?rest_route=\/wp\/v2\/posts"}],"about":[{"href":"https:\/\/folhadosudeste.com\/site\/index.php?rest_route=\/wp\/v2\/types\/post"}],"author":[{"embeddable":true,"href":"https:\/\/folhadosudeste.com\/site\/index.php?rest_route=\/wp\/v2\/users\/6"}],"replies":[{"embeddable":true,"href":"https:\/\/folhadosudeste.com\/site\/index.php?rest_route=%2Fwp%2Fv2%2Fcomments&post=80923"}],"version-history":[{"count":3,"href":"https:\/\/folhadosudeste.com\/site\/index.php?rest_route=\/wp\/v2\/posts\/80923\/revisions"}],"predecessor-version":[{"id":80948,"href":"https:\/\/folhadosudeste.com\/site\/index.php?rest_route=\/wp\/v2\/posts\/80923\/revisions\/80948"}],"wp:attachment":[{"href":"https:\/\/folhadosudeste.com\/site\/index.php?rest_route=%2Fwp%2Fv2%2Fmedia&parent=80923"}],"wp:term":[{"taxonomy":"category","embeddable":true,"href":"https:\/\/folhadosudeste.com\/site\/index.php?rest_route=%2Fwp%2Fv2%2Fcategories&post=80923"},{"taxonomy":"post_tag","embeddable":true,"href":"https:\/\/folhadosudeste.com\/site\/index.php?rest_route=%2Fwp%2Fv2%2Ftags&post=80923"}],"curies":[{"name":"wp","href":"https:\/\/api.w.org\/{rel}","templated":true}]}}