{"id":81014,"date":"2022-04-04T18:03:08","date_gmt":"2022-04-04T18:03:08","guid":{"rendered":"http:\/\/folhadosudeste.com\/site\/?p=81014"},"modified":"2022-04-05T03:13:09","modified_gmt":"2022-04-05T03:13:09","slug":"restaurado-e-recuperado-teatro-belmira-e-reaberto-ao-publico-apos-quase-3-anos","status":"publish","type":"post","link":"https:\/\/folhadosudeste.com\/site\/?p=81014","title":{"rendered":"Restaurado e recuperado, Teatro Belmira \u00e9 reaberto ao p\u00fablico ap\u00f3s quase 3 anos"},"content":{"rendered":"<div>\n<div style=\"text-align: justify;\"><a href=\"http:\/\/folhadosudeste.com\/site\/wp-content\/uploads\/2022\/04\/23E1674C-B49F-47E9-A444-0F322A0D64F5.jpeg\"><img loading=\"lazy\" decoding=\"async\" class=\"alignnone size-full wp-image-81017\" src=\"http:\/\/folhadosudeste.com\/site\/wp-content\/uploads\/2022\/04\/23E1674C-B49F-47E9-A444-0F322A0D64F5.jpeg\" alt=\"\" width=\"2048\" height=\"1638\" srcset=\"https:\/\/folhadosudeste.com\/site\/wp-content\/uploads\/2022\/04\/23E1674C-B49F-47E9-A444-0F322A0D64F5.jpeg 2048w, https:\/\/folhadosudeste.com\/site\/wp-content\/uploads\/2022\/04\/23E1674C-B49F-47E9-A444-0F322A0D64F5-300x240.jpeg 300w, https:\/\/folhadosudeste.com\/site\/wp-content\/uploads\/2022\/04\/23E1674C-B49F-47E9-A444-0F322A0D64F5-768x614.jpeg 768w, https:\/\/folhadosudeste.com\/site\/wp-content\/uploads\/2022\/04\/23E1674C-B49F-47E9-A444-0F322A0D64F5-1024x819.jpeg 1024w\" sizes=\"auto, (max-width: 2048px) 100vw, 2048px\" \/><\/a><br \/>\nAp\u00f3s quase tr\u00eas anos fechado, o Teatro Municipal Belmira Villas Boas foi reaberto no \u00faltimo s\u00e1bado com o espet\u00e1culo &#8220;Morada&#8221;, apresentado pelo grupo Afoita, de S\u00e3o Jo\u00e3o Del Rei.<\/div>\n<div style=\"text-align: justify;\">&nbsp;<\/div>\n<div style=\"text-align: justify;\">Antes da apresenta\u00e7\u00e3o, houve breve solenidade para marcar a conclus\u00e3o da reforma e restaura\u00e7\u00e3o pelas quais o teatro passou ao longo do \u00faltimo ano. A cerim\u00f4nia teve as palavras do prefeito Jos\u00e9 Braz, da diretora da Fundarte, Gilca Napier, e do deputado estadual Braulio Braz.<\/div>\n<div style=\"text-align: justify;\">&nbsp;<\/div>\n<div style=\"text-align: justify;\">As obras foram necess\u00e1rias para corrigir e recuperar os v\u00e1rios problemas encontrados no local em janeiro de 2021, no in\u00edcio da atual gest\u00e3o municipal.<\/div>\n<\/div>\n<p><!--more--><\/p>\n<div>\u00c0 \u00e9poca, chamou a aten\u00e7\u00e3o o estado de abandono que o Teatro Belmira Villas Boas foi entregue pela administra\u00e7\u00e3o anterior. A inspe\u00e7\u00e3o no pr\u00e9dio revelou as seguintes situa\u00e7\u00f5es:<\/div>\n<div>&nbsp;<\/div>\n<div>&#8211; Infiltra\u00e7\u00f5es, mofo, goteiras e cupins;<\/div>\n<div>&#8211; Paredes descascadas;<\/div>\n<div>&#8211; Portas danificadas;<\/div>\n<div>&#8211; Pias entupidas e torneiras enferrujadas;<\/div>\n<div>&#8211; Poltronas danificadas;<\/div>\n<div>&#8211; Piso e teto quebrados;<\/div>\n<div>&#8211; M\u00f3veis entulhados.<\/div>\n<div>&nbsp;<\/div>\n<div><b>O <\/b><b>espet\u00e1culo &#8211;<\/b> &#8220;Morada&#8221; foi a pe\u00e7a escolhida para a reabertura do Teatro Municipal Belmira Villas Boas ap\u00f3s a reestrutura\u00e7\u00e3o. O espet\u00e1culo com dire\u00e7\u00e3o de Marcos Fonseca trouxe di\u00e1logo direto dos atores com o p\u00fablico, inclusive com participa\u00e7\u00e3o, em cena, de integrantes da plateia. A pe\u00e7a apresentada pelo grupo Afoita, de S\u00e3o Jo\u00e3o Del Rei, coloca a fam\u00edlia como o resumo de uma sociedade que passa por mudan\u00e7as estruturais ao longo do tempo.<\/div>\n<p><a href=\"http:\/\/folhadosudeste.com\/site\/wp-content\/uploads\/2022\/04\/6EBCF366-38AE-4242-A523-CFB304C1DF74.jpeg\"><img loading=\"lazy\" decoding=\"async\" class=\"alignnone size-full wp-image-81018\" src=\"http:\/\/folhadosudeste.com\/site\/wp-content\/uploads\/2022\/04\/6EBCF366-38AE-4242-A523-CFB304C1DF74.jpeg\" alt=\"\" width=\"2048\" height=\"1638\" srcset=\"https:\/\/folhadosudeste.com\/site\/wp-content\/uploads\/2022\/04\/6EBCF366-38AE-4242-A523-CFB304C1DF74.jpeg 2048w, https:\/\/folhadosudeste.com\/site\/wp-content\/uploads\/2022\/04\/6EBCF366-38AE-4242-A523-CFB304C1DF74-300x240.jpeg 300w, https:\/\/folhadosudeste.com\/site\/wp-content\/uploads\/2022\/04\/6EBCF366-38AE-4242-A523-CFB304C1DF74-768x614.jpeg 768w, https:\/\/folhadosudeste.com\/site\/wp-content\/uploads\/2022\/04\/6EBCF366-38AE-4242-A523-CFB304C1DF74-1024x819.jpeg 1024w\" sizes=\"auto, (max-width: 2048px) 100vw, 2048px\" \/><\/a> <a href=\"http:\/\/folhadosudeste.com\/site\/wp-content\/uploads\/2022\/04\/9E554FA5-180E-4EC2-8E29-A826AD62D4AD.jpeg\"><img loading=\"lazy\" decoding=\"async\" class=\"alignnone size-full wp-image-81019\" src=\"http:\/\/folhadosudeste.com\/site\/wp-content\/uploads\/2022\/04\/9E554FA5-180E-4EC2-8E29-A826AD62D4AD.jpeg\" alt=\"\" width=\"2000\" height=\"1600\" srcset=\"https:\/\/folhadosudeste.com\/site\/wp-content\/uploads\/2022\/04\/9E554FA5-180E-4EC2-8E29-A826AD62D4AD.jpeg 2000w, https:\/\/folhadosudeste.com\/site\/wp-content\/uploads\/2022\/04\/9E554FA5-180E-4EC2-8E29-A826AD62D4AD-300x240.jpeg 300w, https:\/\/folhadosudeste.com\/site\/wp-content\/uploads\/2022\/04\/9E554FA5-180E-4EC2-8E29-A826AD62D4AD-768x614.jpeg 768w, https:\/\/folhadosudeste.com\/site\/wp-content\/uploads\/2022\/04\/9E554FA5-180E-4EC2-8E29-A826AD62D4AD-1024x819.jpeg 1024w\" sizes=\"auto, (max-width: 2000px) 100vw, 2000px\" \/><\/a> <a href=\"http:\/\/folhadosudeste.com\/site\/wp-content\/uploads\/2022\/04\/CB39DF9F-5B11-4DB1-A683-93233359A378.jpeg\"><img loading=\"lazy\" decoding=\"async\" class=\"alignnone size-full wp-image-81020\" src=\"http:\/\/folhadosudeste.com\/site\/wp-content\/uploads\/2022\/04\/CB39DF9F-5B11-4DB1-A683-93233359A378.jpeg\" alt=\"\" width=\"2048\" height=\"1639\" srcset=\"https:\/\/folhadosudeste.com\/site\/wp-content\/uploads\/2022\/04\/CB39DF9F-5B11-4DB1-A683-93233359A378.jpeg 2048w, https:\/\/folhadosudeste.com\/site\/wp-content\/uploads\/2022\/04\/CB39DF9F-5B11-4DB1-A683-93233359A378-300x240.jpeg 300w, https:\/\/folhadosudeste.com\/site\/wp-content\/uploads\/2022\/04\/CB39DF9F-5B11-4DB1-A683-93233359A378-768x615.jpeg 768w, https:\/\/folhadosudeste.com\/site\/wp-content\/uploads\/2022\/04\/CB39DF9F-5B11-4DB1-A683-93233359A378-1024x819.jpeg 1024w\" sizes=\"auto, (max-width: 2048px) 100vw, 2048px\" \/><\/a><\/p>\n","protected":false},"excerpt":{"rendered":"<p>Ap\u00f3s quase tr\u00eas anos fechado, o Teatro Municipal Belmira Villas Boas foi reaberto no \u00faltimo s\u00e1bado com o espet\u00e1culo &#8220;Morada&#8221;, apresentado pelo grupo Afoita, de S\u00e3o Jo\u00e3o Del Rei. &nbsp; Antes da apresenta\u00e7\u00e3o, houve breve solenidade para marcar a conclus\u00e3o da reforma e restaura\u00e7\u00e3o pelas quais o teatro passou ao longo do \u00faltimo ano. A [&hellip;]<\/p>\n","protected":false},"author":6,"featured_media":0,"comment_status":"open","ping_status":"closed","sticky":false,"template":"","format":"standard","meta":{"_joinchat":[],"footnotes":""},"categories":[1],"tags":[],"class_list":["post-81014","post","type-post","status-publish","format-standard","hentry","category-sem-categoria"],"_links":{"self":[{"href":"https:\/\/folhadosudeste.com\/site\/index.php?rest_route=\/wp\/v2\/posts\/81014","targetHints":{"allow":["GET"]}}],"collection":[{"href":"https:\/\/folhadosudeste.com\/site\/index.php?rest_route=\/wp\/v2\/posts"}],"about":[{"href":"https:\/\/folhadosudeste.com\/site\/index.php?rest_route=\/wp\/v2\/types\/post"}],"author":[{"embeddable":true,"href":"https:\/\/folhadosudeste.com\/site\/index.php?rest_route=\/wp\/v2\/users\/6"}],"replies":[{"embeddable":true,"href":"https:\/\/folhadosudeste.com\/site\/index.php?rest_route=%2Fwp%2Fv2%2Fcomments&post=81014"}],"version-history":[{"count":4,"href":"https:\/\/folhadosudeste.com\/site\/index.php?rest_route=\/wp\/v2\/posts\/81014\/revisions"}],"predecessor-version":[{"id":81037,"href":"https:\/\/folhadosudeste.com\/site\/index.php?rest_route=\/wp\/v2\/posts\/81014\/revisions\/81037"}],"wp:attachment":[{"href":"https:\/\/folhadosudeste.com\/site\/index.php?rest_route=%2Fwp%2Fv2%2Fmedia&parent=81014"}],"wp:term":[{"taxonomy":"category","embeddable":true,"href":"https:\/\/folhadosudeste.com\/site\/index.php?rest_route=%2Fwp%2Fv2%2Fcategories&post=81014"},{"taxonomy":"post_tag","embeddable":true,"href":"https:\/\/folhadosudeste.com\/site\/index.php?rest_route=%2Fwp%2Fv2%2Ftags&post=81014"}],"curies":[{"name":"wp","href":"https:\/\/api.w.org\/{rel}","templated":true}]}}