{"id":81025,"date":"2022-04-05T00:35:56","date_gmt":"2022-04-05T00:35:56","guid":{"rendered":"http:\/\/folhadosudeste.com\/site\/?p=81025"},"modified":"2022-04-05T03:11:28","modified_gmt":"2022-04-05T03:11:28","slug":"camara-de-muriae-realiza-audiencia-sobre-atendimento-de-saude-no-dia-mundial-da-saude","status":"publish","type":"post","link":"https:\/\/folhadosudeste.com\/site\/?p=81025","title":{"rendered":"C\u00e2mara de Muria\u00e9 realiza Audi\u00eancia sobre atendimento de sa\u00fade no Dia Mundial da Sa\u00fade"},"content":{"rendered":"<p style=\"text-align: justify;\"><a href=\"http:\/\/folhadosudeste.com\/site\/wp-content\/uploads\/2022\/04\/681308F4-016B-4322-9288-F8AFC0A4C7C6.jpeg\"><img loading=\"lazy\" decoding=\"async\" class=\"alignnone size-full wp-image-81026\" src=\"http:\/\/folhadosudeste.com\/site\/wp-content\/uploads\/2022\/04\/681308F4-016B-4322-9288-F8AFC0A4C7C6.jpeg\" alt=\"\" width=\"720\" height=\"1280\" srcset=\"https:\/\/folhadosudeste.com\/site\/wp-content\/uploads\/2022\/04\/681308F4-016B-4322-9288-F8AFC0A4C7C6.jpeg 720w, https:\/\/folhadosudeste.com\/site\/wp-content\/uploads\/2022\/04\/681308F4-016B-4322-9288-F8AFC0A4C7C6-169x300.jpeg 169w, https:\/\/folhadosudeste.com\/site\/wp-content\/uploads\/2022\/04\/681308F4-016B-4322-9288-F8AFC0A4C7C6-576x1024.jpeg 576w\" sizes=\"auto, (max-width: 720px) 100vw, 720px\" \/><\/a><br \/>\nNo Dia Mundial da Sa\u00fade, 7 de abril, quinta-feira, a C\u00e2mara de Muria\u00e9 vai realizar uma Audi\u00eancia P\u00fablica com o tema \u201cAtendimento em Sa\u00fade P\u00fablica em Muria\u00e9\u201d. Foram convidados os representantes das institui\u00e7\u00f5es de sa\u00fade do munic\u00edpio que realizam amplos atendimentos pelo SUS; como Hospital S\u00e3o Paulo, Funda\u00e7\u00e3o Cristiano Varella, Prontocor, Casa de Sa\u00fade Santa L\u00facia e a Unidade de Pronto Atendimento (UPA). O legislativo tamb\u00e9m convidou representantes da gest\u00e3o municipal de Sa\u00fade (Secretaria) e estadual (Diretoria Regional de Sa\u00fade de Ub\u00e1).<br \/>\nO objetivo do evento \u00e9 elencar os servi\u00e7os prestados, os desafios enfrentados e os caminhos propostos para que o atendimento p\u00fablico possa ser otimizado e agilizado em Muria\u00e9.<\/p>\n<p style=\"text-align: justify;\"><!--more--><br \/>\nA audi\u00eancia foi proposta pela vereadora Dr\u00aa Miriam (PP) e ser\u00e1 conduzida pelo presidente da Comiss\u00e3o de Sa\u00fade e Saneamento da C\u00e2mara, vereador Dr. Frederico (PTB). \u00c9 um momento em que a popula\u00e7\u00e3o ter\u00e1 acesso a todas as informa\u00e7\u00f5es sobre o atendimento realizado pelo SUS em Muria\u00e9, podendo esclarecer d\u00favidas, entender todo a rede de presta\u00e7\u00e3o de servi\u00e7os em sa\u00fade p\u00fablica no munic\u00edpio.<br \/>\nA Audi\u00eancia ser\u00e1 realizada \u00e0s 18h30 no Plen\u00e1rio da C\u00e2mara de Muria\u00e9, localizado na Pra\u00e7a Cel. Pacheco de Medeiros, ao lado dos Correios.<\/p>\n","protected":false},"excerpt":{"rendered":"<p>No Dia Mundial da Sa\u00fade, 7 de abril, quinta-feira, a C\u00e2mara de Muria\u00e9 vai realizar uma Audi\u00eancia P\u00fablica com o tema \u201cAtendimento em Sa\u00fade P\u00fablica em Muria\u00e9\u201d. Foram convidados os representantes das institui\u00e7\u00f5es de sa\u00fade do munic\u00edpio que realizam amplos atendimentos pelo SUS; como Hospital S\u00e3o Paulo, Funda\u00e7\u00e3o Cristiano Varella, Prontocor, Casa de Sa\u00fade Santa [&hellip;]<\/p>\n","protected":false},"author":6,"featured_media":0,"comment_status":"open","ping_status":"closed","sticky":false,"template":"","format":"standard","meta":{"_joinchat":[],"footnotes":""},"categories":[1],"tags":[],"class_list":["post-81025","post","type-post","status-publish","format-standard","hentry","category-sem-categoria"],"_links":{"self":[{"href":"https:\/\/folhadosudeste.com\/site\/index.php?rest_route=\/wp\/v2\/posts\/81025","targetHints":{"allow":["GET"]}}],"collection":[{"href":"https:\/\/folhadosudeste.com\/site\/index.php?rest_route=\/wp\/v2\/posts"}],"about":[{"href":"https:\/\/folhadosudeste.com\/site\/index.php?rest_route=\/wp\/v2\/types\/post"}],"author":[{"embeddable":true,"href":"https:\/\/folhadosudeste.com\/site\/index.php?rest_route=\/wp\/v2\/users\/6"}],"replies":[{"embeddable":true,"href":"https:\/\/folhadosudeste.com\/site\/index.php?rest_route=%2Fwp%2Fv2%2Fcomments&post=81025"}],"version-history":[{"count":2,"href":"https:\/\/folhadosudeste.com\/site\/index.php?rest_route=\/wp\/v2\/posts\/81025\/revisions"}],"predecessor-version":[{"id":81036,"href":"https:\/\/folhadosudeste.com\/site\/index.php?rest_route=\/wp\/v2\/posts\/81025\/revisions\/81036"}],"wp:attachment":[{"href":"https:\/\/folhadosudeste.com\/site\/index.php?rest_route=%2Fwp%2Fv2%2Fmedia&parent=81025"}],"wp:term":[{"taxonomy":"category","embeddable":true,"href":"https:\/\/folhadosudeste.com\/site\/index.php?rest_route=%2Fwp%2Fv2%2Fcategories&post=81025"},{"taxonomy":"post_tag","embeddable":true,"href":"https:\/\/folhadosudeste.com\/site\/index.php?rest_route=%2Fwp%2Fv2%2Ftags&post=81025"}],"curies":[{"name":"wp","href":"https:\/\/api.w.org\/{rel}","templated":true}]}}