{"id":81028,"date":"2022-04-05T03:07:04","date_gmt":"2022-04-05T03:07:04","guid":{"rendered":"http:\/\/folhadosudeste.com\/site\/?p=81028"},"modified":"2022-04-05T03:10:19","modified_gmt":"2022-04-05T03:10:19","slug":"nota-de-pesar-pelo-falecimento-de-dom-jose-geraldo-da-cruz-aa","status":"publish","type":"post","link":"https:\/\/folhadosudeste.com\/site\/?p=81028","title":{"rendered":"NOTA DE PESAR PELO FALECIMENTO DE DOM JOS\u00c9 GERALDO DA CRUZ, AA"},"content":{"rendered":"<p><a href=\"http:\/\/folhadosudeste.com\/site\/wp-content\/uploads\/2022\/04\/0FB82A55-073E-4E11-A534-4C9B54F6BD8E.jpeg\"><img loading=\"lazy\" decoding=\"async\" class=\"alignnone size-full wp-image-81029\" src=\"http:\/\/folhadosudeste.com\/site\/wp-content\/uploads\/2022\/04\/0FB82A55-073E-4E11-A534-4C9B54F6BD8E.jpeg\" alt=\"\" width=\"356\" height=\"276\" srcset=\"https:\/\/folhadosudeste.com\/site\/wp-content\/uploads\/2022\/04\/0FB82A55-073E-4E11-A534-4C9B54F6BD8E.jpeg 356w, https:\/\/folhadosudeste.com\/site\/wp-content\/uploads\/2022\/04\/0FB82A55-073E-4E11-A534-4C9B54F6BD8E-300x233.jpeg 300w\" sizes=\"auto, (max-width: 356px) 100vw, 356px\" \/><\/a><\/p>\n<p style=\"text-align: justify;\">Amados irm\u00e3os e irm\u00e3s da Diocese de Leopoldina, com profundo pesar, venho a p\u00fablico particip\u00e1-los do falecimento, nesta manh\u00e3, de Sua Excel\u00eancia Reverend\u00edssima Dom Jos\u00e9 Geraldo da Cruz, AA, bispo em\u00e9rito da Diocese de Juazeiro, Bahia, que residia em Laranjal, (MG), na Comunidade Bom Jesus da Cachoeira, da Par\u00f3quia Nossa Senhora da Concei\u00e7\u00e3o.<\/p>\n<p style=\"text-align: justify;\">Externamos ao senhor bispo diocesano, ao clero e povo de Deus da Diocese de Juazeiro, bem como a Congrega\u00e7\u00e3o dos Agostinianos da Assun\u00e7\u00e3o (A.A.), familiares e amigos, a profunda consterna\u00e7\u00e3o pelo seu passamento.<\/p>\n<p><!--more--><\/p>\n<p style=\"text-align: justify;\">Est\u00e3o sendo tomadas as provid\u00eancias em vista do seu vel\u00f3rio e sepultamento. Viremos oportunamente a p\u00fablico trazer informa\u00e7\u00f5es mais circunstanciadas.<\/p>\n<p style=\"text-align: justify;\">Estejamos unidos em ora\u00e7\u00e3o, Deus aben\u00e7oe a todos.<\/p>\n<p style=\"text-align: justify;\">Dom Edson Oriolo<\/p>\n<p style=\"text-align: justify;\">Bispo Diocesano de Leopoldina<\/p>\n<p><a href=\"http:\/\/folhadosudeste.com\/site\/wp-content\/uploads\/2022\/04\/57DC50BA-BE5A-40CE-9374-E66233EF9E91.jpeg\"><img loading=\"lazy\" decoding=\"async\" class=\"alignnone size-full wp-image-81030\" src=\"http:\/\/folhadosudeste.com\/site\/wp-content\/uploads\/2022\/04\/57DC50BA-BE5A-40CE-9374-E66233EF9E91.jpeg\" alt=\"\" width=\"707\" height=\"471\" srcset=\"https:\/\/folhadosudeste.com\/site\/wp-content\/uploads\/2022\/04\/57DC50BA-BE5A-40CE-9374-E66233EF9E91.jpeg 707w, https:\/\/folhadosudeste.com\/site\/wp-content\/uploads\/2022\/04\/57DC50BA-BE5A-40CE-9374-E66233EF9E91-300x200.jpeg 300w, https:\/\/folhadosudeste.com\/site\/wp-content\/uploads\/2022\/04\/57DC50BA-BE5A-40CE-9374-E66233EF9E91-120x80.jpeg 120w, https:\/\/folhadosudeste.com\/site\/wp-content\/uploads\/2022\/04\/57DC50BA-BE5A-40CE-9374-E66233EF9E91-345x230.jpeg 345w\" sizes=\"auto, (max-width: 707px) 100vw, 707px\" \/><\/a> <a href=\"http:\/\/folhadosudeste.com\/site\/wp-content\/uploads\/2022\/04\/9EA3B7B1-94AC-4B68-843D-864913BB12C5.jpeg\"><img loading=\"lazy\" decoding=\"async\" class=\"alignnone size-full wp-image-81031\" src=\"http:\/\/folhadosudeste.com\/site\/wp-content\/uploads\/2022\/04\/9EA3B7B1-94AC-4B68-843D-864913BB12C5.jpeg\" alt=\"\" width=\"707\" height=\"471\" srcset=\"https:\/\/folhadosudeste.com\/site\/wp-content\/uploads\/2022\/04\/9EA3B7B1-94AC-4B68-843D-864913BB12C5.jpeg 707w, https:\/\/folhadosudeste.com\/site\/wp-content\/uploads\/2022\/04\/9EA3B7B1-94AC-4B68-843D-864913BB12C5-300x200.jpeg 300w, https:\/\/folhadosudeste.com\/site\/wp-content\/uploads\/2022\/04\/9EA3B7B1-94AC-4B68-843D-864913BB12C5-120x80.jpeg 120w, https:\/\/folhadosudeste.com\/site\/wp-content\/uploads\/2022\/04\/9EA3B7B1-94AC-4B68-843D-864913BB12C5-345x230.jpeg 345w\" sizes=\"auto, (max-width: 707px) 100vw, 707px\" \/><\/a><\/p>\n<p>Texto: Diocese de Leopoldina&nbsp;<\/p>\n<p>Fotos: Silvan Alves<\/p>\n","protected":false},"excerpt":{"rendered":"<p>Amados irm\u00e3os e irm\u00e3s da Diocese de Leopoldina, com profundo pesar, venho a p\u00fablico particip\u00e1-los do falecimento, nesta manh\u00e3, de Sua Excel\u00eancia Reverend\u00edssima Dom Jos\u00e9 Geraldo da Cruz, AA, bispo em\u00e9rito da Diocese de Juazeiro, Bahia, que residia em Laranjal, (MG), na Comunidade Bom Jesus da Cachoeira, da Par\u00f3quia Nossa Senhora da Concei\u00e7\u00e3o. Externamos ao [&hellip;]<\/p>\n","protected":false},"author":6,"featured_media":0,"comment_status":"open","ping_status":"closed","sticky":false,"template":"","format":"standard","meta":{"_joinchat":[],"footnotes":""},"categories":[1],"tags":[],"class_list":["post-81028","post","type-post","status-publish","format-standard","hentry","category-sem-categoria"],"_links":{"self":[{"href":"https:\/\/folhadosudeste.com\/site\/index.php?rest_route=\/wp\/v2\/posts\/81028","targetHints":{"allow":["GET"]}}],"collection":[{"href":"https:\/\/folhadosudeste.com\/site\/index.php?rest_route=\/wp\/v2\/posts"}],"about":[{"href":"https:\/\/folhadosudeste.com\/site\/index.php?rest_route=\/wp\/v2\/types\/post"}],"author":[{"embeddable":true,"href":"https:\/\/folhadosudeste.com\/site\/index.php?rest_route=\/wp\/v2\/users\/6"}],"replies":[{"embeddable":true,"href":"https:\/\/folhadosudeste.com\/site\/index.php?rest_route=%2Fwp%2Fv2%2Fcomments&post=81028"}],"version-history":[{"count":2,"href":"https:\/\/folhadosudeste.com\/site\/index.php?rest_route=\/wp\/v2\/posts\/81028\/revisions"}],"predecessor-version":[{"id":81035,"href":"https:\/\/folhadosudeste.com\/site\/index.php?rest_route=\/wp\/v2\/posts\/81028\/revisions\/81035"}],"wp:attachment":[{"href":"https:\/\/folhadosudeste.com\/site\/index.php?rest_route=%2Fwp%2Fv2%2Fmedia&parent=81028"}],"wp:term":[{"taxonomy":"category","embeddable":true,"href":"https:\/\/folhadosudeste.com\/site\/index.php?rest_route=%2Fwp%2Fv2%2Fcategories&post=81028"},{"taxonomy":"post_tag","embeddable":true,"href":"https:\/\/folhadosudeste.com\/site\/index.php?rest_route=%2Fwp%2Fv2%2Ftags&post=81028"}],"curies":[{"name":"wp","href":"https:\/\/api.w.org\/{rel}","templated":true}]}}