{"id":81051,"date":"2022-04-06T19:58:34","date_gmt":"2022-04-06T19:58:34","guid":{"rendered":"http:\/\/folhadosudeste.com\/site\/?p=81051"},"modified":"2022-04-06T19:58:34","modified_gmt":"2022-04-06T19:58:34","slug":"informacoes-relativas-ao-velorio-e-sepultamento-de-s-ex-a-rev-ma-dom-jose-geraldo-da-cruz-aa","status":"publish","type":"post","link":"https:\/\/folhadosudeste.com\/site\/?p=81051","title":{"rendered":"INFORMA\u00c7\u00d5ES RELATIVAS AO VEL\u00d3RIO E SEPULTAMENTO DE S. EX.A REV.MA DOM JOS\u00c9 GERALDO DA CRUZ, AA"},"content":{"rendered":"<p style=\"text-align: justify;\"><a href=\"http:\/\/folhadosudeste.com\/site\/wp-content\/uploads\/2022\/04\/168353B8-CE77-4070-B97F-E53205D0E517.jpeg\"><img loading=\"lazy\" decoding=\"async\" class=\"alignnone size-full wp-image-81052\" src=\"http:\/\/folhadosudeste.com\/site\/wp-content\/uploads\/2022\/04\/168353B8-CE77-4070-B97F-E53205D0E517.jpeg\" alt=\"\" width=\"1024\" height=\"768\" srcset=\"https:\/\/folhadosudeste.com\/site\/wp-content\/uploads\/2022\/04\/168353B8-CE77-4070-B97F-E53205D0E517.jpeg 1024w, https:\/\/folhadosudeste.com\/site\/wp-content\/uploads\/2022\/04\/168353B8-CE77-4070-B97F-E53205D0E517-300x225.jpeg 300w, https:\/\/folhadosudeste.com\/site\/wp-content\/uploads\/2022\/04\/168353B8-CE77-4070-B97F-E53205D0E517-768x576.jpeg 768w\" sizes=\"auto, (max-width: 1024px) 100vw, 1024px\" \/><\/a><br \/>\nDe ordem do Ex.mo Sr. Bispo Diocesano, Dom Edson Oriolo, trazemos a p\u00fablico as informa\u00e7\u00f5es relativas ao vel\u00f3rio e sepultamento de Dom Jos\u00e9 Geraldo, bispo em\u00e9rito de Juazeiro\/BA, filho de nossa diocese e residente, nos \u00faltimos anos, em Bom Jesus da Cachoeira.<\/p>\n<p style=\"text-align: justify;\">Sua Excel\u00eancia ser\u00e1 velado a partir da tarde desta segunda-feira, quatro de abril, na Igreja Matriz de S\u00e3o Paulo em Muria\u00e9\/MG.<\/p>\n<p><!--more--><\/p>\n<p style=\"text-align: justify;\">No in\u00edcio da manh\u00e3 de quarta-feira, seis de abril, o f\u00e9retro ser\u00e1 trasladado para a Catedral Diocesana de S\u00e3o Sebasti\u00e3o em Leopoldina\/ MG, onde, ap\u00f3s um tempo de vel\u00f3rio ser\u00e1 celebrada a Solene Missa Exequial, a qual seguir\u00e1 o sepultamento no interior do mesmo templo.<\/p>\n<p style=\"text-align: justify;\">Exortamos a todo o Clero e fi\u00e9is de nossa Diocese para que acompanhe com as suas preces a Diocese de Juazeiro\/BA, a Congrega\u00e7\u00e3o Assuncionista, os familiares e amigos de Dom Jos\u00e9 Geraldo.<\/p>\n<p><a href=\"http:\/\/folhadosudeste.com\/site\/wp-content\/uploads\/2022\/04\/0F13BF40-4C6F-4498-9565-33C57378796D.jpeg\"><img loading=\"lazy\" decoding=\"async\" class=\"alignnone size-full wp-image-81053\" src=\"http:\/\/folhadosudeste.com\/site\/wp-content\/uploads\/2022\/04\/0F13BF40-4C6F-4498-9565-33C57378796D.jpeg\" alt=\"\" width=\"1024\" height=\"768\" srcset=\"https:\/\/folhadosudeste.com\/site\/wp-content\/uploads\/2022\/04\/0F13BF40-4C6F-4498-9565-33C57378796D.jpeg 1024w, https:\/\/folhadosudeste.com\/site\/wp-content\/uploads\/2022\/04\/0F13BF40-4C6F-4498-9565-33C57378796D-300x225.jpeg 300w, https:\/\/folhadosudeste.com\/site\/wp-content\/uploads\/2022\/04\/0F13BF40-4C6F-4498-9565-33C57378796D-768x576.jpeg 768w\" sizes=\"auto, (max-width: 1024px) 100vw, 1024px\" \/><\/a> <a href=\"http:\/\/folhadosudeste.com\/site\/wp-content\/uploads\/2022\/04\/CDF445DE-9ED6-4C7C-AA51-794953D9E90D.jpeg\"><img loading=\"lazy\" decoding=\"async\" class=\"alignnone size-full wp-image-81054\" src=\"http:\/\/folhadosudeste.com\/site\/wp-content\/uploads\/2022\/04\/CDF445DE-9ED6-4C7C-AA51-794953D9E90D.jpeg\" alt=\"\" width=\"1024\" height=\"768\" srcset=\"https:\/\/folhadosudeste.com\/site\/wp-content\/uploads\/2022\/04\/CDF445DE-9ED6-4C7C-AA51-794953D9E90D.jpeg 1024w, https:\/\/folhadosudeste.com\/site\/wp-content\/uploads\/2022\/04\/CDF445DE-9ED6-4C7C-AA51-794953D9E90D-300x225.jpeg 300w, https:\/\/folhadosudeste.com\/site\/wp-content\/uploads\/2022\/04\/CDF445DE-9ED6-4C7C-AA51-794953D9E90D-768x576.jpeg 768w\" sizes=\"auto, (max-width: 1024px) 100vw, 1024px\" \/><\/a><\/p>\n<p>Fonte:&nbsp;<strong><em>Assessoria de Imprensa da Diocese de Leopoldina<\/em><\/strong><\/p>\n","protected":false},"excerpt":{"rendered":"<p>De ordem do Ex.mo Sr. Bispo Diocesano, Dom Edson Oriolo, trazemos a p\u00fablico as informa\u00e7\u00f5es relativas ao vel\u00f3rio e sepultamento de Dom Jos\u00e9 Geraldo, bispo em\u00e9rito de Juazeiro\/BA, filho de nossa diocese e residente, nos \u00faltimos anos, em Bom Jesus da Cachoeira. Sua Excel\u00eancia ser\u00e1 velado a partir da tarde desta segunda-feira, quatro de abril, [&hellip;]<\/p>\n","protected":false},"author":6,"featured_media":0,"comment_status":"open","ping_status":"closed","sticky":false,"template":"","format":"standard","meta":{"_joinchat":[],"footnotes":""},"categories":[1],"tags":[],"class_list":["post-81051","post","type-post","status-publish","format-standard","hentry","category-sem-categoria"],"_links":{"self":[{"href":"https:\/\/folhadosudeste.com\/site\/index.php?rest_route=\/wp\/v2\/posts\/81051","targetHints":{"allow":["GET"]}}],"collection":[{"href":"https:\/\/folhadosudeste.com\/site\/index.php?rest_route=\/wp\/v2\/posts"}],"about":[{"href":"https:\/\/folhadosudeste.com\/site\/index.php?rest_route=\/wp\/v2\/types\/post"}],"author":[{"embeddable":true,"href":"https:\/\/folhadosudeste.com\/site\/index.php?rest_route=\/wp\/v2\/users\/6"}],"replies":[{"embeddable":true,"href":"https:\/\/folhadosudeste.com\/site\/index.php?rest_route=%2Fwp%2Fv2%2Fcomments&post=81051"}],"version-history":[{"count":1,"href":"https:\/\/folhadosudeste.com\/site\/index.php?rest_route=\/wp\/v2\/posts\/81051\/revisions"}],"predecessor-version":[{"id":81055,"href":"https:\/\/folhadosudeste.com\/site\/index.php?rest_route=\/wp\/v2\/posts\/81051\/revisions\/81055"}],"wp:attachment":[{"href":"https:\/\/folhadosudeste.com\/site\/index.php?rest_route=%2Fwp%2Fv2%2Fmedia&parent=81051"}],"wp:term":[{"taxonomy":"category","embeddable":true,"href":"https:\/\/folhadosudeste.com\/site\/index.php?rest_route=%2Fwp%2Fv2%2Fcategories&post=81051"},{"taxonomy":"post_tag","embeddable":true,"href":"https:\/\/folhadosudeste.com\/site\/index.php?rest_route=%2Fwp%2Fv2%2Ftags&post=81051"}],"curies":[{"name":"wp","href":"https:\/\/api.w.org\/{rel}","templated":true}]}}