{"id":81083,"date":"2022-04-08T16:17:02","date_gmt":"2022-04-08T16:17:02","guid":{"rendered":"http:\/\/folhadosudeste.com\/site\/?p=81083"},"modified":"2022-04-08T16:17:02","modified_gmt":"2022-04-08T16:17:02","slug":"audiencia-publica-na-camara-de-muriae-reune-representantes-dos-principais-hospitais-e-tem-anuncio-de-recursos-do-legislativo-na-ordem-de-r-200-mil-para-cirurgias-eletivas","status":"publish","type":"post","link":"https:\/\/folhadosudeste.com\/site\/?p=81083","title":{"rendered":"Audi\u00eancia P\u00fablica na C\u00e2mara de Muria\u00e9 re\u00fane representantes dos principais hospitais e tem an\u00fancio de recursos do Legislativo na ordem de R$ 200 mil para cirurgias eletivas"},"content":{"rendered":"<p><a href=\"http:\/\/folhadosudeste.com\/site\/wp-content\/uploads\/2022\/04\/EF36DD37-8BEF-40DC-A77E-4198BD780CCE.jpeg\"><img loading=\"lazy\" decoding=\"async\" class=\"alignnone size-full wp-image-81084\" src=\"http:\/\/folhadosudeste.com\/site\/wp-content\/uploads\/2022\/04\/EF36DD37-8BEF-40DC-A77E-4198BD780CCE.jpeg\" alt=\"\" width=\"800\" height=\"534\" srcset=\"https:\/\/folhadosudeste.com\/site\/wp-content\/uploads\/2022\/04\/EF36DD37-8BEF-40DC-A77E-4198BD780CCE.jpeg 800w, https:\/\/folhadosudeste.com\/site\/wp-content\/uploads\/2022\/04\/EF36DD37-8BEF-40DC-A77E-4198BD780CCE-300x200.jpeg 300w, https:\/\/folhadosudeste.com\/site\/wp-content\/uploads\/2022\/04\/EF36DD37-8BEF-40DC-A77E-4198BD780CCE-768x513.jpeg 768w, https:\/\/folhadosudeste.com\/site\/wp-content\/uploads\/2022\/04\/EF36DD37-8BEF-40DC-A77E-4198BD780CCE-120x80.jpeg 120w, https:\/\/folhadosudeste.com\/site\/wp-content\/uploads\/2022\/04\/EF36DD37-8BEF-40DC-A77E-4198BD780CCE-345x230.jpeg 345w\" sizes=\"auto, (max-width: 800px) 100vw, 800px\" \/><\/a><br \/>\nCom o plen\u00e1rio da C\u00e2mara de Muria\u00e9 completamente lotado, cerca de 200 participantes, aconteceu ontem a Audi\u00eancia P\u00fablica \u201cAtendimento em Sa\u00fade P\u00fablica em Muria\u00e9\u201d. Os principais agentes do sistema de sa\u00fade p\u00fablica de Muria\u00e9, gestores e prestadores de servi\u00e7os, participaram para apresentar o funcionamento do atendimento gratuito em sa\u00fade no munic\u00edpio, as perspectivas, os principais problemas enfrentados, os recursos que disp\u00f5em e como est\u00e3o sendo utilizados. Foram cerca de quatro horas de Audi\u00eancia que resultou no an\u00fancio do presidente na C\u00e2mara, Ciso (PL), de que vai repassar R$ 200 mil para realiza\u00e7\u00e3o de cirurgias eletivas pelo SUS, grande problema apresentado durante o evento pelas institui\u00e7\u00f5es do Munic\u00edpio.<\/p>\n<p>A Audi\u00eancia foi aberta pelo presidente Ciso que ap\u00f3s dar boas-vindas e falar da import\u00e2ncia de se discutir a Sa\u00fade P\u00fablica, passou a condu\u00e7\u00e3o para os presidente e vice-presidente da Comiss\u00e3o de Sa\u00fade e Saneamento B\u00e1sico da C\u00e2mara, vereadores Dr. Frederico (PTB) e Valdinei Lacerda (PSD). Estes contaram com o apoio da vereadora Dr\u00aa Miriam (PP) proponente desta Audi\u00eancia. Tamb\u00e9m fez parte da mesa diretora o vice-prefeito e secret\u00e1rio municipal de Sa\u00fade, Dr. Marcos Guarino, que, representando o Executivo, fez uma profunda apresenta\u00e7\u00e3o de toda a pol\u00edtica municipal de sa\u00fade, os mecanismos, servi\u00e7os, avan\u00e7os e perspectivas futuras.<!--more--><\/p>\n<p>Em seguida, foi aberto espa\u00e7o para que um representante da Associa\u00e7\u00e3o Muria\u00e9 dos Autistas \u2013 AMA \u2013 falasse pela institui\u00e7\u00e3o que reivindicou mais recursos para realiza\u00e7\u00e3o de seus trabalhos focados no apoio e orienta\u00e7\u00e3o de pais, amigos e profissionais sobre a causa do autismo nas \u00e1reas de sa\u00fade, educa\u00e7\u00e3o e direitos. O vereador Dr. Frederico, colocou-se \u00e0 disposi\u00e7\u00e3o para intermediar o di\u00e1logo entre a Associa\u00e7\u00e3o e o Executivo Municipal.<\/p>\n<p>Ap\u00f3s este momento, iniciaram-se as participa\u00e7\u00f5es dos representantes das Unidades Hospitalares de Muria\u00e9. A Funda\u00e7\u00e3o Cristiano Varella, representada por seu diretor superintendente, S\u00e9rgio Henriques, apresentou os servi\u00e7os que prestam, a grande estrutura, com inclusive uma unidade m\u00f3vel que percorre diversos munic\u00edpios com realiza\u00e7\u00e3o de exames de alta complexidade, a abrang\u00eancia da \u00e1rea de atua\u00e7\u00e3o (atende 187 munic\u00edpios) e anunciou amplia\u00e7\u00f5es com as constru\u00e7\u00f5es de novas unidades em Manhua\u00e7u (MG) e em Itaperuna (RJ). Ele ressaltou ainda que 87% do atendimento da Funda\u00e7\u00e3o \u00e9 direcionado ao SUS.<\/p>\n<p>A Casa de Caridade Hospital S\u00e3o Paulo, representada por seu vice-reitor, Jos\u00e9 Eduardo Rodrigues Caldas e a administradora Rita de C\u00e1ssia Pereira de Castro contou um pouco da luta hist\u00f3rica vivenciada pelo hospital, ressaltando se tratar hoje de uma institui\u00e7\u00e3o sem fins lucrativos, macrorregional, que possui mais de 80% de seus atendimentos pelo SUS, funcionando de portas abertas e apresentou especificidades, como o fato de ser o \u00fanico que possui atendimento em sa\u00fade mental na regi\u00e3o. Relatou custos e despesas, recursos adquiridos, as dificuldades enfrentadas com a pandemia do Covid-19 e manifestou preocupa\u00e7\u00e3o com a atual pol\u00edtica de valores do SUS que h\u00e1 muitos anos n\u00e3o passa por altera\u00e7\u00f5es adequadas a realidade.<\/p>\n<p>O Prontocor esteve representado por seu administrador, Valter Vidon Neto, que destacou os 38 anos da hist\u00f3ria da entidade sem fins lucrativos, pioneira na alta complexidade em cardiologia na regi\u00e3o. Apresentou os servi\u00e7os prestados e relatou que 67% do atendimento \u00e9 destinado ao SUS. Tamb\u00e9m relatou receitas e despesas, destacou o fato do hospital possuir atendimento de urg\u00eancia e emerg\u00eancia para cardiologia e apresentou as dificuldades enfrentadas, como a falta de recursos para cirurgias eletiva, o n\u00e3o recebimento de servi\u00e7os prestados ao SUS por extrapolamento em alta e m\u00e9dia complexidade e apresentou as perspectivas futuras para a institui\u00e7\u00e3o.<\/p>\n<p>Ao t\u00e9rmino das apresenta\u00e7\u00f5es, al\u00e9m dos membros da mesa, os vereadores Anderson (PSD), Forim (Solidariedade) e a presidente do Conselho Municipal de Sa\u00fade, Lucimar de Souza Amora Freire se manifestaram sobre a import\u00e2ncia do momento para a transpar\u00eancia dos servi\u00e7os p\u00fablicos e para promover o amplo conhecimento sobre os servi\u00e7os prestados e o apontamento de novos caminhos para aprimoramento do atendimento em Muria\u00e9.&nbsp;<\/p>\n<p>O presidente da C\u00e2mara, Ciso, encerra as falas anunciando a destina\u00e7\u00e3o de R$ 200 mil em restitui\u00e7\u00e3o da C\u00e2mara para o Munic\u00edpio, ainda neste primeiro semestre, a fim de se investir numa das maiores demandas e entraves apresentados pelas institui\u00e7\u00f5es: as cirurgias eletivas pelo SUS.&nbsp;<br \/>\n<a href=\"http:\/\/folhadosudeste.com\/site\/wp-content\/uploads\/2022\/04\/FD4A0575-7F5F-46C8-A0FD-02BB2145C620.jpeg\"><img loading=\"lazy\" decoding=\"async\" class=\"alignnone size-full wp-image-81085\" src=\"http:\/\/folhadosudeste.com\/site\/wp-content\/uploads\/2022\/04\/FD4A0575-7F5F-46C8-A0FD-02BB2145C620.jpeg\" alt=\"\" width=\"800\" height=\"534\" srcset=\"https:\/\/folhadosudeste.com\/site\/wp-content\/uploads\/2022\/04\/FD4A0575-7F5F-46C8-A0FD-02BB2145C620.jpeg 800w, https:\/\/folhadosudeste.com\/site\/wp-content\/uploads\/2022\/04\/FD4A0575-7F5F-46C8-A0FD-02BB2145C620-300x200.jpeg 300w, https:\/\/folhadosudeste.com\/site\/wp-content\/uploads\/2022\/04\/FD4A0575-7F5F-46C8-A0FD-02BB2145C620-768x513.jpeg 768w, https:\/\/folhadosudeste.com\/site\/wp-content\/uploads\/2022\/04\/FD4A0575-7F5F-46C8-A0FD-02BB2145C620-120x80.jpeg 120w, https:\/\/folhadosudeste.com\/site\/wp-content\/uploads\/2022\/04\/FD4A0575-7F5F-46C8-A0FD-02BB2145C620-345x230.jpeg 345w\" sizes=\"auto, (max-width: 800px) 100vw, 800px\" \/><\/a> <a href=\"http:\/\/folhadosudeste.com\/site\/wp-content\/uploads\/2022\/04\/AD0C5AEE-26B3-40BD-ADB8-D1A8034CE3A9.jpeg\"><img loading=\"lazy\" decoding=\"async\" class=\"alignnone size-full wp-image-81086\" src=\"http:\/\/folhadosudeste.com\/site\/wp-content\/uploads\/2022\/04\/AD0C5AEE-26B3-40BD-ADB8-D1A8034CE3A9.jpeg\" alt=\"\" width=\"800\" height=\"534\" srcset=\"https:\/\/folhadosudeste.com\/site\/wp-content\/uploads\/2022\/04\/AD0C5AEE-26B3-40BD-ADB8-D1A8034CE3A9.jpeg 800w, https:\/\/folhadosudeste.com\/site\/wp-content\/uploads\/2022\/04\/AD0C5AEE-26B3-40BD-ADB8-D1A8034CE3A9-300x200.jpeg 300w, https:\/\/folhadosudeste.com\/site\/wp-content\/uploads\/2022\/04\/AD0C5AEE-26B3-40BD-ADB8-D1A8034CE3A9-768x513.jpeg 768w, https:\/\/folhadosudeste.com\/site\/wp-content\/uploads\/2022\/04\/AD0C5AEE-26B3-40BD-ADB8-D1A8034CE3A9-120x80.jpeg 120w, https:\/\/folhadosudeste.com\/site\/wp-content\/uploads\/2022\/04\/AD0C5AEE-26B3-40BD-ADB8-D1A8034CE3A9-345x230.jpeg 345w\" sizes=\"auto, (max-width: 800px) 100vw, 800px\" \/><\/a> <a href=\"http:\/\/folhadosudeste.com\/site\/wp-content\/uploads\/2022\/04\/19D6CD94-009D-4A0A-8269-B8781C6C2D1A.jpeg\"><img loading=\"lazy\" decoding=\"async\" class=\"alignnone size-full wp-image-81087\" src=\"http:\/\/folhadosudeste.com\/site\/wp-content\/uploads\/2022\/04\/19D6CD94-009D-4A0A-8269-B8781C6C2D1A.jpeg\" alt=\"\" width=\"800\" height=\"534\" srcset=\"https:\/\/folhadosudeste.com\/site\/wp-content\/uploads\/2022\/04\/19D6CD94-009D-4A0A-8269-B8781C6C2D1A.jpeg 800w, https:\/\/folhadosudeste.com\/site\/wp-content\/uploads\/2022\/04\/19D6CD94-009D-4A0A-8269-B8781C6C2D1A-300x200.jpeg 300w, https:\/\/folhadosudeste.com\/site\/wp-content\/uploads\/2022\/04\/19D6CD94-009D-4A0A-8269-B8781C6C2D1A-768x513.jpeg 768w, https:\/\/folhadosudeste.com\/site\/wp-content\/uploads\/2022\/04\/19D6CD94-009D-4A0A-8269-B8781C6C2D1A-120x80.jpeg 120w, https:\/\/folhadosudeste.com\/site\/wp-content\/uploads\/2022\/04\/19D6CD94-009D-4A0A-8269-B8781C6C2D1A-345x230.jpeg 345w\" sizes=\"auto, (max-width: 800px) 100vw, 800px\" \/><\/a> <a href=\"http:\/\/folhadosudeste.com\/site\/wp-content\/uploads\/2022\/04\/BE8AA223-9276-424A-AF9E-044D21B27EDC.jpeg\"><img loading=\"lazy\" decoding=\"async\" class=\"alignnone size-full wp-image-81088\" src=\"http:\/\/folhadosudeste.com\/site\/wp-content\/uploads\/2022\/04\/BE8AA223-9276-424A-AF9E-044D21B27EDC.jpeg\" alt=\"\" width=\"800\" height=\"534\" srcset=\"https:\/\/folhadosudeste.com\/site\/wp-content\/uploads\/2022\/04\/BE8AA223-9276-424A-AF9E-044D21B27EDC.jpeg 800w, https:\/\/folhadosudeste.com\/site\/wp-content\/uploads\/2022\/04\/BE8AA223-9276-424A-AF9E-044D21B27EDC-300x200.jpeg 300w, https:\/\/folhadosudeste.com\/site\/wp-content\/uploads\/2022\/04\/BE8AA223-9276-424A-AF9E-044D21B27EDC-768x513.jpeg 768w, https:\/\/folhadosudeste.com\/site\/wp-content\/uploads\/2022\/04\/BE8AA223-9276-424A-AF9E-044D21B27EDC-120x80.jpeg 120w, https:\/\/folhadosudeste.com\/site\/wp-content\/uploads\/2022\/04\/BE8AA223-9276-424A-AF9E-044D21B27EDC-345x230.jpeg 345w\" sizes=\"auto, (max-width: 800px) 100vw, 800px\" \/><\/a> <a href=\"http:\/\/folhadosudeste.com\/site\/wp-content\/uploads\/2022\/04\/D5A1CDB6-35AE-44FE-8DA6-D3EE5062B406.jpeg\"><img loading=\"lazy\" decoding=\"async\" class=\"alignnone size-full wp-image-81089\" src=\"http:\/\/folhadosudeste.com\/site\/wp-content\/uploads\/2022\/04\/D5A1CDB6-35AE-44FE-8DA6-D3EE5062B406.jpeg\" alt=\"\" width=\"800\" height=\"534\" srcset=\"https:\/\/folhadosudeste.com\/site\/wp-content\/uploads\/2022\/04\/D5A1CDB6-35AE-44FE-8DA6-D3EE5062B406.jpeg 800w, https:\/\/folhadosudeste.com\/site\/wp-content\/uploads\/2022\/04\/D5A1CDB6-35AE-44FE-8DA6-D3EE5062B406-300x200.jpeg 300w, https:\/\/folhadosudeste.com\/site\/wp-content\/uploads\/2022\/04\/D5A1CDB6-35AE-44FE-8DA6-D3EE5062B406-768x513.jpeg 768w, https:\/\/folhadosudeste.com\/site\/wp-content\/uploads\/2022\/04\/D5A1CDB6-35AE-44FE-8DA6-D3EE5062B406-120x80.jpeg 120w, https:\/\/folhadosudeste.com\/site\/wp-content\/uploads\/2022\/04\/D5A1CDB6-35AE-44FE-8DA6-D3EE5062B406-345x230.jpeg 345w\" sizes=\"auto, (max-width: 800px) 100vw, 800px\" \/><\/a><\/p>\n","protected":false},"excerpt":{"rendered":"<p>Com o plen\u00e1rio da C\u00e2mara de Muria\u00e9 completamente lotado, cerca de 200 participantes, aconteceu ontem a Audi\u00eancia P\u00fablica \u201cAtendimento em Sa\u00fade P\u00fablica em Muria\u00e9\u201d. Os principais agentes do sistema de sa\u00fade p\u00fablica de Muria\u00e9, gestores e prestadores de servi\u00e7os, participaram para apresentar o funcionamento do atendimento gratuito em sa\u00fade no munic\u00edpio, as perspectivas, os principais [&hellip;]<\/p>\n","protected":false},"author":6,"featured_media":0,"comment_status":"open","ping_status":"closed","sticky":false,"template":"","format":"standard","meta":{"_joinchat":[],"footnotes":""},"categories":[1],"tags":[],"class_list":["post-81083","post","type-post","status-publish","format-standard","hentry","category-sem-categoria"],"_links":{"self":[{"href":"https:\/\/folhadosudeste.com\/site\/index.php?rest_route=\/wp\/v2\/posts\/81083","targetHints":{"allow":["GET"]}}],"collection":[{"href":"https:\/\/folhadosudeste.com\/site\/index.php?rest_route=\/wp\/v2\/posts"}],"about":[{"href":"https:\/\/folhadosudeste.com\/site\/index.php?rest_route=\/wp\/v2\/types\/post"}],"author":[{"embeddable":true,"href":"https:\/\/folhadosudeste.com\/site\/index.php?rest_route=\/wp\/v2\/users\/6"}],"replies":[{"embeddable":true,"href":"https:\/\/folhadosudeste.com\/site\/index.php?rest_route=%2Fwp%2Fv2%2Fcomments&post=81083"}],"version-history":[{"count":1,"href":"https:\/\/folhadosudeste.com\/site\/index.php?rest_route=\/wp\/v2\/posts\/81083\/revisions"}],"predecessor-version":[{"id":81090,"href":"https:\/\/folhadosudeste.com\/site\/index.php?rest_route=\/wp\/v2\/posts\/81083\/revisions\/81090"}],"wp:attachment":[{"href":"https:\/\/folhadosudeste.com\/site\/index.php?rest_route=%2Fwp%2Fv2%2Fmedia&parent=81083"}],"wp:term":[{"taxonomy":"category","embeddable":true,"href":"https:\/\/folhadosudeste.com\/site\/index.php?rest_route=%2Fwp%2Fv2%2Fcategories&post=81083"},{"taxonomy":"post_tag","embeddable":true,"href":"https:\/\/folhadosudeste.com\/site\/index.php?rest_route=%2Fwp%2Fv2%2Ftags&post=81083"}],"curies":[{"name":"wp","href":"https:\/\/api.w.org\/{rel}","templated":true}]}}