{"id":81166,"date":"2022-04-11T18:15:40","date_gmt":"2022-04-11T18:15:40","guid":{"rendered":"http:\/\/folhadosudeste.com\/site\/?p=81166"},"modified":"2022-04-11T18:15:40","modified_gmt":"2022-04-11T18:15:40","slug":"campus-muriae-do-if-sudeste-mg-lanca-editais-para-vagas-ociosas","status":"publish","type":"post","link":"https:\/\/folhadosudeste.com\/site\/?p=81166","title":{"rendered":"Campus Muria\u00e9 do IF Sudeste MG lan\u00e7a editais para vagas ociosas"},"content":{"rendered":"<div>\n<div><strong><a href=\"http:\/\/folhadosudeste.com\/site\/wp-content\/uploads\/2022\/04\/C09E24B4-42C6-427B-9E8E-8DAAAE6AAA87.png\"><img loading=\"lazy\" decoding=\"async\" class=\"alignnone size-full wp-image-81167\" src=\"http:\/\/folhadosudeste.com\/site\/wp-content\/uploads\/2022\/04\/C09E24B4-42C6-427B-9E8E-8DAAAE6AAA87.png\" alt=\"\" width=\"1200\" height=\"1166\" srcset=\"https:\/\/folhadosudeste.com\/site\/wp-content\/uploads\/2022\/04\/C09E24B4-42C6-427B-9E8E-8DAAAE6AAA87.png 1200w, https:\/\/folhadosudeste.com\/site\/wp-content\/uploads\/2022\/04\/C09E24B4-42C6-427B-9E8E-8DAAAE6AAA87-300x292.png 300w, https:\/\/folhadosudeste.com\/site\/wp-content\/uploads\/2022\/04\/C09E24B4-42C6-427B-9E8E-8DAAAE6AAA87-768x746.png 768w, https:\/\/folhadosudeste.com\/site\/wp-content\/uploads\/2022\/04\/C09E24B4-42C6-427B-9E8E-8DAAAE6AAA87-1024x995.png 1024w\" sizes=\"auto, (max-width: 1200px) 100vw, 1200px\" \/><\/a><\/strong><\/div>\n<div>\nS\u00e3o 115 novas oportunidades; inscri\u00e7\u00f5es v\u00e3o at\u00e9 17 de abril<\/div>\n<\/div>\n<div>\n<p>Para ampliar as oportunidades de acesso a seus cursos, o Instituto Federal do Sudeste de Minas Gerais (IF Sudeste MG) lan\u00e7a esta semana editais de vagas ociosas. O Campus Muria\u00e9 abre 115 oportunidades em 10 cursos, nas modalidades&nbsp;<strong>T\u00e9cnico Concomitante ou Subsequente<\/strong>,&nbsp;<strong>T\u00e9cnico Integrado ao Ensino M\u00e9dio<\/strong>&nbsp;e&nbsp;<strong>Gradua\u00e7\u00e3o<\/strong>.<\/p>\n<p>As inscri\u00e7\u00f5es seguem abertas do dia 13 at\u00e9 17 de abril.&nbsp;Para se inscrever, basta ter a escolaridade exigida para a forma\u00e7\u00e3o que pretende cursar,&nbsp;<strong>os interessados N\u00c3O precisam ter participado do Processo Seletivo 2022.1<\/strong>. Os m\u00e9todos de sele\u00e7\u00e3o s\u00e3o diferentes para cada modalidade:&nbsp;o preenchimento das vagas ociosas dos&nbsp;<strong>cursos t\u00e9cnicos ser\u00e1 determinado por ordem de inscri\u00e7\u00e3o<\/strong>. No caso da gradua\u00e7\u00e3o, o crit\u00e9rio ser\u00e1 a nota obtida em uma edi\u00e7\u00e3o anterior do Enem (2015, 2016, 2017, 2018, 2019, 2020 ou 2021).<\/p>\n<\/div>\n<p><!--more--><\/p>\n<p>Os editais das vagas ociosas, contendo todas as informa\u00e7\u00f5es de documenta\u00e7\u00e3o para a participa\u00e7\u00e3o e o cronograma dos resultados, podem ser acessados atrav\u00e9s dos links:<\/p>\n<p><a href=\"https:\/\/www.ifsudestemg.edu.br\/editais\/muriae\/ensino\/edital-de-vagas-ociosas-graduacao\">https:\/\/www.ifsudestemg.edu.br\/editais\/muriae\/ensino\/edital-de-vagas-ociosas-graduacao<\/a><\/p>\n<p><a href=\"https:\/\/www.ifsudestemg.edu.br\/editais\/muriae\/ensino\/edital-de-vagas-ociosas-cursos-tecnicos\">https:\/\/www.ifsudestemg.edu.br\/editais\/muriae\/ensino\/edital-de-vagas-ociosas-cursos-tecnicos<\/a><\/p>\n<div>\n<p><strong>Confira a rela\u00e7\u00e3o das vagas no Campus Muria\u00e9:<\/strong><\/p>\n<p>T\u00e9cnico Integrado ao Ensino M\u00e9dio<\/p>\n<ul>\n<li>Eletrot\u00e9cnica: 01 vaga<\/li>\n<li>Mec\u00e2nica: 03 vagas<\/li>\n<\/ul>\n<p>T\u00e9cnico Concomitante ou Subsequente<\/p>\n<ul>\n<li>Eletromec\u00e2nica: 16 vagas<\/li>\n<li>Meio Ambiente: 24 vagas<\/li>\n<li>Secretariado: 18 vagas<\/li>\n<li>Vestu\u00e1rio: 28 vagas<\/li>\n<\/ul>\n<p>&nbsp;Gradua\u00e7\u00e3o<\/p>\n<ul>\n<li>Administra\u00e7\u00e3o: 06 vagas<\/li>\n<li>Licenciatura em Ci\u00eancias Biol\u00f3gicas: 05 vagas<\/li>\n<li>Design de Moda: 08 vagas<\/li>\n<li>Gest\u00e3o da T.I.: 06 vagas<\/li>\n<\/ul>\n<\/div>\n<p>&nbsp;<\/p>\n","protected":false},"excerpt":{"rendered":"<p>S\u00e3o 115 novas oportunidades; inscri\u00e7\u00f5es v\u00e3o at\u00e9 17 de abril Para ampliar as oportunidades de acesso a seus cursos, o Instituto Federal do Sudeste de Minas Gerais (IF Sudeste MG) lan\u00e7a esta semana editais de vagas ociosas. O Campus Muria\u00e9 abre 115 oportunidades em 10 cursos, nas modalidades&nbsp;T\u00e9cnico Concomitante ou Subsequente,&nbsp;T\u00e9cnico Integrado ao Ensino M\u00e9dio&nbsp;e&nbsp;Gradua\u00e7\u00e3o. [&hellip;]<\/p>\n","protected":false},"author":6,"featured_media":0,"comment_status":"open","ping_status":"closed","sticky":false,"template":"","format":"standard","meta":{"_joinchat":[],"footnotes":""},"categories":[1],"tags":[],"class_list":["post-81166","post","type-post","status-publish","format-standard","hentry","category-sem-categoria"],"_links":{"self":[{"href":"https:\/\/folhadosudeste.com\/site\/index.php?rest_route=\/wp\/v2\/posts\/81166","targetHints":{"allow":["GET"]}}],"collection":[{"href":"https:\/\/folhadosudeste.com\/site\/index.php?rest_route=\/wp\/v2\/posts"}],"about":[{"href":"https:\/\/folhadosudeste.com\/site\/index.php?rest_route=\/wp\/v2\/types\/post"}],"author":[{"embeddable":true,"href":"https:\/\/folhadosudeste.com\/site\/index.php?rest_route=\/wp\/v2\/users\/6"}],"replies":[{"embeddable":true,"href":"https:\/\/folhadosudeste.com\/site\/index.php?rest_route=%2Fwp%2Fv2%2Fcomments&post=81166"}],"version-history":[{"count":1,"href":"https:\/\/folhadosudeste.com\/site\/index.php?rest_route=\/wp\/v2\/posts\/81166\/revisions"}],"predecessor-version":[{"id":81168,"href":"https:\/\/folhadosudeste.com\/site\/index.php?rest_route=\/wp\/v2\/posts\/81166\/revisions\/81168"}],"wp:attachment":[{"href":"https:\/\/folhadosudeste.com\/site\/index.php?rest_route=%2Fwp%2Fv2%2Fmedia&parent=81166"}],"wp:term":[{"taxonomy":"category","embeddable":true,"href":"https:\/\/folhadosudeste.com\/site\/index.php?rest_route=%2Fwp%2Fv2%2Fcategories&post=81166"},{"taxonomy":"post_tag","embeddable":true,"href":"https:\/\/folhadosudeste.com\/site\/index.php?rest_route=%2Fwp%2Fv2%2Ftags&post=81166"}],"curies":[{"name":"wp","href":"https:\/\/api.w.org\/{rel}","templated":true}]}}