{"id":81190,"date":"2022-04-13T01:04:53","date_gmt":"2022-04-13T01:04:53","guid":{"rendered":"http:\/\/folhadosudeste.com\/site\/?p=81190"},"modified":"2022-04-13T01:04:53","modified_gmt":"2022-04-13T01:04:53","slug":"dia-de-campo-da-cafeicultura-ensina-novas-praticas-para-agricultores","status":"publish","type":"post","link":"https:\/\/folhadosudeste.com\/site\/?p=81190","title":{"rendered":"Dia de Campo da Cafeicultura ensina novas pr\u00e1ticas para agricultores"},"content":{"rendered":"<p><a href=\"http:\/\/folhadosudeste.com\/site\/wp-content\/uploads\/2022\/04\/82091518-986F-42AE-88AD-40058EAC1208.jpeg\"><img loading=\"lazy\" decoding=\"async\" class=\"alignnone size-full wp-image-81191\" src=\"http:\/\/folhadosudeste.com\/site\/wp-content\/uploads\/2022\/04\/82091518-986F-42AE-88AD-40058EAC1208.jpeg\" alt=\"\" width=\"1581\" height=\"979\" srcset=\"https:\/\/folhadosudeste.com\/site\/wp-content\/uploads\/2022\/04\/82091518-986F-42AE-88AD-40058EAC1208.jpeg 1581w, https:\/\/folhadosudeste.com\/site\/wp-content\/uploads\/2022\/04\/82091518-986F-42AE-88AD-40058EAC1208-300x186.jpeg 300w, https:\/\/folhadosudeste.com\/site\/wp-content\/uploads\/2022\/04\/82091518-986F-42AE-88AD-40058EAC1208-768x476.jpeg 768w, https:\/\/folhadosudeste.com\/site\/wp-content\/uploads\/2022\/04\/82091518-986F-42AE-88AD-40058EAC1208-1024x634.jpeg 1024w\" sizes=\"auto, (max-width: 1581px) 100vw, 1581px\" \/><\/a><\/p>\n<p align=\"justify\"><span style=\"font-family: Arial, sans-serif;\">O Dia de Campo da Cafeicultura 2022 ser\u00e1 realizado no Centro Multiuso de Pedra Alta, em Belis\u00e1rio, na quarta-feira (20), a partir de 12h30. O evento tem o objetivo de divulgar novas pr\u00e1ticas que impulsionem a amplia\u00e7\u00e3o econ\u00f4mica da atividade cafeeira, assim como enfatiza as melhores formas de aduba\u00e7\u00e3o do solo.<\/span><\/p>\n<p align=\"justify\">As atividades s\u00e3o realizadas por meio de parceria firmada entre a Prefeitura Municipal &#8211; Secretaria de Agricultura e a Emater \u2013 MG, com o apoio da ag\u00eancia Sicoob Credisudeste &#8211; Muria\u00e9.<\/p>\n<p align=\"justify\">Para aqueles que desejarem participar, as inscri\u00e7\u00f5es iniciam \u00e0s 12h30. A abertura ser\u00e1 \u00e0s 13h15 e, por volta de 13h30, iniciam as palestras.<\/p>\n<p align=\"justify\">Os temas ministrados ser\u00e3o \u2018An\u00e1lise de Solo e Aduba\u00e7\u00e3o do Cafeeiro\u2019 com informa\u00e7\u00f5es trazidas pelo engenheiro agr\u00f4nomo da Emater-MG, Ant\u00f4nio Martins Peixoto; \u2018Novas Cultivares de Caf\u00e9 para a Regi\u00e3o\u2019, pelo tamb\u00e9m engenheiro agr\u00f4nomo da Empresa de Assist\u00eancia T\u00e9cnica e Extens\u00e3o Rural de MG, Rob\u00e9rio de Oliveira Torres. O terceiro tema ser\u00e1 \u2018Colheita e P\u00f3s-Colheita do Caf\u00e9\u2019, nas palavras do t\u00e9cnico agr\u00edcola, Adenilson Chaves.<\/p>\n<p align=\"justify\"><!--more--><br \/>\nOs \u2018Dias de Campo\u2019 oferecem grandes oportunidades para os agricultores, que ao participarem, aprendem as novas tend\u00eancias de plantio. A Emater-MG e Prefeitura atuam como um dos principais instrumentos para a a\u00e7\u00e3o operacional e planejamento no setor agr\u00edcola, contribuindo para o desenvolvimento sustent\u00e1vel da agricultura familiar \u2013 a primeira promove as t\u00e9cnicas e a segunda disponibiliza maquin\u00e1rios.<\/p>\n<p align=\"justify\"><a href=\"http:\/\/folhadosudeste.com\/site\/wp-content\/uploads\/2022\/04\/72D105D6-BF12-4E2E-B84F-24F7777EF765.jpeg\"><img loading=\"lazy\" decoding=\"async\" class=\"alignnone size-full wp-image-81192\" src=\"http:\/\/folhadosudeste.com\/site\/wp-content\/uploads\/2022\/04\/72D105D6-BF12-4E2E-B84F-24F7777EF765.jpeg\" alt=\"\" width=\"960\" height=\"720\" srcset=\"https:\/\/folhadosudeste.com\/site\/wp-content\/uploads\/2022\/04\/72D105D6-BF12-4E2E-B84F-24F7777EF765.jpeg 960w, https:\/\/folhadosudeste.com\/site\/wp-content\/uploads\/2022\/04\/72D105D6-BF12-4E2E-B84F-24F7777EF765-300x225.jpeg 300w, https:\/\/folhadosudeste.com\/site\/wp-content\/uploads\/2022\/04\/72D105D6-BF12-4E2E-B84F-24F7777EF765-768x576.jpeg 768w\" sizes=\"auto, (max-width: 960px) 100vw, 960px\" \/><\/a><\/p>\n<p align=\"justify\">&nbsp;<\/p>\n","protected":false},"excerpt":{"rendered":"<p>O Dia de Campo da Cafeicultura 2022 ser\u00e1 realizado no Centro Multiuso de Pedra Alta, em Belis\u00e1rio, na quarta-feira (20), a partir de 12h30. O evento tem o objetivo de divulgar novas pr\u00e1ticas que impulsionem a amplia\u00e7\u00e3o econ\u00f4mica da atividade cafeeira, assim como enfatiza as melhores formas de aduba\u00e7\u00e3o do solo. As atividades s\u00e3o realizadas [&hellip;]<\/p>\n","protected":false},"author":6,"featured_media":0,"comment_status":"open","ping_status":"closed","sticky":false,"template":"","format":"standard","meta":{"_joinchat":[],"footnotes":""},"categories":[1],"tags":[],"class_list":["post-81190","post","type-post","status-publish","format-standard","hentry","category-sem-categoria"],"_links":{"self":[{"href":"https:\/\/folhadosudeste.com\/site\/index.php?rest_route=\/wp\/v2\/posts\/81190","targetHints":{"allow":["GET"]}}],"collection":[{"href":"https:\/\/folhadosudeste.com\/site\/index.php?rest_route=\/wp\/v2\/posts"}],"about":[{"href":"https:\/\/folhadosudeste.com\/site\/index.php?rest_route=\/wp\/v2\/types\/post"}],"author":[{"embeddable":true,"href":"https:\/\/folhadosudeste.com\/site\/index.php?rest_route=\/wp\/v2\/users\/6"}],"replies":[{"embeddable":true,"href":"https:\/\/folhadosudeste.com\/site\/index.php?rest_route=%2Fwp%2Fv2%2Fcomments&post=81190"}],"version-history":[{"count":1,"href":"https:\/\/folhadosudeste.com\/site\/index.php?rest_route=\/wp\/v2\/posts\/81190\/revisions"}],"predecessor-version":[{"id":81193,"href":"https:\/\/folhadosudeste.com\/site\/index.php?rest_route=\/wp\/v2\/posts\/81190\/revisions\/81193"}],"wp:attachment":[{"href":"https:\/\/folhadosudeste.com\/site\/index.php?rest_route=%2Fwp%2Fv2%2Fmedia&parent=81190"}],"wp:term":[{"taxonomy":"category","embeddable":true,"href":"https:\/\/folhadosudeste.com\/site\/index.php?rest_route=%2Fwp%2Fv2%2Fcategories&post=81190"},{"taxonomy":"post_tag","embeddable":true,"href":"https:\/\/folhadosudeste.com\/site\/index.php?rest_route=%2Fwp%2Fv2%2Ftags&post=81190"}],"curies":[{"name":"wp","href":"https:\/\/api.w.org\/{rel}","templated":true}]}}