{"id":81204,"date":"2022-04-13T18:00:37","date_gmt":"2022-04-13T18:00:37","guid":{"rendered":"http:\/\/folhadosudeste.com\/site\/?p=81204"},"modified":"2022-04-13T18:10:34","modified_gmt":"2022-04-13T18:10:34","slug":"setor-de-confeccoes-de-muriae-recebe-certificacao-de-reconhecimento-estadual","status":"publish","type":"post","link":"https:\/\/folhadosudeste.com\/site\/?p=81204","title":{"rendered":"Setor de confec\u00e7\u00f5es de Muria\u00e9 recebe certifica\u00e7\u00e3o de reconhecimento estadual"},"content":{"rendered":"<div><a href=\"http:\/\/folhadosudeste.com\/site\/wp-content\/uploads\/2022\/04\/FE222B32-DD4B-4C27-A49A-0B13430C1486.jpeg\"><img loading=\"lazy\" decoding=\"async\" class=\"alignnone size-full wp-image-81205\" src=\"http:\/\/folhadosudeste.com\/site\/wp-content\/uploads\/2022\/04\/FE222B32-DD4B-4C27-A49A-0B13430C1486.jpeg\" alt=\"\" width=\"1080\" height=\"718\" srcset=\"https:\/\/folhadosudeste.com\/site\/wp-content\/uploads\/2022\/04\/FE222B32-DD4B-4C27-A49A-0B13430C1486.jpeg 1080w, https:\/\/folhadosudeste.com\/site\/wp-content\/uploads\/2022\/04\/FE222B32-DD4B-4C27-A49A-0B13430C1486-300x199.jpeg 300w, https:\/\/folhadosudeste.com\/site\/wp-content\/uploads\/2022\/04\/FE222B32-DD4B-4C27-A49A-0B13430C1486-768x511.jpeg 768w, https:\/\/folhadosudeste.com\/site\/wp-content\/uploads\/2022\/04\/FE222B32-DD4B-4C27-A49A-0B13430C1486-1024x681.jpeg 1024w, https:\/\/folhadosudeste.com\/site\/wp-content\/uploads\/2022\/04\/FE222B32-DD4B-4C27-A49A-0B13430C1486-120x80.jpeg 120w, https:\/\/folhadosudeste.com\/site\/wp-content\/uploads\/2022\/04\/FE222B32-DD4B-4C27-A49A-0B13430C1486-345x230.jpeg 345w\" sizes=\"auto, (max-width: 1080px) 100vw, 1080px\" \/><\/a><br \/>\nO setor de confec\u00e7\u00f5es de Muria\u00e9 vem voltando a ganhar destaque. Em cerim\u00f4nia realizada na \u00faltima semana, em Belo Horizonte, a cidade foi uma das que receberam certifica\u00e7\u00e3o de reconhecimento ao Arranjo Produtivo Local do Vestu\u00e1rio, concedida pelo Governo de Minas.<\/div>\n<div>&nbsp;<\/div>\n<div>Os APLs s\u00e3o aglomera\u00e7\u00f5es de empresas atuantes em um mesmo territ\u00f3rio e com especializa\u00e7\u00e3o produtiva. Elas mant\u00eam v\u00ednculos de coopera\u00e7\u00e3o entre si e possuem objetivos comuns, tais como o crescimento do n\u00edvel de emprego e renda, o aumento da produtividade e competitividade, a inova\u00e7\u00e3o tecnol\u00f3gica e a redu\u00e7\u00e3o da mortalidade de micro e pequenas empresas.<\/div>\n<div>&nbsp;<\/div>\n<div>O secret\u00e1rio municipal de Desenvolvimento Econ\u00f4mico, Cezar Bianchi, foi quem representou Muria\u00e9 na cerim\u00f4nia de certifica\u00e7\u00e3o.<\/div>\n<p><!--more--><\/p>\n<div>O reconhecimento pelo estado \u00e9 um passo importante para que o Polo de Moda de Muria\u00e9 e regi\u00e3o possa se restabelecer em seus diversos aspectos. Com esse incentivo, a ind\u00fastria da confec\u00e7\u00e3o regional avan\u00e7a e gera benef\u00edcios para todas as cidades envolvidas&#8221;, destacou.<\/div>\n<div>&nbsp;<\/div>\n<div>Al\u00e9m de Cezar Bianchi, tamb\u00e9m estiveram presentes \u00e0 cerim\u00f4nia Leandro Latini, assessor de Desenvolvimento Econ\u00f4mico, e Leonardo Morcerf Veroneze, delegado regional de Muria\u00e9 no Sindivest e representante das ind\u00fastrias de confec\u00e7\u00e3o de Muria\u00e9 e regi\u00e3o.<\/div>\n","protected":false},"excerpt":{"rendered":"<p>O setor de confec\u00e7\u00f5es de Muria\u00e9 vem voltando a ganhar destaque. Em cerim\u00f4nia realizada na \u00faltima semana, em Belo Horizonte, a cidade foi uma das que receberam certifica\u00e7\u00e3o de reconhecimento ao Arranjo Produtivo Local do Vestu\u00e1rio, concedida pelo Governo de Minas. &nbsp; Os APLs s\u00e3o aglomera\u00e7\u00f5es de empresas atuantes em um mesmo territ\u00f3rio e com [&hellip;]<\/p>\n","protected":false},"author":6,"featured_media":0,"comment_status":"open","ping_status":"closed","sticky":false,"template":"","format":"standard","meta":{"_joinchat":[],"footnotes":""},"categories":[1],"tags":[],"class_list":["post-81204","post","type-post","status-publish","format-standard","hentry","category-sem-categoria"],"_links":{"self":[{"href":"https:\/\/folhadosudeste.com\/site\/index.php?rest_route=\/wp\/v2\/posts\/81204","targetHints":{"allow":["GET"]}}],"collection":[{"href":"https:\/\/folhadosudeste.com\/site\/index.php?rest_route=\/wp\/v2\/posts"}],"about":[{"href":"https:\/\/folhadosudeste.com\/site\/index.php?rest_route=\/wp\/v2\/types\/post"}],"author":[{"embeddable":true,"href":"https:\/\/folhadosudeste.com\/site\/index.php?rest_route=\/wp\/v2\/users\/6"}],"replies":[{"embeddable":true,"href":"https:\/\/folhadosudeste.com\/site\/index.php?rest_route=%2Fwp%2Fv2%2Fcomments&post=81204"}],"version-history":[{"count":1,"href":"https:\/\/folhadosudeste.com\/site\/index.php?rest_route=\/wp\/v2\/posts\/81204\/revisions"}],"predecessor-version":[{"id":81206,"href":"https:\/\/folhadosudeste.com\/site\/index.php?rest_route=\/wp\/v2\/posts\/81204\/revisions\/81206"}],"wp:attachment":[{"href":"https:\/\/folhadosudeste.com\/site\/index.php?rest_route=%2Fwp%2Fv2%2Fmedia&parent=81204"}],"wp:term":[{"taxonomy":"category","embeddable":true,"href":"https:\/\/folhadosudeste.com\/site\/index.php?rest_route=%2Fwp%2Fv2%2Fcategories&post=81204"},{"taxonomy":"post_tag","embeddable":true,"href":"https:\/\/folhadosudeste.com\/site\/index.php?rest_route=%2Fwp%2Fv2%2Ftags&post=81204"}],"curies":[{"name":"wp","href":"https:\/\/api.w.org\/{rel}","templated":true}]}}