{"id":81215,"date":"2022-04-14T18:01:29","date_gmt":"2022-04-14T18:01:29","guid":{"rendered":"http:\/\/folhadosudeste.com\/site\/?p=81215"},"modified":"2022-04-14T18:01:29","modified_gmt":"2022-04-14T18:01:29","slug":"coordenadores-de-nucleo-de-minas-gerais-cumprem-agenda-no-rs","status":"publish","type":"post","link":"https:\/\/folhadosudeste.com\/site\/?p=81215","title":{"rendered":"Coordenadores de N\u00facleo de Minas Gerais cumprem agenda no RS"},"content":{"rendered":"<p><img loading=\"lazy\" decoding=\"async\" class=\"alignnone size-full wp-image-81216\" src=\"http:\/\/folhadosudeste.com\/site\/wp-content\/uploads\/2022\/04\/B218B74C-D76A-4488-86A8-E29FEF9B9A31.jpeg\" alt=\"\" width=\"920\" height=\"490\" srcset=\"https:\/\/folhadosudeste.com\/site\/wp-content\/uploads\/2022\/04\/B218B74C-D76A-4488-86A8-E29FEF9B9A31.jpeg 920w, https:\/\/folhadosudeste.com\/site\/wp-content\/uploads\/2022\/04\/B218B74C-D76A-4488-86A8-E29FEF9B9A31-300x160.jpeg 300w, https:\/\/folhadosudeste.com\/site\/wp-content\/uploads\/2022\/04\/B218B74C-D76A-4488-86A8-E29FEF9B9A31-768x409.jpeg 768w\" sizes=\"auto, (max-width: 920px) 100vw, 920px\" \/><\/p>\n<p>Um grupo de seis&nbsp;Coordenadores de N\u00facleo, das ag\u00eancias&nbsp;da Sicredi Botucara\u00ed RS\/MG na \u00e1rea de atua\u00e7\u00e3o em minas Gerais estiveram no Rio Grande do Sul,&nbsp;acompanhados do Gerente de Expans\u00e3o, Laoni da Cunha, participando da Assembleia Geral Ordin\u00e1ria, AGO, momento que finalizou o ciclo de assembleias virtuais 2022.<\/p>\n<p>Os coordenadores, que representam os associados de Muria\u00e9, Leopoldina, Argirita e Tabuleiro tamb\u00e9m participaram de mais dois momentos importantes da Sicredi Botucara\u00ed RS\/MG: o lan\u00e7amento do Livro dos 40 Anos da cooperativa de cr\u00e9dito, e o lan\u00e7amento da promo\u00e7\u00e3o Coopera\u00e7\u00e3o Premiada. Durante a visita ainda tiveram a oportunidade de conhecer tr\u00eas ag\u00eancias do Sicredi, na cidade de Soledade\/RS, bem como a Sede Regional da Cooperativa.<!--more--><\/p>\n<p>Para o Gerente de Expans\u00e3o Laoni da Cunha, a visita dos coordenadores foi um momento muito marcante dentro do projeto de expans\u00e3o para Minas Gerais. \u201cEstes 6 coordenadores representaram os nossos quase 3 mil associados mineiros, exercendo o papel de dono, trazendo o voto dos n\u00facleos de Minas Gerais\u201d, explicou.<\/p>\n<p>Laoni destacou a recep\u00e7\u00e3o dos associados do Rio Grande do Sul e a alegria dos coordenadores de Minas Gerais em conhecer mais do Sicredi \u201cVoltamos do Sul com a convic\u00e7\u00e3o de que estamos no caminho certo. Tenho certeza de que a melhor decis\u00e3o da nossa Cooperativa nos \u00faltimos anos, foi esse projeto de expans\u00e3o porque \u00e9 a continuidade, com muita solidez, do nosso sistema cooperativo, trazendo para Minas Gerais uma ferramenta de desenvolvimento e sustentabilidade para os neg\u00f3cios do associado\u201d, acrescentou.<\/p>\n<p>O olhar de admira\u00e7\u00e3o a cada visita transmitia constantemente o sentimento de gratid\u00e3o dos coordenadores mineiros pela oportunidade de conhecerem mais do Sicredi, e da sua forma de atua\u00e7\u00e3o, no Rio Grande do Sul.<\/p>\n<p>O coordenador Mauro Jos\u00e9 Ramiro de Souza, da cidade de Argirita, ressaltou a recep\u00e7\u00e3o que o grupo teve no Rio Grande do Sul, tanto por parte da dire\u00e7\u00e3o, como dos associados. \u201cMeu sentimento \u00e9 de gratid\u00e3o pela oportunidade de conhecer o que \u00e9 o Sicredi, a grandeza desta Cooperativa e ao mesmo tempo a simplicidade das pessoas. Fomos muito bem recebidos e sa\u00edmos daqui com o cora\u00e7\u00e3o cheio de gratid\u00e3o e a certeza de que a Institui\u00e7\u00e3o que est\u00e1 na nossa cidade chegou para fazer a diferen\u00e7a na vida da nossa comunidade\u201d, destacou.<\/p>\n<p>O coordenador Rinaldo Santiago Ferraz, da cidade de Tabuleiro, refor\u00e7ou a organiza\u00e7\u00e3o da Institui\u00e7\u00e3o e a estrutura que o Sicredi possu\u00ed no Rio Grande do Sul, mas principalmente a valoriza\u00e7\u00e3o do ser humano. \u201cO Sicredi pensa na Cooperativa, mas principalmente no associado, al\u00e9m do trabalho social que realiza em toda sua \u00e1rea de atua\u00e7\u00e3o. Fiquei muito encantado com a proposta do Sicredi\u201d, comentou.<\/p>\n<p>Fabricio Monteiro Barbosa, coordenador de n\u00facleo na cidade de Leopoldina, avaliou a viagem como \u201cmomento que refor\u00e7ou a import\u00e2ncia da nossa miss\u00e3o como coordenador de n\u00facleo, de levar ao associado o que \u00e9 o Sicredi na sua ess\u00eancia e ajudar as pessoas a entenderem o que \u00e9 cooperativismo de verdade\u201d.<\/p>\n<p>O coordenador Manoel Saling, da cidade de Muria\u00e9, que j\u00e1 desempenha o papel de coordenador desde o ano de 2021, teve a oportunidade de, pela primeira vez, participar da AGO&nbsp; presencialmente. \u201cFoi um prazer muito grande participar deste momento, um aprendizado muito grande, vimos a import\u00e2ncia do nosso trabalho como coordenador de n\u00facleo, ficamos encantados com o acolhimento e o carisma dos associados do Sul e voltamos com a miss\u00e3o de transmitir ao nossos associado a import\u00e2ncia do trabalho desenvolvido pelo Sicredi\u201d, pontuou.<\/p>\n<p>Tamb\u00e9m estiveram no Rio Grande do Sul junto com a comitiva, os coordenadores Nil Paiva, coordenador da ag\u00eancia Muria\u00e9\/Centro e Paulo Henrique Lima, coordenador do N\u00facleo 2 da ag\u00eancia Muria\u00e9\/Barra.<\/p>\n<hr>\n","protected":false},"excerpt":{"rendered":"<p>Um grupo de seis&nbsp;Coordenadores de N\u00facleo, das ag\u00eancias&nbsp;da Sicredi Botucara\u00ed RS\/MG na \u00e1rea de atua\u00e7\u00e3o em minas Gerais estiveram no Rio Grande do Sul,&nbsp;acompanhados do Gerente de Expans\u00e3o, Laoni da Cunha, participando da Assembleia Geral Ordin\u00e1ria, AGO, momento que finalizou o ciclo de assembleias virtuais 2022. Os coordenadores, que representam os associados de Muria\u00e9, Leopoldina, [&hellip;]<\/p>\n","protected":false},"author":6,"featured_media":0,"comment_status":"open","ping_status":"closed","sticky":false,"template":"","format":"standard","meta":{"_joinchat":[],"footnotes":""},"categories":[1],"tags":[],"class_list":["post-81215","post","type-post","status-publish","format-standard","hentry","category-sem-categoria"],"_links":{"self":[{"href":"https:\/\/folhadosudeste.com\/site\/index.php?rest_route=\/wp\/v2\/posts\/81215","targetHints":{"allow":["GET"]}}],"collection":[{"href":"https:\/\/folhadosudeste.com\/site\/index.php?rest_route=\/wp\/v2\/posts"}],"about":[{"href":"https:\/\/folhadosudeste.com\/site\/index.php?rest_route=\/wp\/v2\/types\/post"}],"author":[{"embeddable":true,"href":"https:\/\/folhadosudeste.com\/site\/index.php?rest_route=\/wp\/v2\/users\/6"}],"replies":[{"embeddable":true,"href":"https:\/\/folhadosudeste.com\/site\/index.php?rest_route=%2Fwp%2Fv2%2Fcomments&post=81215"}],"version-history":[{"count":1,"href":"https:\/\/folhadosudeste.com\/site\/index.php?rest_route=\/wp\/v2\/posts\/81215\/revisions"}],"predecessor-version":[{"id":81217,"href":"https:\/\/folhadosudeste.com\/site\/index.php?rest_route=\/wp\/v2\/posts\/81215\/revisions\/81217"}],"wp:attachment":[{"href":"https:\/\/folhadosudeste.com\/site\/index.php?rest_route=%2Fwp%2Fv2%2Fmedia&parent=81215"}],"wp:term":[{"taxonomy":"category","embeddable":true,"href":"https:\/\/folhadosudeste.com\/site\/index.php?rest_route=%2Fwp%2Fv2%2Fcategories&post=81215"},{"taxonomy":"post_tag","embeddable":true,"href":"https:\/\/folhadosudeste.com\/site\/index.php?rest_route=%2Fwp%2Fv2%2Ftags&post=81215"}],"curies":[{"name":"wp","href":"https:\/\/api.w.org\/{rel}","templated":true}]}}