{"id":81235,"date":"2022-04-19T19:24:04","date_gmt":"2022-04-19T19:24:04","guid":{"rendered":"http:\/\/folhadosudeste.com\/site\/?p=81235"},"modified":"2022-04-19T19:24:04","modified_gmt":"2022-04-19T19:24:04","slug":"dupla-e-presa-suspeita-de-assalto-a-comercio-de-produtos-agricolas-ocorrido-em-distrito-de-leopoldina","status":"publish","type":"post","link":"https:\/\/folhadosudeste.com\/site\/?p=81235","title":{"rendered":"Dupla \u00e9 presa suspeita de assalto a com\u00e9rcio de produtos agr\u00edcolas ocorrido em distrito de Leopoldina"},"content":{"rendered":"<p><a href=\"http:\/\/folhadosudeste.com\/site\/wp-content\/uploads\/2022\/04\/WhatsApp-Image-2022-04-19-at-11.08.37.jpeg\"><img loading=\"lazy\" decoding=\"async\" class=\"alignnone size-full wp-image-81236\" src=\"http:\/\/folhadosudeste.com\/site\/wp-content\/uploads\/2022\/04\/WhatsApp-Image-2022-04-19-at-11.08.37.jpeg\" alt=\"\" width=\"1280\" height=\"720\" srcset=\"https:\/\/folhadosudeste.com\/site\/wp-content\/uploads\/2022\/04\/WhatsApp-Image-2022-04-19-at-11.08.37.jpeg 1280w, https:\/\/folhadosudeste.com\/site\/wp-content\/uploads\/2022\/04\/WhatsApp-Image-2022-04-19-at-11.08.37-300x169.jpeg 300w, https:\/\/folhadosudeste.com\/site\/wp-content\/uploads\/2022\/04\/WhatsApp-Image-2022-04-19-at-11.08.37-768x432.jpeg 768w, https:\/\/folhadosudeste.com\/site\/wp-content\/uploads\/2022\/04\/WhatsApp-Image-2022-04-19-at-11.08.37-1024x576.jpeg 1024w\" sizes=\"auto, (max-width: 1280px) 100vw, 1280px\" \/><\/a><\/p>\n<p><em>A\u00e7\u00e3o integrada entre PCMG e PMMG tamb\u00e9m apreendeu um adolescente. Dinheiro e celular foram recuperados.<\/em><\/p>\n<p>Na segunda-feira (18\/4), uma a\u00e7\u00e3o integrada entre a Pol\u00edcia Civil de Minas Gerais (PCMG) e a Pol\u00edcia Militar de Minas Gerais (PMMG) resultou na pris\u00e3o em flagrante, de dois jovens, de 23 e 24 anos, suspeitos de assaltarem um com\u00e9rcio de produtos agr\u00edcolas. O crime foi cometido na mesma data, no distrito de Provid\u00eancia, no munic\u00edpio de Leopoldina, na Zona da Mata mineira, pertencente ao 4\u00ba Departamento. Na manobra, dinheiro e celular tamb\u00e9m foram recuperados.<\/p>\n<p>Ap\u00f3s levantamentos, a pris\u00e3o dos investigados foi efetuada na cidade de Recreio, durante opera\u00e7\u00e3o deflagrada pelas equipes de policiais civis e militares. Na ocasi\u00e3o, um adolescente, de 17 anos, foi apreendido por participa\u00e7\u00e3o na pr\u00e1tica de ato infracional an\u00e1logo ao crime de roubo. Al\u00e9m disso, foram localizados o ve\u00edculo Volkswagen Voyage &#8211; que teria sido utilizado na pr\u00e1tica criminosa -, um simulacro de arma de fogo, uma faca e outros objetos.<\/p>\n<p>Durante a abordagem dos investigados em uma resid\u00eancia, houve tentativa de fuga pelos fundos da casa, no entanto, eles foram perseguidos e capturados no interior de outro im\u00f3vel em constru\u00e7\u00e3o.<\/p>\n<p><!--more--><br \/>\nAp\u00f3s a ratifica\u00e7\u00e3o dos flagrantes na delegacia, os dois suspeitos foram encaminhados ao sistema prisional e permanecem \u00e0 disposi\u00e7\u00e3o da Justi\u00e7a. O adolescente foi ouvido e entregue ao representante legal.<\/p>\n<p><strong>Roubo<\/strong><\/p>\n<p>O crime de roubo foi praticado na segunda-feira (18\/4), quando dois indiv\u00edduos entraram e anunciaram o assalto em um com\u00e9rcio de produtos agr\u00edcolas, situado no distrito de Provid\u00eancia, no munic\u00edpio de Leopoldina. Na ocasi\u00e3o, em meio a amea\u00e7as, eles conseguiram subtrair o valor de R$200 do caixa do estabelecimento, assim como o celular de uma das v\u00edtimas.<\/p>\n<p>Ap\u00f3s trabalhos investigativos, foi poss\u00edvel identificar e localizar os dois suspeitos de praticarem o roubo, presos durante opera\u00e7\u00e3o desencadeada pela PCMG e PMMG.<\/p>\n<p><a href=\"http:\/\/folhadosudeste.com\/site\/wp-content\/uploads\/2022\/04\/WhatsApp-Image-2022-04-19-at-11.08.38.jpeg\"><img loading=\"lazy\" decoding=\"async\" class=\"alignnone size-full wp-image-81237\" src=\"http:\/\/folhadosudeste.com\/site\/wp-content\/uploads\/2022\/04\/WhatsApp-Image-2022-04-19-at-11.08.38.jpeg\" alt=\"\" width=\"720\" height=\"1280\" srcset=\"https:\/\/folhadosudeste.com\/site\/wp-content\/uploads\/2022\/04\/WhatsApp-Image-2022-04-19-at-11.08.38.jpeg 720w, https:\/\/folhadosudeste.com\/site\/wp-content\/uploads\/2022\/04\/WhatsApp-Image-2022-04-19-at-11.08.38-169x300.jpeg 169w, https:\/\/folhadosudeste.com\/site\/wp-content\/uploads\/2022\/04\/WhatsApp-Image-2022-04-19-at-11.08.38-576x1024.jpeg 576w\" sizes=\"auto, (max-width: 720px) 100vw, 720px\" \/><\/a><\/p>\n","protected":false},"excerpt":{"rendered":"<p>A\u00e7\u00e3o integrada entre PCMG e PMMG tamb\u00e9m apreendeu um adolescente. Dinheiro e celular foram recuperados. Na segunda-feira (18\/4), uma a\u00e7\u00e3o integrada entre a Pol\u00edcia Civil de Minas Gerais (PCMG) e a Pol\u00edcia Militar de Minas Gerais (PMMG) resultou na pris\u00e3o em flagrante, de dois jovens, de 23 e 24 anos, suspeitos de assaltarem um com\u00e9rcio [&hellip;]<\/p>\n","protected":false},"author":6,"featured_media":0,"comment_status":"open","ping_status":"closed","sticky":false,"template":"","format":"standard","meta":{"_joinchat":[],"footnotes":""},"categories":[1],"tags":[],"class_list":["post-81235","post","type-post","status-publish","format-standard","hentry","category-sem-categoria"],"_links":{"self":[{"href":"https:\/\/folhadosudeste.com\/site\/index.php?rest_route=\/wp\/v2\/posts\/81235","targetHints":{"allow":["GET"]}}],"collection":[{"href":"https:\/\/folhadosudeste.com\/site\/index.php?rest_route=\/wp\/v2\/posts"}],"about":[{"href":"https:\/\/folhadosudeste.com\/site\/index.php?rest_route=\/wp\/v2\/types\/post"}],"author":[{"embeddable":true,"href":"https:\/\/folhadosudeste.com\/site\/index.php?rest_route=\/wp\/v2\/users\/6"}],"replies":[{"embeddable":true,"href":"https:\/\/folhadosudeste.com\/site\/index.php?rest_route=%2Fwp%2Fv2%2Fcomments&post=81235"}],"version-history":[{"count":1,"href":"https:\/\/folhadosudeste.com\/site\/index.php?rest_route=\/wp\/v2\/posts\/81235\/revisions"}],"predecessor-version":[{"id":81238,"href":"https:\/\/folhadosudeste.com\/site\/index.php?rest_route=\/wp\/v2\/posts\/81235\/revisions\/81238"}],"wp:attachment":[{"href":"https:\/\/folhadosudeste.com\/site\/index.php?rest_route=%2Fwp%2Fv2%2Fmedia&parent=81235"}],"wp:term":[{"taxonomy":"category","embeddable":true,"href":"https:\/\/folhadosudeste.com\/site\/index.php?rest_route=%2Fwp%2Fv2%2Fcategories&post=81235"},{"taxonomy":"post_tag","embeddable":true,"href":"https:\/\/folhadosudeste.com\/site\/index.php?rest_route=%2Fwp%2Fv2%2Ftags&post=81235"}],"curies":[{"name":"wp","href":"https:\/\/api.w.org\/{rel}","templated":true}]}}