{"id":81239,"date":"2022-04-19T19:28:03","date_gmt":"2022-04-19T19:28:03","guid":{"rendered":"http:\/\/folhadosudeste.com\/site\/?p=81239"},"modified":"2022-04-19T19:28:03","modified_gmt":"2022-04-19T19:28:03","slug":"homem-e-preso-suspeito-de-tentar-matar-ex-companheira-a-facadas-em-visconde-do-rio-branco","status":"publish","type":"post","link":"https:\/\/folhadosudeste.com\/site\/?p=81239","title":{"rendered":"Homem \u00e9 preso suspeito de tentar matar ex-companheira a facadas em Visconde do Rio Branco"},"content":{"rendered":"<p><a href=\"http:\/\/folhadosudeste.com\/site\/wp-content\/uploads\/2022\/04\/foto.jpg\"><img loading=\"lazy\" decoding=\"async\" class=\"alignnone  wp-image-81240\" src=\"http:\/\/folhadosudeste.com\/site\/wp-content\/uploads\/2022\/04\/foto.jpg\" alt=\"\" width=\"766\" height=\"465\" srcset=\"https:\/\/folhadosudeste.com\/site\/wp-content\/uploads\/2022\/04\/foto.jpg 575w, https:\/\/folhadosudeste.com\/site\/wp-content\/uploads\/2022\/04\/foto-300x182.jpg 300w\" sizes=\"auto, (max-width: 766px) 100vw, 766px\" \/><\/a><\/p>\n<p style=\"text-align: justify;\"><em>Crime foi cometido no dia 11 de abril, quando o investigado desferiu cerca de 30 facadas contra a v\u00edtima.<\/em><\/p>\n<p>&nbsp;<\/p>\n<p style=\"text-align: justify;\">A Pol\u00edcia Civil de Minas Gerais (PCMG) prendeu um homem, de 41 anos, suspeito de tentar matar a ex-companheira, de 42 anos, no munic\u00edpio de Visconde do Rio Branco, na Zona da Mata mineira, pertencente ao 4\u00ba Departamento. O crime foi cometido na madrugada do dia 11 abril, quando o investigado desferiu cerca de 30 facadas contra a v\u00edtima. Ele responder\u00e1 pela pr\u00e1tica de tentativa de homic\u00eddio qualificado, em virtude de viol\u00eancia de g\u00eanero, crueldade e motiva\u00e7\u00e3o f\u00fatil.<\/p>\n<p style=\"text-align: justify;\">&nbsp;<\/p>\n<p style=\"text-align: justify;\">De acordo com o delegado Douglas Mota, o crime foi cometido no bairro Santa Clara. \u201cAs investiga\u00e7\u00f5es apontaram que o suspeito, mesmo diante da ci\u00eancia de medida protetiva que o proibia de se aproximar da v\u00edtima, invadiu a resid\u00eancia dela atrav\u00e9s de um barranco, localizado no fundo do im\u00f3vel, com o intuito de verificar se ela j\u00e1 estava se relacionando com outro homem\u201d, explica.<\/p>\n<p style=\"text-align: justify;\"><!--more--><\/p>\n<p style=\"text-align: justify;\">Na ocasi\u00e3o, ele portava uma faca e come\u00e7ou a discutir com a mulher, ap\u00f3s ela ter negado reatar o relacionamento. \u201cEm via p\u00fablica, o homem come\u00e7ou a desferir m\u00faltiplos golpes de faca que perfuraram o pulm\u00e3o da v\u00edtima. Al\u00e9m disso, ela fraturou a esc\u00e1pula e lesionou a face, o pesco\u00e7o e membros superiores. A v\u00edtima foi socorrida e encontra-se em estado est\u00e1vel de sa\u00fade\u201d, conta.<\/p>\n<p style=\"text-align: justify;\">&nbsp;<\/p>\n<p style=\"text-align: justify;\">Investiga\u00e7\u00f5es apontaram que o suspeito j\u00e1 era investigado pela pr\u00e1tica de les\u00e3o corporal e de amea\u00e7a contra a v\u00edtima. Ele tamb\u00e9m \u00e9 suspeito de viol\u00eancia dom\u00e9stica contra outra ex-companheira.<\/p>\n<p style=\"text-align: justify;\">&nbsp;<\/p>\n<p style=\"text-align: justify;\">O homem foi encaminhado ao sistema prisional e se encontra \u00e0 disposi\u00e7\u00e3o da Justi\u00e7a.<\/p>\n<p style=\"text-align: justify;\">&nbsp;<\/p>\n","protected":false},"excerpt":{"rendered":"<p>Crime foi cometido no dia 11 de abril, quando o investigado desferiu cerca de 30 facadas contra a v\u00edtima. &nbsp; A Pol\u00edcia Civil de Minas Gerais (PCMG) prendeu um homem, de 41 anos, suspeito de tentar matar a ex-companheira, de 42 anos, no munic\u00edpio de Visconde do Rio Branco, na Zona da Mata mineira, pertencente [&hellip;]<\/p>\n","protected":false},"author":6,"featured_media":0,"comment_status":"open","ping_status":"closed","sticky":false,"template":"","format":"standard","meta":{"_joinchat":[],"footnotes":""},"categories":[1],"tags":[],"class_list":["post-81239","post","type-post","status-publish","format-standard","hentry","category-sem-categoria"],"_links":{"self":[{"href":"https:\/\/folhadosudeste.com\/site\/index.php?rest_route=\/wp\/v2\/posts\/81239","targetHints":{"allow":["GET"]}}],"collection":[{"href":"https:\/\/folhadosudeste.com\/site\/index.php?rest_route=\/wp\/v2\/posts"}],"about":[{"href":"https:\/\/folhadosudeste.com\/site\/index.php?rest_route=\/wp\/v2\/types\/post"}],"author":[{"embeddable":true,"href":"https:\/\/folhadosudeste.com\/site\/index.php?rest_route=\/wp\/v2\/users\/6"}],"replies":[{"embeddable":true,"href":"https:\/\/folhadosudeste.com\/site\/index.php?rest_route=%2Fwp%2Fv2%2Fcomments&post=81239"}],"version-history":[{"count":1,"href":"https:\/\/folhadosudeste.com\/site\/index.php?rest_route=\/wp\/v2\/posts\/81239\/revisions"}],"predecessor-version":[{"id":81241,"href":"https:\/\/folhadosudeste.com\/site\/index.php?rest_route=\/wp\/v2\/posts\/81239\/revisions\/81241"}],"wp:attachment":[{"href":"https:\/\/folhadosudeste.com\/site\/index.php?rest_route=%2Fwp%2Fv2%2Fmedia&parent=81239"}],"wp:term":[{"taxonomy":"category","embeddable":true,"href":"https:\/\/folhadosudeste.com\/site\/index.php?rest_route=%2Fwp%2Fv2%2Fcategories&post=81239"},{"taxonomy":"post_tag","embeddable":true,"href":"https:\/\/folhadosudeste.com\/site\/index.php?rest_route=%2Fwp%2Fv2%2Ftags&post=81239"}],"curies":[{"name":"wp","href":"https:\/\/api.w.org\/{rel}","templated":true}]}}