{"id":81242,"date":"2022-04-19T19:31:24","date_gmt":"2022-04-19T19:31:24","guid":{"rendered":"http:\/\/folhadosudeste.com\/site\/?p=81242"},"modified":"2022-04-19T19:31:24","modified_gmt":"2022-04-19T19:31:24","slug":"festa-do-trabalhador-volta-a-acontecer-em-2022-veja-programacao","status":"publish","type":"post","link":"https:\/\/folhadosudeste.com\/site\/?p=81242","title":{"rendered":"Festa do Trabalhador volta a acontecer em 2022; veja programa\u00e7\u00e3o"},"content":{"rendered":"<p><a href=\"http:\/\/folhadosudeste.com\/site\/wp-content\/uploads\/2022\/04\/Corrida-do-Trabalhador-2.jpg\"><img loading=\"lazy\" decoding=\"async\" class=\"alignnone size-full wp-image-81243\" src=\"http:\/\/folhadosudeste.com\/site\/wp-content\/uploads\/2022\/04\/Corrida-do-Trabalhador-2.jpg\" alt=\"\" width=\"1022\" height=\"819\" srcset=\"https:\/\/folhadosudeste.com\/site\/wp-content\/uploads\/2022\/04\/Corrida-do-Trabalhador-2.jpg 1022w, https:\/\/folhadosudeste.com\/site\/wp-content\/uploads\/2022\/04\/Corrida-do-Trabalhador-2-300x240.jpg 300w, https:\/\/folhadosudeste.com\/site\/wp-content\/uploads\/2022\/04\/Corrida-do-Trabalhador-2-768x615.jpg 768w\" sizes=\"auto, (max-width: 1022px) 100vw, 1022px\" \/><\/a><\/p>\n<div id=\":qx\" class=\"ii gt\">\n<div id=\":qw\" class=\"a3s aiL \">\n<div dir=\"ltr\">\n<p style=\"text-align: justify;\" align=\"left\"><span style=\"font-family: Arial, sans-serif;\">Ap\u00f3s dois anos de interrup\u00e7\u00e3o devido \u00e0 pandemia, a tradicional Festa do Trabalhador&nbsp;<\/span><span style=\"font-family: Arial, sans-serif;\">realizada pela n<\/span><span style=\"font-family: Arial, sans-serif;\">o bairro Santa Terezinha voltar\u00e1 a acontecer em 2022. O evento&nbsp;<\/span><span style=\"font-family: Arial, sans-serif;\">realizado&nbsp;<\/span><span style=\"font-family: Arial, sans-serif;\">Prefeitura, Fundarte e Associa\u00e7\u00e3o de Moradores&nbsp;<\/span><span style=\"font-family: Arial, sans-serif;\">ser\u00e1 no dia 1 de maio, feriado do Dia do Trabalho, com diversas atividades acontecendo desde as primeiras horas da manh\u00e3.<\/p>\n<p>A programa\u00e7\u00e3o come\u00e7ar\u00e1 \u00e0s 6h, com caminhada pelas ruas do bairro. Em seguida, \u00e0s 8h, haver\u00e1 missa no campo do Oper\u00e1rio Futebol Clube e tamb\u00e9m a largada para a 33\u00aa edi\u00e7\u00e3o da Corrida do Trabalhador, com trajeto iniciando na Pra\u00e7a Farmac\u00eautico Domingos Ciribelli.<\/p>\n<p><\/span><span style=\"font-family: Arial, sans-serif;\"><span>Ap\u00f3s a corrida, ter\u00e1 o torneio de Futebol no Campo do Oper\u00e1rio, com in\u00edcio \u00e0s 9h da manh\u00e3. E, \u00e0s 9h30, uma comitiva entregar\u00e1 os trof\u00e9us \u2018M\u00e9rito do Trabalho\u2019 para alguns dos profissionais que se destacaram em suas fun\u00e7\u00f5es.<\/p>\n<p>\u00c1s 11h ser\u00e1 a apresenta\u00e7\u00e3o do grupo Folcl\u00f3rico \u2018For\u00e7a da Ra\u00e7a\u2019 que reunir\u00e1 as pessoas para uma apresenta\u00e7\u00e3o cultural. A partir das 14h, o grupo \u2018Batuque de 2\u2019 comandar\u00e1 o encerramento da festa no Campo do Oper\u00e1rio.<\/span><\/span><\/p>\n<\/div>\n<\/div>\n<\/div>\n<p><!--more--><\/p>\n<div dir=\"ltr\">\n<p style=\"text-align: justify;\" align=\"left\"><span style=\"font-family: Arial, sans-serif;\">Corrida &#8211; As inscri\u00e7\u00f5es para aqueles que desejarem participar da \u2018Corrida do Trabalhador\u2019 est\u00e3o abertas no site da Fundarte at\u00e9 o dia 28 de abril, no endere\u00e7o:&nbsp;<a href=\"http:\/\/fundartemuriae.com.br\/\" target=\"_blank\" rel=\"noopener\" data-saferedirecturl=\"https:\/\/www.google.com\/url?q=http:\/\/fundartemuriae.com.br&amp;source=gmail&amp;ust=1650482337902000&amp;usg=AOvVaw3pSJKJ-qu8Xcdf3YLtq5Ze\">fundartemuriae.com.br<\/a>.<\/p>\n<p>A premia\u00e7\u00e3o para os vencedores ter\u00e1 um total de R$1.000 (mil reais).&nbsp;<\/span><span style=\"color: #000000;\"><span style=\"font-family: Arial, sans-serif;\">Os tr\u00eas primeiros de cada categoria receberam trof\u00e9us e os tr\u00eas primeiros na classifica\u00e7\u00e3o geral receberam&nbsp;<\/span><\/span><span style=\"color: #000000;\"><span style=\"font-family: Arial, sans-serif;\">tamb\u00e9m a p<\/span><\/span><span style=\"color: #000000;\"><span style=\"font-family: Arial, sans-serif;\">remia\u00e7\u00e3o em dinheiro.<\/span><\/span><\/p>\n<p style=\"text-align: justify;\" align=\"left\"><span style=\"font-family: Arial, sans-serif;\"><span style=\"color: #000000;\">As m<\/span><span style=\"color: #000000;\">edalhas de participa\u00e7\u00e3o para os 150 primeiros que cruzarem a linha de chegada.<\/span><\/span><\/p>\n<\/div>\n<div id=\":qf\" class=\"hq gt\">&nbsp;<\/div>\n","protected":false},"excerpt":{"rendered":"<p>Ap\u00f3s dois anos de interrup\u00e7\u00e3o devido \u00e0 pandemia, a tradicional Festa do Trabalhador&nbsp;realizada pela no bairro Santa Terezinha voltar\u00e1 a acontecer em 2022. O evento&nbsp;realizado&nbsp;Prefeitura, Fundarte e Associa\u00e7\u00e3o de Moradores&nbsp;ser\u00e1 no dia 1 de maio, feriado do Dia do Trabalho, com diversas atividades acontecendo desde as primeiras horas da manh\u00e3. A programa\u00e7\u00e3o come\u00e7ar\u00e1 \u00e0s 6h, [&hellip;]<\/p>\n","protected":false},"author":6,"featured_media":0,"comment_status":"open","ping_status":"closed","sticky":false,"template":"","format":"standard","meta":{"_joinchat":[],"footnotes":""},"categories":[1],"tags":[],"class_list":["post-81242","post","type-post","status-publish","format-standard","hentry","category-sem-categoria"],"_links":{"self":[{"href":"https:\/\/folhadosudeste.com\/site\/index.php?rest_route=\/wp\/v2\/posts\/81242","targetHints":{"allow":["GET"]}}],"collection":[{"href":"https:\/\/folhadosudeste.com\/site\/index.php?rest_route=\/wp\/v2\/posts"}],"about":[{"href":"https:\/\/folhadosudeste.com\/site\/index.php?rest_route=\/wp\/v2\/types\/post"}],"author":[{"embeddable":true,"href":"https:\/\/folhadosudeste.com\/site\/index.php?rest_route=\/wp\/v2\/users\/6"}],"replies":[{"embeddable":true,"href":"https:\/\/folhadosudeste.com\/site\/index.php?rest_route=%2Fwp%2Fv2%2Fcomments&post=81242"}],"version-history":[{"count":2,"href":"https:\/\/folhadosudeste.com\/site\/index.php?rest_route=\/wp\/v2\/posts\/81242\/revisions"}],"predecessor-version":[{"id":81245,"href":"https:\/\/folhadosudeste.com\/site\/index.php?rest_route=\/wp\/v2\/posts\/81242\/revisions\/81245"}],"wp:attachment":[{"href":"https:\/\/folhadosudeste.com\/site\/index.php?rest_route=%2Fwp%2Fv2%2Fmedia&parent=81242"}],"wp:term":[{"taxonomy":"category","embeddable":true,"href":"https:\/\/folhadosudeste.com\/site\/index.php?rest_route=%2Fwp%2Fv2%2Fcategories&post=81242"},{"taxonomy":"post_tag","embeddable":true,"href":"https:\/\/folhadosudeste.com\/site\/index.php?rest_route=%2Fwp%2Fv2%2Ftags&post=81242"}],"curies":[{"name":"wp","href":"https:\/\/api.w.org\/{rel}","templated":true}]}}