{"id":81248,"date":"2022-04-20T18:45:29","date_gmt":"2022-04-20T18:45:29","guid":{"rendered":"http:\/\/folhadosudeste.com\/site\/?p=81248"},"modified":"2022-04-20T18:45:29","modified_gmt":"2022-04-20T18:45:29","slug":"uso-de-mascara-em-locais-fechados-sera-opcional-a-partir-de-segunda-em-muriae","status":"publish","type":"post","link":"https:\/\/folhadosudeste.com\/site\/?p=81248","title":{"rendered":"Uso de m\u00e1scara em locais fechados ser\u00e1 opcional a partir de segunda em Muria\u00e9"},"content":{"rendered":"<div class=\"gs\">\n<div class=\"\">\n<div id=\":191\" class=\"ii gt\">\n<div id=\":190\" class=\"a3s aiL \">\n<div dir=\"ltr\">\n<div dir=\"ltr\">\n<div><a href=\"http:\/\/folhadosudeste.com\/site\/wp-content\/uploads\/2022\/04\/WhatsApp-Image-2022-04-20-at-15.44.40.jpeg\"><img loading=\"lazy\" decoding=\"async\" class=\"alignnone  wp-image-81250\" src=\"http:\/\/folhadosudeste.com\/site\/wp-content\/uploads\/2022\/04\/WhatsApp-Image-2022-04-20-at-15.44.40.jpeg\" alt=\"\" width=\"783\" height=\"522\" srcset=\"https:\/\/folhadosudeste.com\/site\/wp-content\/uploads\/2022\/04\/WhatsApp-Image-2022-04-20-at-15.44.40.jpeg 678w, https:\/\/folhadosudeste.com\/site\/wp-content\/uploads\/2022\/04\/WhatsApp-Image-2022-04-20-at-15.44.40-300x200.jpeg 300w, https:\/\/folhadosudeste.com\/site\/wp-content\/uploads\/2022\/04\/WhatsApp-Image-2022-04-20-at-15.44.40-120x80.jpeg 120w, https:\/\/folhadosudeste.com\/site\/wp-content\/uploads\/2022\/04\/WhatsApp-Image-2022-04-20-at-15.44.40-345x230.jpeg 345w\" sizes=\"auto, (max-width: 783px) 100vw, 783px\" \/><\/a><\/div>\n<div>&nbsp;<\/div>\n<div>A partir da pr\u00f3xima segunda-feira, 25 de abril, o uso de m\u00e1scara em Muria\u00e9 passa a ser opcional tamb\u00e9m em ambientes fechados. A nova regulamenta\u00e7\u00e3o consta na resolu\u00e7\u00e3o n\u00famero 63 do Comit\u00ea Municipal Covid-19.&nbsp;<\/div>\n<div>&nbsp;<\/div>\n<div>O documento coloca ainda que, mesmo com a libera\u00e7\u00e3o, em determinadas atividades ou circunst\u00e2ncias poder\u00e1 haver regras espec\u00edficas para uso da prote\u00e7\u00e3o sobre nariz e boca.<\/div>\n<div>&nbsp;<\/div>\n<div><b>N\u00fameros controlados &#8211;<\/b>&nbsp;Em locais abertos, o uso de m\u00e1scara j\u00e1 era opcional h\u00e1 40 dias, desde 12 de mar\u00e7o. Neste per\u00edodo, Muria\u00e9 teve m\u00e9dia de apenas dois novos casos de covid-19 por dia e registrou somente um \u00f3bito provocado pela doen\u00e7a.<\/div>\n<\/div>\n<\/div>\n<\/div>\n<\/div>\n<\/div>\n<\/div>\n<p><!--more--><\/p>\n<div>Naquela data, a cidade contava com 25 pacientes ativos, ao passo que atualmente s\u00e3o apenas dois. A vacina\u00e7\u00e3o, por sua vez, teve avan\u00e7o consider\u00e1vel. Veja os n\u00fameros dos \u00faltimos 40 dias:<\/div>\n<div>&nbsp;<\/div>\n<div>Dose 1: 1.067 aplica\u00e7\u00f5es<\/div>\n<div>Dose 2: 2.565 aplica\u00e7\u00f5es<\/div>\n<div>Refor\u00e7o 1: 5.544 aplica\u00e7\u00f5es<\/div>\n<div>Refor\u00e7o 2: 1.485 aplica\u00e7\u00f5es<\/div>\n<div>&nbsp;<\/div>\n<div><a href=\"http:\/\/folhadosudeste.com\/site\/wp-content\/uploads\/2022\/04\/Resolu\u00e7\u00e3o-n.\u00ba-63-COVID-19.pdf\">Resolu\u00e7\u00e3o n.\u00ba 63 &#8211; COVID-19<\/a><\/div>\n","protected":false},"excerpt":{"rendered":"<p>&nbsp; A partir da pr\u00f3xima segunda-feira, 25 de abril, o uso de m\u00e1scara em Muria\u00e9 passa a ser opcional tamb\u00e9m em ambientes fechados. A nova regulamenta\u00e7\u00e3o consta na resolu\u00e7\u00e3o n\u00famero 63 do Comit\u00ea Municipal Covid-19.&nbsp; &nbsp; O documento coloca ainda que, mesmo com a libera\u00e7\u00e3o, em determinadas atividades ou circunst\u00e2ncias poder\u00e1 haver regras espec\u00edficas para [&hellip;]<\/p>\n","protected":false},"author":6,"featured_media":0,"comment_status":"open","ping_status":"closed","sticky":false,"template":"","format":"standard","meta":{"_joinchat":[],"footnotes":""},"categories":[1],"tags":[],"class_list":["post-81248","post","type-post","status-publish","format-standard","hentry","category-sem-categoria"],"_links":{"self":[{"href":"https:\/\/folhadosudeste.com\/site\/index.php?rest_route=\/wp\/v2\/posts\/81248","targetHints":{"allow":["GET"]}}],"collection":[{"href":"https:\/\/folhadosudeste.com\/site\/index.php?rest_route=\/wp\/v2\/posts"}],"about":[{"href":"https:\/\/folhadosudeste.com\/site\/index.php?rest_route=\/wp\/v2\/types\/post"}],"author":[{"embeddable":true,"href":"https:\/\/folhadosudeste.com\/site\/index.php?rest_route=\/wp\/v2\/users\/6"}],"replies":[{"embeddable":true,"href":"https:\/\/folhadosudeste.com\/site\/index.php?rest_route=%2Fwp%2Fv2%2Fcomments&post=81248"}],"version-history":[{"count":1,"href":"https:\/\/folhadosudeste.com\/site\/index.php?rest_route=\/wp\/v2\/posts\/81248\/revisions"}],"predecessor-version":[{"id":81251,"href":"https:\/\/folhadosudeste.com\/site\/index.php?rest_route=\/wp\/v2\/posts\/81248\/revisions\/81251"}],"wp:attachment":[{"href":"https:\/\/folhadosudeste.com\/site\/index.php?rest_route=%2Fwp%2Fv2%2Fmedia&parent=81248"}],"wp:term":[{"taxonomy":"category","embeddable":true,"href":"https:\/\/folhadosudeste.com\/site\/index.php?rest_route=%2Fwp%2Fv2%2Fcategories&post=81248"},{"taxonomy":"post_tag","embeddable":true,"href":"https:\/\/folhadosudeste.com\/site\/index.php?rest_route=%2Fwp%2Fv2%2Ftags&post=81248"}],"curies":[{"name":"wp","href":"https:\/\/api.w.org\/{rel}","templated":true}]}}