{"id":81339,"date":"2022-04-25T18:53:05","date_gmt":"2022-04-25T18:53:05","guid":{"rendered":"http:\/\/folhadosudeste.com\/site\/?p=81339"},"modified":"2022-04-25T18:53:05","modified_gmt":"2022-04-25T18:53:05","slug":"dia-de-campo-reune-cafeicultores-de-belisario","status":"publish","type":"post","link":"https:\/\/folhadosudeste.com\/site\/?p=81339","title":{"rendered":"Dia de Campo re\u00fane cafeicultores de Belis\u00e1rio"},"content":{"rendered":"<div id=\":1v8\" class=\"ii gt\">\n<div id=\":1v9\" class=\"a3s aiL \">\n<div dir=\"ltr\">\n<p><a href=\"http:\/\/folhadosudeste.com\/site\/wp-content\/uploads\/2022\/04\/Amaury-e-Roberio.jpg\"><img loading=\"lazy\" decoding=\"async\" class=\"alignnone size-full wp-image-81340\" src=\"http:\/\/folhadosudeste.com\/site\/wp-content\/uploads\/2022\/04\/Amaury-e-Roberio.jpg\" alt=\"\" width=\"2048\" height=\"1536\" srcset=\"https:\/\/folhadosudeste.com\/site\/wp-content\/uploads\/2022\/04\/Amaury-e-Roberio.jpg 2048w, https:\/\/folhadosudeste.com\/site\/wp-content\/uploads\/2022\/04\/Amaury-e-Roberio-300x225.jpg 300w, https:\/\/folhadosudeste.com\/site\/wp-content\/uploads\/2022\/04\/Amaury-e-Roberio-768x576.jpg 768w, https:\/\/folhadosudeste.com\/site\/wp-content\/uploads\/2022\/04\/Amaury-e-Roberio-1024x768.jpg 1024w\" sizes=\"auto, (max-width: 2048px) 100vw, 2048px\" \/><\/a><\/p>\n<p>O Dia de Campo da Cafeicultura aconteceu na \u00faltima semana no Centro Multiuso de Pedra Alta, Belis\u00e1rio e teve o prop\u00f3sito de divulgar as novas tecnologias que envolvem o caf\u00e9.<\/p>\n<p align=\"justify\">Durante o evento, os especialistas em cuidados com a terra apontaram as principais formas de n\u00e3o perder a safra, de se livrar das pragas, aprimorando as formas de gera\u00e7\u00e3o de renda do homem do campo.<\/p>\n<p align=\"justify\">Para proporcionar novos conhecimentos e tamb\u00e9m auxiliar em novas planta\u00e7\u00f5es, os palestrantes da Emater &#8211; MG&nbsp;dissertaram&nbsp;sobre as \u2018Novas Cultivares de Caf\u00e9 para a Regi\u00e3o\u2019 (Rob\u00e9rio Torres &#8211; engenheiro agr\u00f4nomo), a \u2018An\u00e1lise de Solo e Aduba\u00e7\u00e3o do Cafeeiro\u2019 ( Ant\u00f4nio Martins Peixoto &#8211; agr\u00f4nomo) e as melhorias que podem ser obtidas no momento da \u2018Colheita e P\u00f3s-Colheita do Caf\u00e9\u2019 ( Adenilson Chaves &#8211; t\u00e9cnico agr\u00edcola).<\/p>\n<\/div>\n<\/div>\n<\/div>\n<p><!--more--><\/p>\n<div dir=\"ltr\">\n<p align=\"justify\">A Emater-MG&nbsp;e Prefeitura&nbsp;contribuem para o desenvolvimento sustent\u00e1vel da agricultura familiar e atuam como instrumentos para a a\u00e7\u00e3o operacional e planejamento da produ\u00e7\u00e3o agr\u00edcola.<\/p>\n<p align=\"justify\">Os agricultores que necessitarem de consultoria podem procurar a empresa para maiores detalhes sobre o plantio de cada cultura, seja ela abacate, banana, caf\u00e9, frutas ou outras especificidades. Interessados devem ir at\u00e9 o escrit\u00f3rio da Emater-MG, localizada nas imedia\u00e7\u00f5es do Centro Administrativo Presidente Tancredo Neves, na Rua Maestro Sans\u00e3o \u2013 ao lado do Procon ou do Terminal Rodovi\u00e1rio.<\/p>\n<\/div>\n<div class=\"yj6qo\"><a href=\"http:\/\/folhadosudeste.com\/site\/wp-content\/uploads\/2022\/04\/IMG_0011.jpg\"><img loading=\"lazy\" decoding=\"async\" class=\"alignnone size-full wp-image-81341\" src=\"http:\/\/folhadosudeste.com\/site\/wp-content\/uploads\/2022\/04\/IMG_0011.jpg\" alt=\"\" width=\"2048\" height=\"1536\" srcset=\"https:\/\/folhadosudeste.com\/site\/wp-content\/uploads\/2022\/04\/IMG_0011.jpg 2048w, https:\/\/folhadosudeste.com\/site\/wp-content\/uploads\/2022\/04\/IMG_0011-300x225.jpg 300w, https:\/\/folhadosudeste.com\/site\/wp-content\/uploads\/2022\/04\/IMG_0011-768x576.jpg 768w, https:\/\/folhadosudeste.com\/site\/wp-content\/uploads\/2022\/04\/IMG_0011-1024x768.jpg 1024w\" sizes=\"auto, (max-width: 2048px) 100vw, 2048px\" \/><\/a> <a href=\"http:\/\/folhadosudeste.com\/site\/wp-content\/uploads\/2022\/04\/equipe-Emater.Prefeitura.jpg\"><img loading=\"lazy\" decoding=\"async\" class=\"alignnone size-full wp-image-81342\" src=\"http:\/\/folhadosudeste.com\/site\/wp-content\/uploads\/2022\/04\/equipe-Emater.Prefeitura.jpg\" alt=\"\" width=\"2048\" height=\"1536\" srcset=\"https:\/\/folhadosudeste.com\/site\/wp-content\/uploads\/2022\/04\/equipe-Emater.Prefeitura.jpg 2048w, https:\/\/folhadosudeste.com\/site\/wp-content\/uploads\/2022\/04\/equipe-Emater.Prefeitura-300x225.jpg 300w, https:\/\/folhadosudeste.com\/site\/wp-content\/uploads\/2022\/04\/equipe-Emater.Prefeitura-768x576.jpg 768w, https:\/\/folhadosudeste.com\/site\/wp-content\/uploads\/2022\/04\/equipe-Emater.Prefeitura-1024x768.jpg 1024w\" sizes=\"auto, (max-width: 2048px) 100vw, 2048px\" \/><\/a><\/div>\n<div id=\":23v\" class=\"hq gt\">&nbsp;<\/div>\n","protected":false},"excerpt":{"rendered":"<p>O Dia de Campo da Cafeicultura aconteceu na \u00faltima semana no Centro Multiuso de Pedra Alta, Belis\u00e1rio e teve o prop\u00f3sito de divulgar as novas tecnologias que envolvem o caf\u00e9. Durante o evento, os especialistas em cuidados com a terra apontaram as principais formas de n\u00e3o perder a safra, de se livrar das pragas, aprimorando [&hellip;]<\/p>\n","protected":false},"author":6,"featured_media":0,"comment_status":"open","ping_status":"closed","sticky":false,"template":"","format":"standard","meta":{"_joinchat":[],"footnotes":""},"categories":[1],"tags":[],"class_list":["post-81339","post","type-post","status-publish","format-standard","hentry","category-sem-categoria"],"_links":{"self":[{"href":"https:\/\/folhadosudeste.com\/site\/index.php?rest_route=\/wp\/v2\/posts\/81339","targetHints":{"allow":["GET"]}}],"collection":[{"href":"https:\/\/folhadosudeste.com\/site\/index.php?rest_route=\/wp\/v2\/posts"}],"about":[{"href":"https:\/\/folhadosudeste.com\/site\/index.php?rest_route=\/wp\/v2\/types\/post"}],"author":[{"embeddable":true,"href":"https:\/\/folhadosudeste.com\/site\/index.php?rest_route=\/wp\/v2\/users\/6"}],"replies":[{"embeddable":true,"href":"https:\/\/folhadosudeste.com\/site\/index.php?rest_route=%2Fwp%2Fv2%2Fcomments&post=81339"}],"version-history":[{"count":1,"href":"https:\/\/folhadosudeste.com\/site\/index.php?rest_route=\/wp\/v2\/posts\/81339\/revisions"}],"predecessor-version":[{"id":81343,"href":"https:\/\/folhadosudeste.com\/site\/index.php?rest_route=\/wp\/v2\/posts\/81339\/revisions\/81343"}],"wp:attachment":[{"href":"https:\/\/folhadosudeste.com\/site\/index.php?rest_route=%2Fwp%2Fv2%2Fmedia&parent=81339"}],"wp:term":[{"taxonomy":"category","embeddable":true,"href":"https:\/\/folhadosudeste.com\/site\/index.php?rest_route=%2Fwp%2Fv2%2Fcategories&post=81339"},{"taxonomy":"post_tag","embeddable":true,"href":"https:\/\/folhadosudeste.com\/site\/index.php?rest_route=%2Fwp%2Fv2%2Ftags&post=81339"}],"curies":[{"name":"wp","href":"https:\/\/api.w.org\/{rel}","templated":true}]}}