{"id":81387,"date":"2022-04-28T18:35:25","date_gmt":"2022-04-28T18:35:25","guid":{"rendered":"http:\/\/folhadosudeste.com\/site\/?p=81387"},"modified":"2022-04-28T18:35:25","modified_gmt":"2022-04-28T18:35:25","slug":"camara-de-muriae-tem-sessao-com-diversos-projetos-importantes-votados-e-grande-participacao-popular","status":"publish","type":"post","link":"https:\/\/folhadosudeste.com\/site\/?p=81387","title":{"rendered":"C\u00e2mara de Muria\u00e9 tem sess\u00e3o com diversos projetos importantes votados e grande participa\u00e7\u00e3o popular"},"content":{"rendered":"<p><a href=\"http:\/\/folhadosudeste.com\/site\/wp-content\/uploads\/2022\/04\/52FD1897-C078-46B8-A1D5-D44EFF936CC6.jpeg\"><img loading=\"lazy\" decoding=\"async\" class=\"alignnone size-full wp-image-81388\" src=\"http:\/\/folhadosudeste.com\/site\/wp-content\/uploads\/2022\/04\/52FD1897-C078-46B8-A1D5-D44EFF936CC6.jpeg\" alt=\"\" width=\"2048\" height=\"1152\" srcset=\"https:\/\/folhadosudeste.com\/site\/wp-content\/uploads\/2022\/04\/52FD1897-C078-46B8-A1D5-D44EFF936CC6.jpeg 2048w, https:\/\/folhadosudeste.com\/site\/wp-content\/uploads\/2022\/04\/52FD1897-C078-46B8-A1D5-D44EFF936CC6-300x169.jpeg 300w, https:\/\/folhadosudeste.com\/site\/wp-content\/uploads\/2022\/04\/52FD1897-C078-46B8-A1D5-D44EFF936CC6-768x432.jpeg 768w, https:\/\/folhadosudeste.com\/site\/wp-content\/uploads\/2022\/04\/52FD1897-C078-46B8-A1D5-D44EFF936CC6-1024x576.jpeg 1024w\" sizes=\"auto, (max-width: 2048px) 100vw, 2048px\" \/><\/a><br \/>\nA Sess\u00e3o da C\u00e2mara de Muria\u00e9, de 26 de abril, analisou e votou 12 projetos, tendo grande participa\u00e7\u00e3o popular com a manifesta\u00e7\u00e3o dos moradores dos bairros Planalto e Dornellas 2 por falta de \u00f4nibus, dos professores pelo reajuste proposto pelo Fundeb e ainda teve a abertura da IX Semana Municipal de Preven\u00e7\u00e3o a Acidentes de Trabalho (SEMPAT)<\/p>\n<p>Destaques da Sess\u00e3o:<br \/>\n&#8211; Falta de transpar\u00eancia do Executivo gera atraso em vota\u00e7\u00f5es de Projetos;<br \/>\n&#8211; C\u00e2mara aprova gratuidade em eventos esportivos para menores de 12 anos;<br \/>\n&#8211; Vereadores aprovam cr\u00e9dito especial de mais de R$ 3.8 milh\u00f5es para Muria\u00e9;<br \/>\n&#8211; C\u00e2mara aprova projeto que determina a\u00e7\u00f5es de transpar\u00eancia nas obras p\u00fablicas;<br \/>\n&#8211; Projeto, que institui Calend\u00e1rio Anual Esportivo, \u00e9 aprovado pelos vereadores;<br \/>\n&#8211; ASCULT do Padro Tiago \u00e9 declarada de Utilidade P\u00fablica pela C\u00e2mara;<br \/>\n&#8211; Presidente da C\u00e2mara ser\u00e1 eleito todos os anos pelos pr\u00f3prios vereadores;<br \/>\n&#8211; C\u00e2mara tem mais uma sess\u00e3o este ano com grande participa\u00e7\u00e3o popular.<\/p>\n<p>Falta de transpar\u00eancia:<br \/>\nProjeto que paralisou as vota\u00e7\u00f5es por falta de resposta do Executivo \u00e9 arquivado a pedido do pr\u00f3prio Executivo<br \/>\nO Projeto de Lei 33\/2022, de autoria do Poder Executivo, que foi alvo de pol\u00eamica na semana passada na cidade, quando teve paralisada a vota\u00e7\u00e3o de projetos a pedido da vereadora da base da Administra\u00e7\u00e3o por j\u00e1 ter vencido o prazo de tramita\u00e7\u00e3o, iria ser discutido e votado esta semana, j\u00e1 que dia 25 o requerimento pendente foi respondido pelo Executivo, mas a Prefeitura solicitou ao presidente Ciso (PL) a retirada de tramita\u00e7\u00e3o do projeto.<br \/>\nEntenda o Caso:<br \/>\nO Projeto de Lei 33\/2022 extingue os cargos vagos de Operador de M\u00e1quinas Pesadas e os cargos de motoristas. O primeiro ocorrer\u00e1 por vac\u00e2ncia (cargos n\u00e3o ocupados), com a garantia de todos os direitos inerentes ao cargo aos seus atuais ocupantes. J\u00e1 a extin\u00e7\u00e3o do cargo de Motorista vir\u00e1 acompanhada de desmembramento em dois novos cargos: Condutor de Ve\u00edculos I e II. Ambos os cargos tem semelhan\u00e7a parcial de atribui\u00e7\u00f5es e mesmo n\u00edvel de escolaridade para o provimento, estando diferenciados em raz\u00e3o da categoria de habilita\u00e7\u00e3o, e, por consequ\u00eancia, do tipo de ve\u00edculo automotivo conduzido pelos mesmos, o que justifica uma diferencia\u00e7\u00e3o no padr\u00e3o de vencimentos haja vista o n\u00edvel de complexidade das atribui\u00e7\u00f5es dos cargos, como, por exemplo, a condu\u00e7\u00e3o de ve\u00edculos de emerg\u00eancia (ambul\u00e2ncia), \u00f4nibus escolares, etc.<br \/>\nA coloca\u00e7\u00e3o do projeto em vota\u00e7\u00e3o estava paralisada, pois aguardava respostas de requerimento feito por uma das Comiss\u00f5es respons\u00e1veis por analisar o projeto inicialmente. Na sess\u00e3o de ter\u00e7a, dia 19, a vereadora Dr\u00aa Miriam questionou a n\u00e3o vota\u00e7\u00e3o do projeto e solicitou nenhum outro projeto fosse votado, j\u00e1 que este se encontrava com o tempo de tramita\u00e7\u00e3o vencido. O presidente acatou o pedido da vereadora e diversos projetos previstos para serem votados n\u00e3o foram apreciados. Agora, ap\u00f3s ter respondidas as d\u00favidas que pairavam sobre o projeto e ele ter sido pautado, o Executivo solicita que a C\u00e2mara pare com a tramita\u00e7\u00e3o dele, de modo que o projeto ser\u00e1 arquivado.<br \/>\n<!--more--><br \/>\nCaso semelhante:<br \/>\nEsta semana, em resposta a uma reportagem do G1 sobre a falta de transporte coletivo p\u00fablico no Planalto, a Administra\u00e7\u00e3o responsabilizou a C\u00e2mara, pela n\u00e3o vota\u00e7\u00e3o do Projeto de Lei N\u00ba 39\/2022. Este projeto solicita autoriza\u00e7\u00e3o de abertura de Cr\u00e9dito Adicional Especial na ordem de R$ 10 mil para manuten\u00e7\u00e3o das atividades da Secretaria Municipal de Administra\u00e7\u00e3o (pagamentos de subven\u00e7\u00f5es econ\u00f4micas).<br \/>\nNa justificativa do PL, o Executivo explica que \u201co projeto\/atividade Manuten\u00e7\u00e3o das Atividades da Secretaria que ora se utiliza para a inclus\u00e3o da referida conta econ\u00f4mica \u00e9 o local utilizado pela Secretaria de Administra\u00e7\u00e3o para regular servi\u00e7os de Gest\u00e3o Institucional da Prefeitura Municipal de Muria\u00e9. Nele constam atividades como o pagamento de Di\u00e1rias, Junta Militar, Benef\u00edcios Assistenciais do Servidor e Tiro de Guerra, entre outros\u201d.<br \/>\nPortanto, n\u00e3o h\u00e1 nenhuma men\u00e7\u00e3o de que o projeto trate de destina\u00e7\u00e3o de recursos para a empresa prestadora de servi\u00e7os no transporte p\u00fablico da cidade. Segundo a presid\u00eancia da Casa, a falta de transpar\u00eancia na informa\u00e7\u00e3o do destino do recurso, inclusive, foi o motivo de morosidade na vota\u00e7\u00e3o deste projeto. No entanto, solid\u00e1rios a situa\u00e7\u00e3o dos moradores do bairro Planalto, o projeto foi aprovado nesta sess\u00e3o de ter\u00e7a-feira, dia 26, acatando novamente o pedido da vereadora Dr\u00aa Miriam, e n\u00e3o h\u00e1 mais justificativas para o n\u00e3o atendimento das necessidades da popula\u00e7\u00e3o, afinal, todos projetos importantes e claros, enviados \u00e0 C\u00e2mara t\u00eam sido aprovados bem antes do prazo previsto.<br \/>\nPromo\u00e7\u00e3o do Esporte:<br \/>\nC\u00e2mara de Muria\u00e9 aprova gratuidade em eventos esportivos para menores de 12 anos devidamente acompanhados<br \/>\nO Projeto de Lei 68\/2022, de autoria da Mesa Diretora da C\u00e2mara Municipal de Muria\u00e9, aprovado na sess\u00e3o de 19\/04, disp\u00f5e sobre o acesso gratuito a menor de 12 (doze) anos, acompanhado do pai ou respons\u00e1vel legal, em eventos esportivos em est\u00e1dios e gin\u00e1sios municipais.<br \/>\nA justificava \u00e9 a de que \u201co ordenamento jur\u00eddico vigente disp\u00f5e de uma gama de preceitos, de ordem constitucional e legal, que d\u00e3o \u00eanfase ao conv\u00edvio familiar e ao lazer como atos constitutivos da prote\u00e7\u00e3o integral a ser destinada \u00e0s crian\u00e7as e adolescentes, baseando-se nos artigos 227 da Constitui\u00e7\u00e3o Federal, e os artigos 3\u00ba, 4\u00ba, 59\u00ba, dentre outros, da Lei Federal N\u00ba 9.069\/90 (Estatuto da Crian\u00e7a e do Adolescente)\u201d. Portanto, a Mesa Diretora defende que o \u201calto custo dispendido pelas fam\u00edlias para ter acesso aos jogos de futebol e de outras modalidades esportivas, torna-se um empecilho ao lazer, levando-se em conta o pre\u00e7o do ingresso, a despesa com transporte coletivo e alimenta\u00e7\u00e3o\u201d. Para a autora, estes \u201cs\u00e3o exemplos t\u00edpicos das dificuldades enfrentadas pela maioria dos brasileiros no desfrute de tais divers\u00f5es\u201d.<br \/>\nMais R$ 3.8 milh\u00f5es:<br \/>\nC\u00e2mara aprova cr\u00e9dito especial para Administra\u00e7\u00e3o investir em v\u00e1rias \u00e1reas da Prefeitura<br \/>\nPor meio dos Projetos de Lei 70\/2022 e 74\/2022, os vereadores autorizaram o Executivo a utilizar o cr\u00e9dito especial de R$ 3.865.241,15. Os recursos s\u00e3o destinados a v\u00e1rias \u00e1reas de atua\u00e7\u00e3o do Munic\u00edpio.<br \/>\nOs R$ 754.790,48, referentes ao Projeto de Lei 70\/2022 ser\u00e3o distribu\u00eddos em R$ 473.790,48 para Sa\u00fade (manuten\u00e7\u00e3o do Centro de Especialidades Odontol\u00f3gicas \u2013 CEO, equipamentos e material permanente \u00e0 pol\u00edtica de apoio e fortalecimento \u00e0 aten\u00e7\u00e3o especializada e \u00e0 estrutura\u00e7\u00e3o da aten\u00e7\u00e3o \u00e0 sa\u00fade bucal, bem como material de consumo para projeto estrat\u00e9gico sa\u00fade em rede) e R$ 281.000,00 para o Desenvolvimento Social (material de consumo para custeio da Associa\u00e7\u00e3o de Pais e Amigos dos Excepcionais \u2013 APAE).<br \/>\nJ\u00e1 os R$ 3.110.450,67 do Projeto de Lei 74\/2022 ser\u00e3o distribu\u00eddos em v\u00e1rias Secretarias da seguinte forma:<br \/>\nAdministra\u00e7\u00e3o: R$ 1.381.600,00<br \/>\nSa\u00fade: R$ 970.718,65<br \/>\nAgricultura: R$ 254.182,82<br \/>\nEduca\u00e7\u00e3o: R$ 173.500,00<br \/>\nGabinete: R$ 155.000,00<br \/>\nProcuradoria Geral do Munic\u00edpio: R$ 143.000,00<br \/>\nObras P\u00fablicas: R$ 72.500,00<br \/>\nDesenvolvimento Econ\u00f4mico e Rela\u00e7\u00f5es Institucionais: R$ 43.000,00<br \/>\nPlanejamento e Controle: R$ 17.800,00<br \/>\nSegundo o Executivo \u201ca suplementa\u00e7\u00e3o torna-se uma necessidade a fim de equacionar eventuais recursos or\u00e7ament\u00e1rios que n\u00e3o foram devidamente ajustados no or\u00e7amento em voga, tanto quanto para adequa\u00e7\u00e3o de contas econ\u00f4micas no rol de orienta\u00e7\u00e3o do Manual T\u00e9cnico do Or\u00e7amento\u201d.<br \/>\nTranspar\u00eancia nas obras:<br \/>\nProjeto prop\u00f5e que a Prefeitura divulgue no site oficial da informa\u00e7\u00f5es de todas obras, custos e etapas<br \/>\nFoi aprovado o Projeto de Lei 76\/2022, de autoria do Vereador Dr. Frederico (PTB) que institui a Pol\u00edtica de Transpar\u00eancia nas Obras P\u00fablicas da Administra\u00e7\u00e3o Direta e Indireta de Muria\u00e9 com os objetivos de estabelecer uma rela\u00e7\u00e3o de cunho cooperativo entre a administra\u00e7\u00e3o p\u00fablica e o cidad\u00e3o; disponibilizar ao cidad\u00e3o informa\u00e7\u00f5es consolidadas a respeito de todas as obras p\u00fablicas que tenha o munic\u00edpio como contratantes; e garantir ao cidad\u00e3o as informa\u00e7\u00f5es necess\u00e1rias para que possa exercer seu direito de fiscaliza\u00e7\u00e3o do gasto p\u00fablico.<br \/>\nPara tanto, o Munic\u00edpio dever\u00e1 disponibilizar informa\u00e7\u00f5es claras e de f\u00e1cil entendimento sobre todas as obras p\u00fablicas na p\u00e1gina eletr\u00f4nica o oficial da PMM informando o nome e Cadastro Nacional de Pessoa F\u00edsica (CNPJ) da empresa respons\u00e1vel pela obra, a finalidade da obra, data de in\u00edcio e previs\u00e3o de t\u00e9rmino, fases de execu\u00e7\u00e3o, valor j\u00e1 despendido, resumo do impacto ambiental da obra, n\u00famero do contrato, valor total do contrato e dos aditivos (quando houver), est\u00e1gio em que a obra se encontra, em n\u00fameros absolutos e em percentuais, al\u00e9m de informar se a obre \u00e9 oriunda de projeto de or\u00e7amento participativo.<br \/>\nO projeto define que na hip\u00f3tese de modifica\u00e7\u00e3o do escopo ou amplia\u00e7\u00e3o da obra, o munic\u00edpio deve apresentar as justificativas pertinentes e os n\u00fameros de todos os Termos Aditivos celebrados, como tamb\u00e9m, o cancelamento da obra deve ser justificada e na interrup\u00e7\u00e3o da obra por mais de 30 dias dever\u00e1 disponibilizar as seguintes informa\u00e7\u00f5es no p\u00e1gina eletr\u00f4nica:<br \/>\n&#8211; o termo de interrup\u00e7\u00e3o da obra;<br \/>\n&#8211; os motivos que determinaram a interrup\u00e7\u00e3o da obra e as medidas que est\u00e3o sendo tomadas para a retomada;<br \/>\n&#8211; o percentual executado do cronograma da obra interrompida;<br \/>\n&#8211; e a data prevista para o rein\u00edcio da obra e para sua conclus\u00e3o.<br \/>\nSegundo o autor do projeto, o objetivo \u00e9 \u201catender ao princ\u00edpio da publicidade e oferecer uma gest\u00e3o p\u00fablica transparente ao cidad\u00e3o\u201d. Para tanto, \u201ca divulga\u00e7\u00e3o do andamento das obras p\u00fablicas na cidade a todos os cidad\u00e3os visa cumprir os princ\u00edpios da administra\u00e7\u00e3o p\u00fablica, especialmente o da publicidade e da efici\u00eancia\u201d.<br \/>\nOrganiza\u00e7\u00e3o no Esporte:<br \/>\nC\u00e2mara aprova cria\u00e7\u00e3o de Calend\u00e1rio Esportivo elaborado em parceria com representantes das modalidades<br \/>\nTamb\u00e9m foi aprovado o Projeto de Lei 69\/2022, de autoria do Vereador Valdinei Lacerda (PSD) que disp\u00f5e sobre a cria\u00e7\u00e3o, institui\u00e7\u00e3o e organiza\u00e7\u00e3o do calend\u00e1rio de eventos esportivos sob a responsabilidade do Departamento de Esportes, da Fundarte. Este deve ser estabelecido e gerenciado em conson\u00e2ncia com os respectivos representantes e\/ou participantes das mais diversas modalidades esportivas. Pelo projeto, o munic\u00edpio passa ser respons\u00e1vel a tomar todas as medidas de adequa\u00e7\u00e3o do tr\u00e2nsito no local do evento e em seu entorno dos eventos catalogados neste calend\u00e1rio, sendo definidas anualmente, sempre no m\u00eas de outubro, as datas de in\u00edcio e t\u00e9rmino dos eventos catalogados para o ano seguinte. O projeto tamb\u00e9m exclui o munic\u00edpio de arcar com as despesas decorrentes de gastos particulares ou que atendam, exclusivamente, aos interesses das organiza\u00e7\u00f5es e agremia\u00e7\u00f5es, pessoas jur\u00eddica de direito privado. Ele prev\u00ea ainda a possibilidade de mudan\u00e7a de data ou cancelamento de determinado evento havendo motivo de for\u00e7a maior para justificar tal a\u00e7\u00e3o.<br \/>\nPara o autor \u201ca falta de organiza\u00e7\u00e3o das pr\u00e1ticas desportivas no \u00e2mbito desse Munic\u00edpio, gera n\u00e3o s\u00f3 uma aus\u00eancia de receitas para fomentar tais pr\u00e1ticas; a democratiza\u00e7\u00e3o dessas pr\u00e1ticas, uma vez que propicia o desequil\u00edbrio entre as pr\u00e1ticas formais e informais; a educa\u00e7\u00e3o, uma vez que o esporte \u00e9 um importante vetor nesta \u00e1rea; bem como a efici\u00eancia\u201d.<\/p>\n<p>Utilidade P\u00fablica:<br \/>\nC\u00e2mara reconhece o significativo trabalho que a ASCULT do Padre Tiago vem realizando nesta regi\u00e3o da cidade<br \/>\nO Projeto de Lei 65\/2022, de autoria do Vereador Delegado Rangel (PSB) e aprovada na sess\u00e3o desta ter\u00e7a-feira, declara de utilidade p\u00fablica a Associa\u00e7\u00e3o de Cultura, Esporte e Lazer do Bairro Padre Tiago (ASCULT), pessoa jur\u00eddico de direito privado, sem fins lucrativos, inscrita no Cadastro Nacional da Pessoa Jur\u00eddica, que desenvolve in\u00fameras atividades de promo\u00e7\u00e3o da cultura, esporte e lazer na comunidade em que est\u00e1 inserida, sendo que os membros da diretoria e conselho n\u00e3o s\u00e3o remunerados, n\u00e3o dispondo de nenhum tipo de vantagem ou benef\u00edcio pecuni\u00e1rio.<br \/>\nSegundo o vereador, \u201cdentre as valorosas realiza\u00e7\u00f5es da associa\u00e7\u00e3o, pode-se relacionar: Escolinha de Futebol Padre Tiago, Projeto Capoeira, Festa Junina com a Quadrilha Santa Filomena, Grupo de Folia de Reis, Escola de Dan\u00e7a, Grupo de Fanfarra, dentre outras\u201d. O autor ainda destaca que \u201co importante trabalho social da ASCULT que, atrav\u00e9s de campanhas e parcerias com outras entidades, promove a doa\u00e7\u00e3o de fraldas, cadeiras de roda, muletas, roupas e enxovais \u00e0s fam\u00edlias necessitadas do bairro Padre Tiago e regi\u00e3o\u201d.<\/p>\n<p>Mudan\u00e7a Estrutural:<br \/>\nNo primeiro ano de uma legislatura, o presidente ser\u00e1 escolhido por vota\u00e7\u00e3o entre vereadores eleitos<\/p>\n<p>A Proposta de Emenda \u00e0 Lei Org\u00e2nica N\u00ba 02\/2022, de autoria de todos os Vereadores foi aprovado em segunda e \u00faltima vota\u00e7\u00e3o. A proposta alterou o artigo 59 da Lei Org\u00e2nica do Munic\u00edpio de Muria\u00e9 estabelecendo que no primeiro ano de cada legislatura, cuja dura\u00e7\u00e3o coincide com o mandato dos Vereadores, a C\u00e2mara ir\u00e1 reunir no 1\u00ba dia de janeiro para dar posse aos Vereadores, ao Prefeito e ao Vice-Prefeito, bem como para a elei\u00e7\u00e3o e posse da Mesa Diretora da C\u00e2mara para a 1\u00ba (primeira) sess\u00e3o legislativa, permitidas as recondu\u00e7\u00f5es ao mesmo cargo em uma mesma legislatura. Tamb\u00e9m determinou que n\u00e3o verificando a posse do vereador, este dever\u00e1 faz\u00ea-lo perante o Presidente da C\u00e2mara, no prazo m\u00e1ximo de 10 (dez) dias, sob pena de ser declarado extinto seu mandato, salvo motivo de for\u00e7a maior reconhecido pela C\u00e2mara.<\/p>\n<p>Democracia e Participa\u00e7\u00e3o:<br \/>\nC\u00e2mara tem mais uma sess\u00e3o realizada com grande participa\u00e7\u00e3o popular reunindo representantes de v\u00e1rias \u00e1reas<\/p>\n<p>Logo no in\u00edcio da sess\u00e3o, moradores dos bairros Planalto, Dornellas 2 e professores municipais entraram no plen\u00e1rio da C\u00e2mara em manifesta\u00e7\u00e3o contra a Prefeitura. Os moradores dos bairros reivindicavam transporte p\u00fablico, pois os dois bairros, que ficam em regi\u00f5es altas e n\u00e3o centrais de Muria\u00e9, est\u00e3o sem \u00f4nibus em nenhum hor\u00e1rio. A Prefeitura informou em nota que aguardava aprova\u00e7\u00e3o de Projeto na C\u00e2mara para resolver o problema, no entanto, o Projeto informado pelo Executivo n\u00e3o tratava especificamente de recursos para o transporte p\u00fablico. J\u00e1 os professores lutam pelo reajuste de 33,24% proposto pelo Fundeb para 2022. A Prefeitura enviou para C\u00e2mara projeto que prop\u00f5e o reajuste de 4%.<br \/>\nA sess\u00e3o tamb\u00e9m contou, como ocorre tradicionalmente todos os anos, com a abertura da IX Semana Municipal de Preven\u00e7\u00e3o a Acidentes de Trabalho (SEMPAT) que vai at\u00e9 o dia 30 de abril com a realiza\u00e7\u00e3o de palestras e exposi\u00e7\u00e3o dos trabalhos e de equipamentos de prote\u00e7\u00e3o. As palestras sobre os temas \u201cSa\u00fade mental e o ambiente de trabalho. Princ\u00edpios, causas, efeitos e preven\u00e7\u00e3o\u201d, proferida pelo vereador e delegado Dr. Rangel Martino; e \u201cOs efeitos do COVID-19 nos ambientes de trabalho\u201d, proferida pelo Secret\u00e1rio Municipal de Sa\u00fade e m\u00e9dico pediatra Dr. Marcos Guarino, ocorrem no dia 28, a partir das 19h no Teatro Zaccaria Marques. J\u00e1 a exposi\u00e7\u00e3o acontece a partir das 8h do dia 30 na Pra\u00e7a Jo\u00e3o Pinheiro.<br \/>\nO presidente Ciso (PL), mantendo a pol\u00edtica de transpar\u00eancia e democracia, abriu a tribuna para manifesta\u00e7\u00e3o dos representes dos moradores, tendo falado Viviane, presidente da Associa\u00e7\u00e3o do Planalto, e Vilma, presidente da Associa\u00e7\u00e3o do Dornellas 2; e os professores foram representados pela presidente do Sindicato do Servidores P\u00fablicos de Muria\u00e9 e Regi\u00e3o, Vanderl\u00e9a Rodrigues e da SEMPAT, divulgada pelo diretor regional Wilson de Freitas Soares, seguran\u00e7a do trabalho do Demsur e idealizador deste evento.<\/p>\n<p>&nbsp;<\/p>\n<p><a href=\"http:\/\/folhadosudeste.com\/site\/wp-content\/uploads\/2022\/04\/E7312663-DE74-4E6D-83E7-E1C4F64AB051.jpeg\"><img loading=\"lazy\" decoding=\"async\" class=\"alignnone size-full wp-image-81389\" src=\"http:\/\/folhadosudeste.com\/site\/wp-content\/uploads\/2022\/04\/E7312663-DE74-4E6D-83E7-E1C4F64AB051.jpeg\" alt=\"\" width=\"2048\" height=\"1152\" srcset=\"https:\/\/folhadosudeste.com\/site\/wp-content\/uploads\/2022\/04\/E7312663-DE74-4E6D-83E7-E1C4F64AB051.jpeg 2048w, https:\/\/folhadosudeste.com\/site\/wp-content\/uploads\/2022\/04\/E7312663-DE74-4E6D-83E7-E1C4F64AB051-300x169.jpeg 300w, https:\/\/folhadosudeste.com\/site\/wp-content\/uploads\/2022\/04\/E7312663-DE74-4E6D-83E7-E1C4F64AB051-768x432.jpeg 768w, https:\/\/folhadosudeste.com\/site\/wp-content\/uploads\/2022\/04\/E7312663-DE74-4E6D-83E7-E1C4F64AB051-1024x576.jpeg 1024w\" sizes=\"auto, (max-width: 2048px) 100vw, 2048px\" \/><\/a> <a href=\"http:\/\/folhadosudeste.com\/site\/wp-content\/uploads\/2022\/04\/C58CF217-0EA9-49A5-BB4E-A917F1DF8376.jpeg\"><img loading=\"lazy\" decoding=\"async\" class=\"alignnone size-full wp-image-81390\" src=\"http:\/\/folhadosudeste.com\/site\/wp-content\/uploads\/2022\/04\/C58CF217-0EA9-49A5-BB4E-A917F1DF8376.jpeg\" alt=\"\" width=\"2048\" height=\"1152\" srcset=\"https:\/\/folhadosudeste.com\/site\/wp-content\/uploads\/2022\/04\/C58CF217-0EA9-49A5-BB4E-A917F1DF8376.jpeg 2048w, https:\/\/folhadosudeste.com\/site\/wp-content\/uploads\/2022\/04\/C58CF217-0EA9-49A5-BB4E-A917F1DF8376-300x169.jpeg 300w, https:\/\/folhadosudeste.com\/site\/wp-content\/uploads\/2022\/04\/C58CF217-0EA9-49A5-BB4E-A917F1DF8376-768x432.jpeg 768w, https:\/\/folhadosudeste.com\/site\/wp-content\/uploads\/2022\/04\/C58CF217-0EA9-49A5-BB4E-A917F1DF8376-1024x576.jpeg 1024w\" sizes=\"auto, (max-width: 2048px) 100vw, 2048px\" \/><\/a> <a href=\"http:\/\/folhadosudeste.com\/site\/wp-content\/uploads\/2022\/04\/61507D80-F74D-4173-8D5B-2CFBFCF0B65D.jpeg\"><img loading=\"lazy\" decoding=\"async\" class=\"alignnone size-full wp-image-81391\" src=\"http:\/\/folhadosudeste.com\/site\/wp-content\/uploads\/2022\/04\/61507D80-F74D-4173-8D5B-2CFBFCF0B65D.jpeg\" alt=\"\" width=\"2048\" height=\"1152\" srcset=\"https:\/\/folhadosudeste.com\/site\/wp-content\/uploads\/2022\/04\/61507D80-F74D-4173-8D5B-2CFBFCF0B65D.jpeg 2048w, https:\/\/folhadosudeste.com\/site\/wp-content\/uploads\/2022\/04\/61507D80-F74D-4173-8D5B-2CFBFCF0B65D-300x169.jpeg 300w, https:\/\/folhadosudeste.com\/site\/wp-content\/uploads\/2022\/04\/61507D80-F74D-4173-8D5B-2CFBFCF0B65D-768x432.jpeg 768w, https:\/\/folhadosudeste.com\/site\/wp-content\/uploads\/2022\/04\/61507D80-F74D-4173-8D5B-2CFBFCF0B65D-1024x576.jpeg 1024w\" sizes=\"auto, (max-width: 2048px) 100vw, 2048px\" \/><\/a> <a href=\"http:\/\/folhadosudeste.com\/site\/wp-content\/uploads\/2022\/04\/F86B4E6C-7DB7-4E0C-BC71-EA30B43DE4DF.jpeg\"><img loading=\"lazy\" decoding=\"async\" class=\"alignnone size-full wp-image-81392\" src=\"http:\/\/folhadosudeste.com\/site\/wp-content\/uploads\/2022\/04\/F86B4E6C-7DB7-4E0C-BC71-EA30B43DE4DF.jpeg\" alt=\"\" width=\"2048\" height=\"1152\" srcset=\"https:\/\/folhadosudeste.com\/site\/wp-content\/uploads\/2022\/04\/F86B4E6C-7DB7-4E0C-BC71-EA30B43DE4DF.jpeg 2048w, https:\/\/folhadosudeste.com\/site\/wp-content\/uploads\/2022\/04\/F86B4E6C-7DB7-4E0C-BC71-EA30B43DE4DF-300x169.jpeg 300w, https:\/\/folhadosudeste.com\/site\/wp-content\/uploads\/2022\/04\/F86B4E6C-7DB7-4E0C-BC71-EA30B43DE4DF-768x432.jpeg 768w, https:\/\/folhadosudeste.com\/site\/wp-content\/uploads\/2022\/04\/F86B4E6C-7DB7-4E0C-BC71-EA30B43DE4DF-1024x576.jpeg 1024w\" sizes=\"auto, (max-width: 2048px) 100vw, 2048px\" \/><\/a> <a href=\"http:\/\/folhadosudeste.com\/site\/wp-content\/uploads\/2022\/04\/31AD5CA4-C98C-4AF3-AD0F-9171781E4E30.jpeg\"><img loading=\"lazy\" decoding=\"async\" class=\"alignnone size-full wp-image-81393\" src=\"http:\/\/folhadosudeste.com\/site\/wp-content\/uploads\/2022\/04\/31AD5CA4-C98C-4AF3-AD0F-9171781E4E30.jpeg\" alt=\"\" width=\"2048\" height=\"1152\" srcset=\"https:\/\/folhadosudeste.com\/site\/wp-content\/uploads\/2022\/04\/31AD5CA4-C98C-4AF3-AD0F-9171781E4E30.jpeg 2048w, https:\/\/folhadosudeste.com\/site\/wp-content\/uploads\/2022\/04\/31AD5CA4-C98C-4AF3-AD0F-9171781E4E30-300x169.jpeg 300w, https:\/\/folhadosudeste.com\/site\/wp-content\/uploads\/2022\/04\/31AD5CA4-C98C-4AF3-AD0F-9171781E4E30-768x432.jpeg 768w, https:\/\/folhadosudeste.com\/site\/wp-content\/uploads\/2022\/04\/31AD5CA4-C98C-4AF3-AD0F-9171781E4E30-1024x576.jpeg 1024w\" sizes=\"auto, (max-width: 2048px) 100vw, 2048px\" \/><\/a> <a href=\"http:\/\/folhadosudeste.com\/site\/wp-content\/uploads\/2022\/04\/712AD795-08A4-451D-8099-C1FDEA50DF44.jpeg\"><img loading=\"lazy\" decoding=\"async\" class=\"alignnone size-full wp-image-81394\" src=\"http:\/\/folhadosudeste.com\/site\/wp-content\/uploads\/2022\/04\/712AD795-08A4-451D-8099-C1FDEA50DF44.jpeg\" alt=\"\" width=\"2048\" height=\"1152\" srcset=\"https:\/\/folhadosudeste.com\/site\/wp-content\/uploads\/2022\/04\/712AD795-08A4-451D-8099-C1FDEA50DF44.jpeg 2048w, https:\/\/folhadosudeste.com\/site\/wp-content\/uploads\/2022\/04\/712AD795-08A4-451D-8099-C1FDEA50DF44-300x169.jpeg 300w, https:\/\/folhadosudeste.com\/site\/wp-content\/uploads\/2022\/04\/712AD795-08A4-451D-8099-C1FDEA50DF44-768x432.jpeg 768w, https:\/\/folhadosudeste.com\/site\/wp-content\/uploads\/2022\/04\/712AD795-08A4-451D-8099-C1FDEA50DF44-1024x576.jpeg 1024w\" sizes=\"auto, (max-width: 2048px) 100vw, 2048px\" \/><\/a> <a href=\"http:\/\/folhadosudeste.com\/site\/wp-content\/uploads\/2022\/04\/098F67E7-4C83-441E-8A35-4EB4125DADBB.jpeg\"><img loading=\"lazy\" decoding=\"async\" class=\"alignnone size-full wp-image-81395\" src=\"http:\/\/folhadosudeste.com\/site\/wp-content\/uploads\/2022\/04\/098F67E7-4C83-441E-8A35-4EB4125DADBB.jpeg\" alt=\"\" width=\"2048\" height=\"1152\" srcset=\"https:\/\/folhadosudeste.com\/site\/wp-content\/uploads\/2022\/04\/098F67E7-4C83-441E-8A35-4EB4125DADBB.jpeg 2048w, https:\/\/folhadosudeste.com\/site\/wp-content\/uploads\/2022\/04\/098F67E7-4C83-441E-8A35-4EB4125DADBB-300x169.jpeg 300w, https:\/\/folhadosudeste.com\/site\/wp-content\/uploads\/2022\/04\/098F67E7-4C83-441E-8A35-4EB4125DADBB-768x432.jpeg 768w, https:\/\/folhadosudeste.com\/site\/wp-content\/uploads\/2022\/04\/098F67E7-4C83-441E-8A35-4EB4125DADBB-1024x576.jpeg 1024w\" sizes=\"auto, (max-width: 2048px) 100vw, 2048px\" \/><\/a> <a href=\"http:\/\/folhadosudeste.com\/site\/wp-content\/uploads\/2022\/04\/C79874C4-7408-449E-ABD4-92A7304E9F8C.jpeg\"><img loading=\"lazy\" decoding=\"async\" class=\"alignnone size-full wp-image-81396\" src=\"http:\/\/folhadosudeste.com\/site\/wp-content\/uploads\/2022\/04\/C79874C4-7408-449E-ABD4-92A7304E9F8C.jpeg\" alt=\"\" width=\"2048\" height=\"1152\" srcset=\"https:\/\/folhadosudeste.com\/site\/wp-content\/uploads\/2022\/04\/C79874C4-7408-449E-ABD4-92A7304E9F8C.jpeg 2048w, https:\/\/folhadosudeste.com\/site\/wp-content\/uploads\/2022\/04\/C79874C4-7408-449E-ABD4-92A7304E9F8C-300x169.jpeg 300w, https:\/\/folhadosudeste.com\/site\/wp-content\/uploads\/2022\/04\/C79874C4-7408-449E-ABD4-92A7304E9F8C-768x432.jpeg 768w, https:\/\/folhadosudeste.com\/site\/wp-content\/uploads\/2022\/04\/C79874C4-7408-449E-ABD4-92A7304E9F8C-1024x576.jpeg 1024w\" sizes=\"auto, (max-width: 2048px) 100vw, 2048px\" \/><\/a> <a href=\"http:\/\/folhadosudeste.com\/site\/wp-content\/uploads\/2022\/04\/E4DD8280-BB3E-47C9-9AF2-07645988A147.jpeg\"><img loading=\"lazy\" decoding=\"async\" class=\"alignnone size-full wp-image-81397\" src=\"http:\/\/folhadosudeste.com\/site\/wp-content\/uploads\/2022\/04\/E4DD8280-BB3E-47C9-9AF2-07645988A147.jpeg\" alt=\"\" width=\"2048\" height=\"1152\" srcset=\"https:\/\/folhadosudeste.com\/site\/wp-content\/uploads\/2022\/04\/E4DD8280-BB3E-47C9-9AF2-07645988A147.jpeg 2048w, https:\/\/folhadosudeste.com\/site\/wp-content\/uploads\/2022\/04\/E4DD8280-BB3E-47C9-9AF2-07645988A147-300x169.jpeg 300w, https:\/\/folhadosudeste.com\/site\/wp-content\/uploads\/2022\/04\/E4DD8280-BB3E-47C9-9AF2-07645988A147-768x432.jpeg 768w, https:\/\/folhadosudeste.com\/site\/wp-content\/uploads\/2022\/04\/E4DD8280-BB3E-47C9-9AF2-07645988A147-1024x576.jpeg 1024w\" sizes=\"auto, (max-width: 2048px) 100vw, 2048px\" \/><\/a><\/p>\n","protected":false},"excerpt":{"rendered":"<p>A Sess\u00e3o da C\u00e2mara de Muria\u00e9, de 26 de abril, analisou e votou 12 projetos, tendo grande participa\u00e7\u00e3o popular com a manifesta\u00e7\u00e3o dos moradores dos bairros Planalto e Dornellas 2 por falta de \u00f4nibus, dos professores pelo reajuste proposto pelo Fundeb e ainda teve a abertura da IX Semana Municipal de Preven\u00e7\u00e3o a Acidentes de [&hellip;]<\/p>\n","protected":false},"author":6,"featured_media":0,"comment_status":"open","ping_status":"closed","sticky":false,"template":"","format":"standard","meta":{"_joinchat":[],"footnotes":""},"categories":[1],"tags":[],"class_list":["post-81387","post","type-post","status-publish","format-standard","hentry","category-sem-categoria"],"_links":{"self":[{"href":"https:\/\/folhadosudeste.com\/site\/index.php?rest_route=\/wp\/v2\/posts\/81387","targetHints":{"allow":["GET"]}}],"collection":[{"href":"https:\/\/folhadosudeste.com\/site\/index.php?rest_route=\/wp\/v2\/posts"}],"about":[{"href":"https:\/\/folhadosudeste.com\/site\/index.php?rest_route=\/wp\/v2\/types\/post"}],"author":[{"embeddable":true,"href":"https:\/\/folhadosudeste.com\/site\/index.php?rest_route=\/wp\/v2\/users\/6"}],"replies":[{"embeddable":true,"href":"https:\/\/folhadosudeste.com\/site\/index.php?rest_route=%2Fwp%2Fv2%2Fcomments&post=81387"}],"version-history":[{"count":1,"href":"https:\/\/folhadosudeste.com\/site\/index.php?rest_route=\/wp\/v2\/posts\/81387\/revisions"}],"predecessor-version":[{"id":81398,"href":"https:\/\/folhadosudeste.com\/site\/index.php?rest_route=\/wp\/v2\/posts\/81387\/revisions\/81398"}],"wp:attachment":[{"href":"https:\/\/folhadosudeste.com\/site\/index.php?rest_route=%2Fwp%2Fv2%2Fmedia&parent=81387"}],"wp:term":[{"taxonomy":"category","embeddable":true,"href":"https:\/\/folhadosudeste.com\/site\/index.php?rest_route=%2Fwp%2Fv2%2Fcategories&post=81387"},{"taxonomy":"post_tag","embeddable":true,"href":"https:\/\/folhadosudeste.com\/site\/index.php?rest_route=%2Fwp%2Fv2%2Ftags&post=81387"}],"curies":[{"name":"wp","href":"https:\/\/api.w.org\/{rel}","templated":true}]}}