{"id":81502,"date":"2022-05-03T16:51:12","date_gmt":"2022-05-03T16:51:12","guid":{"rendered":"http:\/\/folhadosudeste.com\/site\/?p=81502"},"modified":"2022-05-03T16:52:34","modified_gmt":"2022-05-03T16:52:34","slug":"81502","status":"publish","type":"post","link":"https:\/\/folhadosudeste.com\/site\/?p=81502","title":{"rendered":"Sess\u00e3o Legislativa"},"content":{"rendered":"<p><a href=\"http:\/\/folhadosudeste.com\/site\/wp-content\/uploads\/2022\/05\/F909D34A-5CAA-4390-A0E7-9D57E98DE260.jpeg\"><img loading=\"lazy\" decoding=\"async\" class=\"alignnone size-full wp-image-81503\" src=\"http:\/\/folhadosudeste.com\/site\/wp-content\/uploads\/2022\/05\/F909D34A-5CAA-4390-A0E7-9D57E98DE260.jpeg\" alt=\"\" width=\"940\" height=\"788\" srcset=\"https:\/\/folhadosudeste.com\/site\/wp-content\/uploads\/2022\/05\/F909D34A-5CAA-4390-A0E7-9D57E98DE260.jpeg 940w, https:\/\/folhadosudeste.com\/site\/wp-content\/uploads\/2022\/05\/F909D34A-5CAA-4390-A0E7-9D57E98DE260-300x251.jpeg 300w, https:\/\/folhadosudeste.com\/site\/wp-content\/uploads\/2022\/05\/F909D34A-5CAA-4390-A0E7-9D57E98DE260-768x644.jpeg 768w\" sizes=\"auto, (max-width: 940px) 100vw, 940px\" \/><\/a><\/p>\n<p style=\"text-align: justify;\">Por delibera\u00e7\u00e3o do presidente do Poder Legislativo Municipal de Muria\u00e9\/MG, Vereador Ciso (PL), ser\u00e1 colocado em pauta na sess\u00e3o ordin\u00e1ria desta ter\u00e7a-feira, dia 03 de maio de 2022, o seguinte projetos de lei:<\/p>\n<p style=\"text-align: justify;\">&#8211; Projeto de lei N\u00ba 43\/2022<br \/>\nAutor: Executivo Municipal<br \/>\nDisp\u00f5e sobre a reestrutura\u00e7\u00e3o de carreira de profissionais da educa\u00e7\u00e3o b\u00e1sica do Munic\u00edpio de Muria\u00e9, alterando os dispositivos da Lei Complementar N\u00ba 4.723\/14. O projeto trata de reajuste aos servidores da educa\u00e7\u00e3o no Munic\u00edpio que est\u00e1 sendo proposto pelo Executivo na ordem de 4%.<br \/>\nSegundo o munic\u00edpio, s\u00f3 os cargos iniciais (NPR 01) est\u00e3o com vencimentos abaixo do piso nacional em 4%. Para equiparar essa categoria, o Executivo est\u00e1 propondo o reajuste a todos os profissionais da Educa\u00e7\u00e3o da rede municipal neste quantitativo.<br \/>\nObs.: Pauta sujeita a altera\u00e7\u00e3o!<\/p>\n<p style=\"text-align: justify;\">Os PL\u2019s podem ser conferidos na \u00edntegra acessando o site da C\u00e2mara: http:\/\/camaramuriae.mg.gov.br\/ , link \u201cSAPL\u201d, aba \u201cMat\u00e9rias Legislativas\u201d, op\u00e7\u00e3o \u201cProjeto de Lei\u201d, clicar em \u201cPesquisar\u201d.<br \/>\nA sess\u00e3o \u00e9 sempre transmitida ao vivo pelo canal oficial do Poder Legislativo Municipal a partir das 18h30min pelo link: https:\/\/www.youtube.com\/c\/C\u00c2MARAMUNICIPALDEMURIA\u00c9 e pelo site http:\/\/camaramuriae.mg.gov.br\/portal\/ &#8211; Em breve tamb\u00e9m ao vivo no FACEBOOK!<\/p>\n","protected":false},"excerpt":{"rendered":"<p>Por delibera\u00e7\u00e3o do presidente do Poder Legislativo Municipal de Muria\u00e9\/MG, Vereador Ciso (PL), ser\u00e1 colocado em pauta na sess\u00e3o ordin\u00e1ria desta ter\u00e7a-feira, dia 03 de maio de 2022, o seguinte projetos de lei: &#8211; Projeto de lei N\u00ba 43\/2022 Autor: Executivo Municipal Disp\u00f5e sobre a reestrutura\u00e7\u00e3o de carreira de profissionais da educa\u00e7\u00e3o b\u00e1sica do Munic\u00edpio [&hellip;]<\/p>\n","protected":false},"author":6,"featured_media":0,"comment_status":"open","ping_status":"closed","sticky":false,"template":"","format":"standard","meta":{"_joinchat":[],"footnotes":""},"categories":[1],"tags":[],"class_list":["post-81502","post","type-post","status-publish","format-standard","hentry","category-sem-categoria"],"_links":{"self":[{"href":"https:\/\/folhadosudeste.com\/site\/index.php?rest_route=\/wp\/v2\/posts\/81502","targetHints":{"allow":["GET"]}}],"collection":[{"href":"https:\/\/folhadosudeste.com\/site\/index.php?rest_route=\/wp\/v2\/posts"}],"about":[{"href":"https:\/\/folhadosudeste.com\/site\/index.php?rest_route=\/wp\/v2\/types\/post"}],"author":[{"embeddable":true,"href":"https:\/\/folhadosudeste.com\/site\/index.php?rest_route=\/wp\/v2\/users\/6"}],"replies":[{"embeddable":true,"href":"https:\/\/folhadosudeste.com\/site\/index.php?rest_route=%2Fwp%2Fv2%2Fcomments&post=81502"}],"version-history":[{"count":3,"href":"https:\/\/folhadosudeste.com\/site\/index.php?rest_route=\/wp\/v2\/posts\/81502\/revisions"}],"predecessor-version":[{"id":81506,"href":"https:\/\/folhadosudeste.com\/site\/index.php?rest_route=\/wp\/v2\/posts\/81502\/revisions\/81506"}],"wp:attachment":[{"href":"https:\/\/folhadosudeste.com\/site\/index.php?rest_route=%2Fwp%2Fv2%2Fmedia&parent=81502"}],"wp:term":[{"taxonomy":"category","embeddable":true,"href":"https:\/\/folhadosudeste.com\/site\/index.php?rest_route=%2Fwp%2Fv2%2Fcategories&post=81502"},{"taxonomy":"post_tag","embeddable":true,"href":"https:\/\/folhadosudeste.com\/site\/index.php?rest_route=%2Fwp%2Fv2%2Ftags&post=81502"}],"curies":[{"name":"wp","href":"https:\/\/api.w.org\/{rel}","templated":true}]}}