{"id":81528,"date":"2022-05-03T18:24:22","date_gmt":"2022-05-03T18:24:22","guid":{"rendered":"http:\/\/folhadosudeste.com\/site\/?p=81528"},"modified":"2022-05-03T18:24:22","modified_gmt":"2022-05-03T18:24:22","slug":"muriae-realiza-semana-de-seguranca-no-trabalho","status":"publish","type":"post","link":"https:\/\/folhadosudeste.com\/site\/?p=81528","title":{"rendered":"Muria\u00e9 realiza Semana de Seguran\u00e7a no Trabalho"},"content":{"rendered":"<p style=\"text-align: justify;\"><a href=\"http:\/\/folhadosudeste.com\/site\/wp-content\/uploads\/2022\/05\/Equipe-de-ST-20.jpg\"><img loading=\"lazy\" decoding=\"async\" class=\"alignnone size-full wp-image-81529\" src=\"http:\/\/folhadosudeste.com\/site\/wp-content\/uploads\/2022\/05\/Equipe-de-ST-20.jpg\" alt=\"\" width=\"2048\" height=\"1535\" srcset=\"https:\/\/folhadosudeste.com\/site\/wp-content\/uploads\/2022\/05\/Equipe-de-ST-20.jpg 2048w, https:\/\/folhadosudeste.com\/site\/wp-content\/uploads\/2022\/05\/Equipe-de-ST-20-300x225.jpg 300w, https:\/\/folhadosudeste.com\/site\/wp-content\/uploads\/2022\/05\/Equipe-de-ST-20-768x576.jpg 768w, https:\/\/folhadosudeste.com\/site\/wp-content\/uploads\/2022\/05\/Equipe-de-ST-20-1024x768.jpg 1024w\" sizes=\"auto, (max-width: 2048px) 100vw, 2048px\" \/><\/a><\/p>\n<p style=\"text-align: justify;\">A Semana Municipal de Seguran\u00e7a no Trabalho \u2013 SEMPAT foi organizada pela Prefeitura de Muria\u00e9 e Demsur neste ano de 2022, na pra\u00e7a Jo\u00e3o Pinheiro, ap\u00f3s alguns anos sem acontecer por causa da pandemia.<\/p>\n<p style=\"text-align: justify;\" align=\"justify\">A abertura foi realizada na C\u00e2mara Municipal na ter\u00e7a-feira (26), seguida de palestras no Teatro Zaccaria Marques na quinta-feira (28), dia em que a data \u00e9 comemorada nacionalmente.&nbsp;<\/p>\n<p style=\"text-align: justify;\" align=\"justify\">Entre os assuntos foram debatidos a \u2018Sa\u00fade Mental e o Ambiente de Trabalho\u2019, por Rangel Martino \u2013 delegado de Pol\u00edcia e vereador e tamb\u00e9m \u2018Os efeitos da Covid no Ambiente de Trabalho\u2019,&nbsp;prelegida&nbsp;pelo vice-prefeito e secret\u00e1rio de Sa\u00fade, Dr. Marcos Guarino.<\/p>\n<p style=\"text-align: justify;\" align=\"justify\">No s\u00e1bado (30) aconteceu a Feira de Servi\u00e7os com aferi\u00e7\u00e3o de press\u00e3o arterial, teste de glicemia, teste r\u00e1pido de DST, controle de endemias. Participaram com estandes o Hospital S\u00e3o Paulo, Energisa, Muria\u00e9 Extintores, Unidade de Pronto Atendimento, Construtora Pompei, Escolas Municipais, Corpo de Bombeiros,&nbsp;CBA,&nbsp;Faminas, Demsur e demais empresas que envolvem a Seguran\u00e7a do Trabalho.<\/p>\n<p style=\"text-align: justify;\" align=\"justify\">O evento tem o objetivo de enaltecer a necessidade de prote\u00e7\u00e3o para os funcion\u00e1rios p\u00fablicos que trabalham em situa\u00e7\u00e3o de risco ou periculosidade.<\/p>\n<p align=\"justify\"><!--more--><\/p>\n<p align=\"justify\"><a href=\"http:\/\/folhadosudeste.com\/site\/wp-content\/uploads\/2022\/05\/DSC_0114-1.jpg\"><img loading=\"lazy\" decoding=\"async\" class=\"alignnone size-full wp-image-81530\" src=\"http:\/\/folhadosudeste.com\/site\/wp-content\/uploads\/2022\/05\/DSC_0114-1.jpg\" alt=\"\" width=\"2048\" height=\"1536\" srcset=\"https:\/\/folhadosudeste.com\/site\/wp-content\/uploads\/2022\/05\/DSC_0114-1.jpg 2048w, https:\/\/folhadosudeste.com\/site\/wp-content\/uploads\/2022\/05\/DSC_0114-1-300x225.jpg 300w, https:\/\/folhadosudeste.com\/site\/wp-content\/uploads\/2022\/05\/DSC_0114-1-768x576.jpg 768w, https:\/\/folhadosudeste.com\/site\/wp-content\/uploads\/2022\/05\/DSC_0114-1-1024x768.jpg 1024w\" sizes=\"auto, (max-width: 2048px) 100vw, 2048px\" \/><\/a> <a href=\"http:\/\/folhadosudeste.com\/site\/wp-content\/uploads\/2022\/05\/DSC_0062-1.jpg\"><img loading=\"lazy\" decoding=\"async\" class=\"alignnone size-full wp-image-81531\" src=\"http:\/\/folhadosudeste.com\/site\/wp-content\/uploads\/2022\/05\/DSC_0062-1.jpg\" alt=\"\" width=\"2048\" height=\"1362\" srcset=\"https:\/\/folhadosudeste.com\/site\/wp-content\/uploads\/2022\/05\/DSC_0062-1.jpg 2048w, https:\/\/folhadosudeste.com\/site\/wp-content\/uploads\/2022\/05\/DSC_0062-1-300x199.jpg 300w, https:\/\/folhadosudeste.com\/site\/wp-content\/uploads\/2022\/05\/DSC_0062-1-768x511.jpg 768w, https:\/\/folhadosudeste.com\/site\/wp-content\/uploads\/2022\/05\/DSC_0062-1-1024x681.jpg 1024w, https:\/\/folhadosudeste.com\/site\/wp-content\/uploads\/2022\/05\/DSC_0062-1-120x80.jpg 120w, https:\/\/folhadosudeste.com\/site\/wp-content\/uploads\/2022\/05\/DSC_0062-1-345x230.jpg 345w\" sizes=\"auto, (max-width: 2048px) 100vw, 2048px\" \/><\/a> <a href=\"http:\/\/folhadosudeste.com\/site\/wp-content\/uploads\/2022\/05\/Marcos-Guarino.covid-1.jpg\"><img loading=\"lazy\" decoding=\"async\" class=\"alignnone size-full wp-image-81532\" src=\"http:\/\/folhadosudeste.com\/site\/wp-content\/uploads\/2022\/05\/Marcos-Guarino.covid-1.jpg\" alt=\"\" width=\"2048\" height=\"1365\" srcset=\"https:\/\/folhadosudeste.com\/site\/wp-content\/uploads\/2022\/05\/Marcos-Guarino.covid-1.jpg 2048w, https:\/\/folhadosudeste.com\/site\/wp-content\/uploads\/2022\/05\/Marcos-Guarino.covid-1-300x200.jpg 300w, https:\/\/folhadosudeste.com\/site\/wp-content\/uploads\/2022\/05\/Marcos-Guarino.covid-1-768x512.jpg 768w, https:\/\/folhadosudeste.com\/site\/wp-content\/uploads\/2022\/05\/Marcos-Guarino.covid-1-1024x683.jpg 1024w, https:\/\/folhadosudeste.com\/site\/wp-content\/uploads\/2022\/05\/Marcos-Guarino.covid-1-120x80.jpg 120w, https:\/\/folhadosudeste.com\/site\/wp-content\/uploads\/2022\/05\/Marcos-Guarino.covid-1-345x230.jpg 345w\" sizes=\"auto, (max-width: 2048px) 100vw, 2048px\" \/><\/a><\/p>\n","protected":false},"excerpt":{"rendered":"<p>A Semana Municipal de Seguran\u00e7a no Trabalho \u2013 SEMPAT foi organizada pela Prefeitura de Muria\u00e9 e Demsur neste ano de 2022, na pra\u00e7a Jo\u00e3o Pinheiro, ap\u00f3s alguns anos sem acontecer por causa da pandemia. A abertura foi realizada na C\u00e2mara Municipal na ter\u00e7a-feira (26), seguida de palestras no Teatro Zaccaria Marques na quinta-feira (28), dia [&hellip;]<\/p>\n","protected":false},"author":6,"featured_media":0,"comment_status":"open","ping_status":"closed","sticky":false,"template":"","format":"standard","meta":{"_joinchat":[],"footnotes":""},"categories":[1],"tags":[],"class_list":["post-81528","post","type-post","status-publish","format-standard","hentry","category-sem-categoria"],"_links":{"self":[{"href":"https:\/\/folhadosudeste.com\/site\/index.php?rest_route=\/wp\/v2\/posts\/81528","targetHints":{"allow":["GET"]}}],"collection":[{"href":"https:\/\/folhadosudeste.com\/site\/index.php?rest_route=\/wp\/v2\/posts"}],"about":[{"href":"https:\/\/folhadosudeste.com\/site\/index.php?rest_route=\/wp\/v2\/types\/post"}],"author":[{"embeddable":true,"href":"https:\/\/folhadosudeste.com\/site\/index.php?rest_route=\/wp\/v2\/users\/6"}],"replies":[{"embeddable":true,"href":"https:\/\/folhadosudeste.com\/site\/index.php?rest_route=%2Fwp%2Fv2%2Fcomments&post=81528"}],"version-history":[{"count":1,"href":"https:\/\/folhadosudeste.com\/site\/index.php?rest_route=\/wp\/v2\/posts\/81528\/revisions"}],"predecessor-version":[{"id":81533,"href":"https:\/\/folhadosudeste.com\/site\/index.php?rest_route=\/wp\/v2\/posts\/81528\/revisions\/81533"}],"wp:attachment":[{"href":"https:\/\/folhadosudeste.com\/site\/index.php?rest_route=%2Fwp%2Fv2%2Fmedia&parent=81528"}],"wp:term":[{"taxonomy":"category","embeddable":true,"href":"https:\/\/folhadosudeste.com\/site\/index.php?rest_route=%2Fwp%2Fv2%2Fcategories&post=81528"},{"taxonomy":"post_tag","embeddable":true,"href":"https:\/\/folhadosudeste.com\/site\/index.php?rest_route=%2Fwp%2Fv2%2Ftags&post=81528"}],"curies":[{"name":"wp","href":"https:\/\/api.w.org\/{rel}","templated":true}]}}