{"id":81534,"date":"2022-05-03T18:27:59","date_gmt":"2022-05-03T18:27:59","guid":{"rendered":"http:\/\/folhadosudeste.com\/site\/?p=81534"},"modified":"2022-05-03T18:27:59","modified_gmt":"2022-05-03T18:27:59","slug":"quinta-tem-feira-evaldo-calcagno-na-praca-com-musica-ao-vivo","status":"publish","type":"post","link":"https:\/\/folhadosudeste.com\/site\/?p=81534","title":{"rendered":"Quinta tem Feira Evaldo Calcagno na pra\u00e7a com m\u00fasica ao vivo"},"content":{"rendered":"<div id=\":qg\" class=\"ii gt\">\n<div id=\":qh\" class=\"a3s aiL \">\n<div dir=\"ltr\">\n<p align=\"justify\"><a href=\"http:\/\/folhadosudeste.com\/site\/wp-content\/uploads\/2022\/05\/WhatsApp-Image-2022-05-03-at-15.27.25.jpeg\"><img loading=\"lazy\" decoding=\"async\" class=\"alignnone size-full wp-image-81535\" src=\"http:\/\/folhadosudeste.com\/site\/wp-content\/uploads\/2022\/05\/WhatsApp-Image-2022-05-03-at-15.27.25.jpeg\" alt=\"\" width=\"750\" height=\"737\" srcset=\"https:\/\/folhadosudeste.com\/site\/wp-content\/uploads\/2022\/05\/WhatsApp-Image-2022-05-03-at-15.27.25.jpeg 750w, https:\/\/folhadosudeste.com\/site\/wp-content\/uploads\/2022\/05\/WhatsApp-Image-2022-05-03-at-15.27.25-300x295.jpeg 300w\" sizes=\"auto, (max-width: 750px) 100vw, 750px\" \/><\/a><\/p>\n<p align=\"justify\">A Feira Evaldo Calcagno ser\u00e1 nesta quinta-feira (5), a partir das 17h, na Pra\u00e7a Coronel Pacheco de Medeiros.<\/p>\n<p align=\"justify\">O evento realizado pela Prefeitura de Muria\u00e9 e Fundarte abranger\u00e1 quatro setores: acess\u00f3rios, roupas personalizadas, exposi\u00e7\u00f5es art\u00edsticas e espa\u00e7o kids, onde inclusive ser\u00e1 realizado, nesta semana, o lan\u00e7amento do livro infantil: \u2018Estrelinha, a calopsita\u2019.<\/p>\n<p align=\"justify\">O modelo de feira iniciou em 2016 como sugest\u00e3o do colunista social e produtor cultural, Evaldo Calcagno. \u201cEstamos fazendo uma homenagem a ele que tanto vibrou pelo crescimento da cultura na cidade. Ele sugeriu uma mostra de artefatos no estilo da feira&nbsp;Hyppe&nbsp;do Rio de Janeiro, algo recheado de alegria, m\u00fasica e festejos. Ent\u00e3o decidimos realiz\u00e1-la uma vez ao m\u00eas, \u00e0s quintas-feiras, no modelo happy hour, entre 17 e 21h30. Sempre com uma apresenta\u00e7\u00e3o art\u00edstica. Convidamos a todos para participarem\u201d, disse a coordenadora da Fundarte, Gilca Napier.<\/p>\n<p align=\"justify\">O ambiente tamb\u00e9m ter\u00e1 espa\u00e7o gastron\u00f4mico e m\u00fasica ao vivo. Nesta semana a convidada&nbsp;\u00e9 cantora&nbsp;Carol Tavares, de Juiz de Fora.<\/p>\n<\/div>\n<div class=\"yj6qo\">&nbsp;<\/div>\n<div class=\"adL\">&nbsp;<\/div>\n<\/div>\n<\/div>\n<div id=\":qs\" class=\"hq gt a10\">&nbsp;<\/div>\n","protected":false},"excerpt":{"rendered":"<p>A Feira Evaldo Calcagno ser\u00e1 nesta quinta-feira (5), a partir das 17h, na Pra\u00e7a Coronel Pacheco de Medeiros. O evento realizado pela Prefeitura de Muria\u00e9 e Fundarte abranger\u00e1 quatro setores: acess\u00f3rios, roupas personalizadas, exposi\u00e7\u00f5es art\u00edsticas e espa\u00e7o kids, onde inclusive ser\u00e1 realizado, nesta semana, o lan\u00e7amento do livro infantil: \u2018Estrelinha, a calopsita\u2019. O modelo de [&hellip;]<\/p>\n","protected":false},"author":6,"featured_media":0,"comment_status":"open","ping_status":"closed","sticky":false,"template":"","format":"standard","meta":{"_joinchat":[],"footnotes":""},"categories":[1],"tags":[],"class_list":["post-81534","post","type-post","status-publish","format-standard","hentry","category-sem-categoria"],"_links":{"self":[{"href":"https:\/\/folhadosudeste.com\/site\/index.php?rest_route=\/wp\/v2\/posts\/81534","targetHints":{"allow":["GET"]}}],"collection":[{"href":"https:\/\/folhadosudeste.com\/site\/index.php?rest_route=\/wp\/v2\/posts"}],"about":[{"href":"https:\/\/folhadosudeste.com\/site\/index.php?rest_route=\/wp\/v2\/types\/post"}],"author":[{"embeddable":true,"href":"https:\/\/folhadosudeste.com\/site\/index.php?rest_route=\/wp\/v2\/users\/6"}],"replies":[{"embeddable":true,"href":"https:\/\/folhadosudeste.com\/site\/index.php?rest_route=%2Fwp%2Fv2%2Fcomments&post=81534"}],"version-history":[{"count":1,"href":"https:\/\/folhadosudeste.com\/site\/index.php?rest_route=\/wp\/v2\/posts\/81534\/revisions"}],"predecessor-version":[{"id":81536,"href":"https:\/\/folhadosudeste.com\/site\/index.php?rest_route=\/wp\/v2\/posts\/81534\/revisions\/81536"}],"wp:attachment":[{"href":"https:\/\/folhadosudeste.com\/site\/index.php?rest_route=%2Fwp%2Fv2%2Fmedia&parent=81534"}],"wp:term":[{"taxonomy":"category","embeddable":true,"href":"https:\/\/folhadosudeste.com\/site\/index.php?rest_route=%2Fwp%2Fv2%2Fcategories&post=81534"},{"taxonomy":"post_tag","embeddable":true,"href":"https:\/\/folhadosudeste.com\/site\/index.php?rest_route=%2Fwp%2Fv2%2Ftags&post=81534"}],"curies":[{"name":"wp","href":"https:\/\/api.w.org\/{rel}","templated":true}]}}