{"id":81538,"date":"2022-05-03T18:29:55","date_gmt":"2022-05-03T18:29:55","guid":{"rendered":"http:\/\/folhadosudeste.com\/site\/?p=81538"},"modified":"2022-05-03T18:29:55","modified_gmt":"2022-05-03T18:29:55","slug":"inscricoes-para-cursos-de-cuidador-infantil-e-vendedor-terminam-nesta-quarta","status":"publish","type":"post","link":"https:\/\/folhadosudeste.com\/site\/?p=81538","title":{"rendered":"Inscri\u00e7\u00f5es para cursos de Cuidador Infantil e Vendedor terminam nesta quarta"},"content":{"rendered":"<div id=\":wp\" class=\"ii gt\">\n<div id=\":wo\" class=\"a3s aiL \">\n<div dir=\"ltr\">\n<div dir=\"ltr\">\n<div><a href=\"http:\/\/folhadosudeste.com\/site\/wp-content\/uploads\/2022\/05\/minha-vez.jpeg\"><img loading=\"lazy\" decoding=\"async\" class=\"alignnone size-full wp-image-81539\" src=\"http:\/\/folhadosudeste.com\/site\/wp-content\/uploads\/2022\/05\/minha-vez.jpeg\" alt=\"\" width=\"1280\" height=\"1280\" srcset=\"https:\/\/folhadosudeste.com\/site\/wp-content\/uploads\/2022\/05\/minha-vez.jpeg 1280w, https:\/\/folhadosudeste.com\/site\/wp-content\/uploads\/2022\/05\/minha-vez-150x150.jpeg 150w, https:\/\/folhadosudeste.com\/site\/wp-content\/uploads\/2022\/05\/minha-vez-300x300.jpeg 300w, https:\/\/folhadosudeste.com\/site\/wp-content\/uploads\/2022\/05\/minha-vez-768x768.jpeg 768w, https:\/\/folhadosudeste.com\/site\/wp-content\/uploads\/2022\/05\/minha-vez-1024x1024.jpeg 1024w\" sizes=\"auto, (max-width: 1280px) 100vw, 1280px\" \/><\/a><\/div>\n<div>&nbsp;<\/div>\n<div style=\"text-align: justify;\">Termina na quarta-feira, 4 de maio, o per\u00edodo de inscri\u00e7\u00f5es para mais dois cursos profissionalizantes oferecidos atrav\u00e9s do programa Minha Vez. As oportunidades s\u00e3o para forma\u00e7\u00e3o como Cuidador Infantil e Vendedor, ambos totalmente gratuitos.<\/div>\n<div style=\"text-align: justify;\">&nbsp;<\/div>\n<div style=\"text-align: justify;\">Para se inscrever, \u00e9 necess\u00e1rio comparecer presencialmente ao Centro de Treinamento Profissional de Muria\u00e9, situado \u00e0 rua Itagiba de Oliveira, 410, ao lado do CRAS da Barra. O hor\u00e1rio de atendimento \u00e9 das 8h \u00e0s 16h.<\/div>\n<div style=\"text-align: justify;\">&nbsp;<\/div>\n<div style=\"text-align: justify;\">Documentos necess\u00e1rios: identidade, CPF, comprovante de resid\u00eancia atual e comprovante de escolaridade (hist\u00f3rico escolar, declara\u00e7\u00e3o ou certificado de conclus\u00e3o).<\/div>\n<div style=\"text-align: justify;\">&nbsp;<\/div>\n<div style=\"text-align: justify;\">O curso de Cuidador Infantil \u00e9 para pessoas a partir de 18 anos que tenham o Ensino Fundamental completo. As aulas ser\u00e3o de 16 de maio at\u00e9 13 de julho, sempre no per\u00edodo da tarde.<\/div>\n<\/div>\n<\/div>\n<\/div>\n<\/div>\n<p><!--more--><\/p>\n<div style=\"text-align: justify;\">J\u00e1 o curso de Vendedor \u00e9 para pessoas com idade a partir de 17 anos e n\u00edvel m\u00e9dio de escolaridade. As aulas come\u00e7am tamb\u00e9m em 16 de maio e v\u00e3o at\u00e9 2 de agosto, no per\u00edodo da noite.<\/div>\n<div style=\"text-align: justify;\">&nbsp;<\/div>\n<div style=\"text-align: justify;\">O programa Minha Vez \u00e9 uma realiza\u00e7\u00e3o da Prefeitura de Muria\u00e9, atrav\u00e9s das secretarias de Desenvolvimento Social e Desenvolvimento Econ\u00f4mico. Os cursos oferecidos contam ainda com a parceria do Sicoob Credisudeste e do Senac Minas.<\/div>\n<div id=\":qt\" class=\"hq gt a10\" style=\"text-align: justify;\">&nbsp;<\/div>\n","protected":false},"excerpt":{"rendered":"<p>&nbsp; Termina na quarta-feira, 4 de maio, o per\u00edodo de inscri\u00e7\u00f5es para mais dois cursos profissionalizantes oferecidos atrav\u00e9s do programa Minha Vez. As oportunidades s\u00e3o para forma\u00e7\u00e3o como Cuidador Infantil e Vendedor, ambos totalmente gratuitos. &nbsp; Para se inscrever, \u00e9 necess\u00e1rio comparecer presencialmente ao Centro de Treinamento Profissional de Muria\u00e9, situado \u00e0 rua Itagiba de [&hellip;]<\/p>\n","protected":false},"author":6,"featured_media":0,"comment_status":"open","ping_status":"closed","sticky":false,"template":"","format":"standard","meta":{"_joinchat":[],"footnotes":""},"categories":[1],"tags":[],"class_list":["post-81538","post","type-post","status-publish","format-standard","hentry","category-sem-categoria"],"_links":{"self":[{"href":"https:\/\/folhadosudeste.com\/site\/index.php?rest_route=\/wp\/v2\/posts\/81538","targetHints":{"allow":["GET"]}}],"collection":[{"href":"https:\/\/folhadosudeste.com\/site\/index.php?rest_route=\/wp\/v2\/posts"}],"about":[{"href":"https:\/\/folhadosudeste.com\/site\/index.php?rest_route=\/wp\/v2\/types\/post"}],"author":[{"embeddable":true,"href":"https:\/\/folhadosudeste.com\/site\/index.php?rest_route=\/wp\/v2\/users\/6"}],"replies":[{"embeddable":true,"href":"https:\/\/folhadosudeste.com\/site\/index.php?rest_route=%2Fwp%2Fv2%2Fcomments&post=81538"}],"version-history":[{"count":1,"href":"https:\/\/folhadosudeste.com\/site\/index.php?rest_route=\/wp\/v2\/posts\/81538\/revisions"}],"predecessor-version":[{"id":81540,"href":"https:\/\/folhadosudeste.com\/site\/index.php?rest_route=\/wp\/v2\/posts\/81538\/revisions\/81540"}],"wp:attachment":[{"href":"https:\/\/folhadosudeste.com\/site\/index.php?rest_route=%2Fwp%2Fv2%2Fmedia&parent=81538"}],"wp:term":[{"taxonomy":"category","embeddable":true,"href":"https:\/\/folhadosudeste.com\/site\/index.php?rest_route=%2Fwp%2Fv2%2Fcategories&post=81538"},{"taxonomy":"post_tag","embeddable":true,"href":"https:\/\/folhadosudeste.com\/site\/index.php?rest_route=%2Fwp%2Fv2%2Ftags&post=81538"}],"curies":[{"name":"wp","href":"https:\/\/api.w.org\/{rel}","templated":true}]}}