{"id":81542,"date":"2022-05-05T03:20:34","date_gmt":"2022-05-05T03:20:34","guid":{"rendered":"http:\/\/folhadosudeste.com\/site\/?p=81542"},"modified":"2022-05-05T03:20:34","modified_gmt":"2022-05-05T03:20:34","slug":"camara-de-muriae-realiza-audiencia-publica-para-discutir-fundeb-e-reajuste-para-a-educacao","status":"publish","type":"post","link":"https:\/\/folhadosudeste.com\/site\/?p=81542","title":{"rendered":"C\u00e2mara de Muria\u00e9 realiza Audi\u00eancia P\u00fablica para discutir Fundeb e reajuste para a Educa\u00e7\u00e3o"},"content":{"rendered":"<p style=\"font-weight: 400; text-align: justify;\">A sess\u00e3o da C\u00e2mara de Muria\u00e9 desta ter\u00e7a-feira, dia 19 de agosto, n\u00e3o teve discuss\u00e3o e vota\u00e7\u00e3o de projetos, como previa sua pauta. O presidente Ciso (PL) acatou a solicita\u00e7\u00e3o da vereadora Dr\u00aa Miriam (PP) para que a pauta ficasse suspensa at\u00e9 que ocorresse a discuss\u00e3o e vota\u00e7\u00e3o do Projeto de Lei N\u00ba 33\/2022, do Executivo, que trata da extin\u00e7\u00e3o e reestrutura\u00e7\u00e3o de cargos de provimento efetivo previsto na Lei Complementar N\u00ba 4.182, de 28 de dezembro de 2011.<\/p>\n<p style=\"font-weight: 400; text-align: justify;\">Este projeto, j\u00e1 venceu o prazo de tramita\u00e7\u00e3o, mas ainda n\u00e3o entrou em vota\u00e7\u00e3o, devido \u00e0 aus\u00eancia de respostas do Executivo ao Requerimento N\u00ba58\/2022, apresentado em 16 de mar\u00e7o &nbsp;e aprovado em car\u00e1ter de urg\u00eancia. O requerimento de N\u00ba 58\/2022, foi realizado pelos membros da Comiss\u00e3o de Finan\u00e7as, Or\u00e7amento e Tomadas de Decis\u00e3o da C\u00e2mara, formada pelos vereadores Forim (Solidariedade), Evandro Cheroso (Cidadania) e Celsinho (PSD), solicitando a estimativa de impacto or\u00e7ament\u00e1rio-financeiro e das premissas e metodologias de c\u00e1lculos; bem como a declara\u00e7\u00e3o do ordenador de despesa de que o aumento de despesa a ser gerado pela execu\u00e7\u00e3o do disposto legal tem adequa\u00e7\u00e3o or\u00e7ament\u00e1ria e financeira com a lei or\u00e7ament\u00e1ria anual e compatibilidade com o plano plurianual e com a lei de diretrizes or\u00e7ament\u00e1rias.<\/p>\n<p style=\"text-align: justify;\"><!--more--><\/p>\n<p style=\"font-weight: 400; text-align: justify;\">Enquanto aguarda resposta do Executivo, projetos como os que regulamenta a gratuidade na entrada de menores de 12 anos em eventos esportivos acompanhados de pais ou respons\u00e1veis, que institui a pol\u00edtica de transpar\u00eancia nas obras p\u00fablicas da Administra\u00e7\u00e3o Direta e Indireta, que cria o calend\u00e1rio de eventos esportivos do munic\u00edpio e o que declara como utilidade p\u00fablica a<strong>&nbsp;<\/strong>Associa\u00e7\u00e3o de Cultura, Esporte e Lazer do Bairro Padre Tiago (ASCULT), que iriam ser votados na sess\u00e3o de ter\u00e7a-feira, ficam a espera para discuss\u00e3o e aprova\u00e7\u00e3o.<\/p>\n<p style=\"font-weight: 400; text-align: justify;\">Nesta mesma sess\u00e3o, os vereadores receberam a servidora Iraci Tereza de Barros, representando o Sind-UTI, que apresentou uma carta que o Sindicato pretende enviar ao Executivo defendendo o reajuste de 33,24% aos professores. Os vereadores solicitaram c\u00f3pia da carta para cautelosa an\u00e1lise de seu conte\u00fado, inclusive por parte do Jur\u00eddico da Casa, j\u00e1 que foram convidados a assin\u00e1-la, junto ao Sind-UTI.&nbsp;<\/p>\n","protected":false},"excerpt":{"rendered":"<p>A sess\u00e3o da C\u00e2mara de Muria\u00e9 desta ter\u00e7a-feira, dia 19 de agosto, n\u00e3o teve discuss\u00e3o e vota\u00e7\u00e3o de projetos, como previa sua pauta. O presidente Ciso (PL) acatou a solicita\u00e7\u00e3o da vereadora Dr\u00aa Miriam (PP) para que a pauta ficasse suspensa at\u00e9 que ocorresse a discuss\u00e3o e vota\u00e7\u00e3o do Projeto de Lei N\u00ba 33\/2022, do [&hellip;]<\/p>\n","protected":false},"author":6,"featured_media":0,"comment_status":"open","ping_status":"closed","sticky":false,"template":"","format":"standard","meta":{"_joinchat":[],"footnotes":""},"categories":[1],"tags":[],"class_list":["post-81542","post","type-post","status-publish","format-standard","hentry","category-sem-categoria"],"_links":{"self":[{"href":"https:\/\/folhadosudeste.com\/site\/index.php?rest_route=\/wp\/v2\/posts\/81542","targetHints":{"allow":["GET"]}}],"collection":[{"href":"https:\/\/folhadosudeste.com\/site\/index.php?rest_route=\/wp\/v2\/posts"}],"about":[{"href":"https:\/\/folhadosudeste.com\/site\/index.php?rest_route=\/wp\/v2\/types\/post"}],"author":[{"embeddable":true,"href":"https:\/\/folhadosudeste.com\/site\/index.php?rest_route=\/wp\/v2\/users\/6"}],"replies":[{"embeddable":true,"href":"https:\/\/folhadosudeste.com\/site\/index.php?rest_route=%2Fwp%2Fv2%2Fcomments&post=81542"}],"version-history":[{"count":1,"href":"https:\/\/folhadosudeste.com\/site\/index.php?rest_route=\/wp\/v2\/posts\/81542\/revisions"}],"predecessor-version":[{"id":81543,"href":"https:\/\/folhadosudeste.com\/site\/index.php?rest_route=\/wp\/v2\/posts\/81542\/revisions\/81543"}],"wp:attachment":[{"href":"https:\/\/folhadosudeste.com\/site\/index.php?rest_route=%2Fwp%2Fv2%2Fmedia&parent=81542"}],"wp:term":[{"taxonomy":"category","embeddable":true,"href":"https:\/\/folhadosudeste.com\/site\/index.php?rest_route=%2Fwp%2Fv2%2Fcategories&post=81542"},{"taxonomy":"post_tag","embeddable":true,"href":"https:\/\/folhadosudeste.com\/site\/index.php?rest_route=%2Fwp%2Fv2%2Ftags&post=81542"}],"curies":[{"name":"wp","href":"https:\/\/api.w.org\/{rel}","templated":true}]}}