{"id":81546,"date":"2022-05-05T03:27:13","date_gmt":"2022-05-05T03:27:13","guid":{"rendered":"http:\/\/folhadosudeste.com\/site\/?p=81546"},"modified":"2022-05-05T03:31:20","modified_gmt":"2022-05-05T03:31:20","slug":"mamografia-e-biopsias-sao-demandas-no-tratamento-do-cancer","status":"publish","type":"post","link":"https:\/\/folhadosudeste.com\/site\/?p=81546","title":{"rendered":"Mamografia e bi\u00f3psias s\u00e3o demandas no tratamento do c\u00e2ncer"},"content":{"rendered":"<p style=\"text-align: justify;\"><a href=\"http:\/\/folhadosudeste.com\/site\/wp-content\/uploads\/2022\/05\/WhatsApp-Image-2022-05-04-at-16.23.11.jpeg\"><img loading=\"lazy\" decoding=\"async\" class=\"alignnone size-full wp-image-81547\" src=\"http:\/\/folhadosudeste.com\/site\/wp-content\/uploads\/2022\/05\/WhatsApp-Image-2022-05-04-at-16.23.11.jpeg\" alt=\"\" width=\"640\" height=\"427\" srcset=\"https:\/\/folhadosudeste.com\/site\/wp-content\/uploads\/2022\/05\/WhatsApp-Image-2022-05-04-at-16.23.11.jpeg 640w, https:\/\/folhadosudeste.com\/site\/wp-content\/uploads\/2022\/05\/WhatsApp-Image-2022-05-04-at-16.23.11-300x200.jpeg 300w, https:\/\/folhadosudeste.com\/site\/wp-content\/uploads\/2022\/05\/WhatsApp-Image-2022-05-04-at-16.23.11-120x80.jpeg 120w, https:\/\/folhadosudeste.com\/site\/wp-content\/uploads\/2022\/05\/WhatsApp-Image-2022-05-04-at-16.23.11-345x230.jpeg 345w\" sizes=\"auto, (max-width: 640px) 100vw, 640px\" \/><\/a><\/p>\n<p style=\"text-align: justify;\">Cuidados, preven\u00e7\u00e3o e tratamento do paciente que sofre com a doen\u00e7a foram debatidos por comiss\u00e3o no Fiscaliza Mais<\/p>\n<p style=\"text-align: justify;\">Cuidados, preven\u00e7\u00e3o e tratamento do paciente que sofre com a doen\u00e7a foram debatidos por comiss\u00e3o no Fiscaliza MaisO fortalecimento da aten\u00e7\u00e3o prim\u00e1ria, a retomada das carreatas da mamografia no interior do Estado, aumento no n\u00famero de bi\u00f3psias e cirurgias oncol\u00f3gicas realizadas e um transporte mais humanizado para os pacientes de c\u00e2ncer do interior. Essas foram algumas das demandas apresentadas por parlamentares e sociedade civil durante reuni\u00e3o do Assembleia Fiscaliza Mais na Comiss\u00e3o de Sa\u00fade da Assembleia Legislativa de Minas Gerais (ALMG), realizada nesta quarta-feira (4\/5\/22).<\/p>\n<p style=\"text-align: justify;\">Diretora da Regional Minas Gerais da Sociedade Brasileira de Mastologia, Annamaria Massahud Rodrigues dos Santos destacou o importante trabalho dos agentes comunit\u00e1rios de sa\u00fade, que s\u00e3o a principal ponte para a rede de sa\u00fade para muitos pacientes. Segundo ela, em alguns casos, mulheres t\u00eam n\u00f3dulos de c\u00e2ncer vis\u00edveis a olho nu e n\u00e3o entram no sistema porque n\u00e3o s\u00e3o orientadas a fazerem os exames adequados.<\/p>\n<p style=\"text-align: justify;\">\u201cQuem faz exame, entra no sistema. Precisamos trazer essas mulheres para o sistema, ampliar o acesso \u00e0 mamografia. \u00c0s vezes elas t\u00eam menos de 50 anos. Passam anos com les\u00f5es crescendo. Tinham 95% de chance de cura e vemos a pessoa morrer porque a interven\u00e7\u00e3o n\u00e3o foi feita quando deveria. E \u00e9 responsabilidade da Secretaria de Sa\u00fade apoiar os munic\u00edpios menores. Hoje, se o hospital n\u00e3o atende plano de sa\u00fade, n\u00e3o recebe recursos\u201d, destacou.<\/p>\n<p><!--more--><\/p>\n<p style=\"text-align: justify;\">O Secret\u00e1rio de Estado de Sa\u00fade, F\u00e1bio Baccheretti Vitor, respondeu \u00e0 diretora que no ano passado Minas Gerais repassou R$ 1 bilh\u00e3o para a aten\u00e7\u00e3o prim\u00e1ria nos munic\u00edpios.<\/p>\n<p style=\"text-align: justify;\">\u201cA maior parte das nossas metas est\u00e3o vinculadas ao diagn\u00f3stico precoce de c\u00e2ncer de mama e colo uterino. E estamos trabalhando para melhorar o di\u00e1logo entre a aten\u00e7\u00e3o prim\u00e1ria e os demais setores da sa\u00fade. A aten\u00e7\u00e3o especializada e o hospital precisam ter acesso ao hist\u00f3rico do paciente e estamos buscando isso, investindo em expans\u00e3o e capacita\u00e7\u00e3o. O processo precisa melhorar\u201d, disse.<\/p>\n<p style=\"text-align: justify;\">&nbsp;<\/p>\n<p style=\"text-align: justify;\">CARREATAS<\/p>\n<p style=\"text-align: justify;\">O vice-presidente da Comiss\u00e3o de Sa\u00fade, Doutor Wilson Batista (PSD), questionou o secret\u00e1rio quanto \u00e0 realiza\u00e7\u00e3o de carreatas da mamografia em cidades do interior, que cobririam \u201cvazios assistenciais\u201d que muitas vezes existem.<\/p>\n<p style=\"text-align: justify;\">\u201cA carreata faz um n\u00famero grande de exames e os que derem alterados podem ser selecionados e acompanhados, podemos cuidar desses pacientes&#8221;, pontuou.<\/p>\n<p style=\"text-align: justify;\">Ele tamb\u00e9m criticou a n\u00e3o realiza\u00e7\u00e3o de bi\u00f3psias em muitos Centros de Assist\u00eancia de Alta Complexidade em Oncologia (CACON) mineiros e a dificuldade de execu\u00e7\u00e3o de emendas parlamentares.<\/p>\n<p style=\"text-align: justify;\">\u201cMuitos n\u00e3o t\u00eam estrutura ou condi\u00e7\u00f5es financeiras para fazer o diagn\u00f3stico. O paciente que chega l\u00e1 j\u00e1 tem de ter o diagn\u00f3stico. Os hospitais gerais, que j\u00e1 t\u00eam a rede de diagn\u00f3stico, precisavam ser fortalecidos para fazer isso. O Sistema \u00danico de Sa\u00fade (SUS) paga R$ 140 o procedimento de bi\u00f3psia. Mas s\u00f3 a agulha mais barata para fazer isso \u00e9 R$ 110. Lugar nenhum vai se dispor a fazer bi\u00f3psia desse jeito. E sem a bi\u00f3psia n\u00e3o se consegue o diagn\u00f3stico e o tratamento adequado. E precisamos de mais di\u00e1logo com a Advocacia-Geral do Estado, que muitas vezes n\u00e3o permite o uso dos recursos pelas institui\u00e7\u00f5es \u00e0s quais direcionamos\u201d, pontuou.<\/p>\n<p style=\"text-align: justify;\">&nbsp;<\/p>\n<p style=\"text-align: justify;\">Programa do governo espera reduzir filas de cirurgias eletivas<\/p>\n<p style=\"text-align: justify;\">O Secret\u00e1rio de Sa\u00fade disse que muitas vezes o teto de gastos \u00e9 um obst\u00e1culo e, por isso, o Opera Mais, que foi lan\u00e7ado no final do ano passado, ajudar\u00e1 na melhoria dos pagamentos dos procedimentos. O programa do Governo do Estado define novos par\u00e2metros para procedimentos cir\u00fargicos de m\u00e9dia e alta complexidade, para diminuir a fila de pacientes que aguardam por cirurgias eletivas hospitalares.<\/p>\n<p style=\"text-align: justify;\">\u201cEssa tabela diferenciada, que queremos lan\u00e7ar logo, nos tornar\u00e1 mais competitivos. Vamos aumentar o n\u00famero de mamografias e bi\u00f3psias juntos. E estou com muita expectativa de nos pr\u00f3ximos meses zerar a fila para cirurgias eletivas no Estado\u201d, ressaltou.<\/p>\n<p style=\"text-align: justify;\">Ele disse ainda que muitas vezes a aus\u00eancia de documentos importantes anexados \u00e0s emendas impedem a execu\u00e7\u00e3o delas. \u201cQueremos que toda emenda seja executada. Precisamos melhorar o di\u00e1logo para garantirmos que o dinheiro v\u00e1 para onde deve\u201d, afirmou.<\/p>\n<p style=\"text-align: justify;\">J\u00e1 o deputado Carlos Pimenta (PDT) explicou que muitas cidades ficam afastadas de Centros de Assist\u00eancia de Alta Complexidade em Oncologia (CACON), e pacientes precisam percorrer at\u00e9 300 quil\u00f4metros para realizar radioterapia e quimioterapia, sem acompanhantes, em carros sem conforto.<\/p>\n<p style=\"text-align: justify;\">\u201cN\u00e3o haveria a possibilidade de um programa de compras de vans mais adequadas para os munic\u00edpios? Imagina a pessoa, que j\u00e1 est\u00e1 sofrendo com c\u00e2ncer, fazer uma viagem t\u00e3o longa e t\u00e3o desconfort\u00e1vel?\u201d, questionou.<\/p>\n<p style=\"text-align: justify;\">O secret\u00e1rio afirmou que foram destinados R$ 218 milh\u00f5es a 764 munic\u00edpios para essa finalidade e que estas cidades j\u00e1 estariam em negocia\u00e7\u00e3o de compra.<\/p>\n<p style=\"text-align: justify;\">COVID<\/p>\n<p style=\"text-align: justify;\">O Secret\u00e1rio de Sa\u00fade aproveitou a presta\u00e7\u00e3o de contas para comemorar os bons n\u00fameros, de casos e interna\u00e7\u00f5es, da pandemia de Covid-19 em Minas Gerais. \u201cPrimeira vez que venho aqui para prestar contas e n\u00e3o vim falar de problemas da Covid. Fico muito feliz. Estamos em queda dos casos, dos \u00f3bitos, com \u00edndices pr\u00f3ximos do come\u00e7o da pandemia, com a vantagem de estarmos vacinados. Finalmente estamos em uma situa\u00e7\u00e3o confort\u00e1vel\u201d, completou.<\/p>\n<p style=\"text-align: justify;\"><a href=\"http:\/\/folhadosudeste.com\/site\/wp-content\/uploads\/2022\/05\/WhatsApp-Image-2022-05-04-at-16.23.12.jpeg\"><img loading=\"lazy\" decoding=\"async\" class=\"alignnone size-full wp-image-81548\" src=\"http:\/\/folhadosudeste.com\/site\/wp-content\/uploads\/2022\/05\/WhatsApp-Image-2022-05-04-at-16.23.12.jpeg\" alt=\"\" width=\"640\" height=\"427\" srcset=\"https:\/\/folhadosudeste.com\/site\/wp-content\/uploads\/2022\/05\/WhatsApp-Image-2022-05-04-at-16.23.12.jpeg 640w, https:\/\/folhadosudeste.com\/site\/wp-content\/uploads\/2022\/05\/WhatsApp-Image-2022-05-04-at-16.23.12-300x200.jpeg 300w, https:\/\/folhadosudeste.com\/site\/wp-content\/uploads\/2022\/05\/WhatsApp-Image-2022-05-04-at-16.23.12-120x80.jpeg 120w, https:\/\/folhadosudeste.com\/site\/wp-content\/uploads\/2022\/05\/WhatsApp-Image-2022-05-04-at-16.23.12-345x230.jpeg 345w\" sizes=\"auto, (max-width: 640px) 100vw, 640px\" \/><\/a> <a href=\"http:\/\/folhadosudeste.com\/site\/wp-content\/uploads\/2022\/05\/WhatsApp-Image-2022-05-04-at-16.23.11-1.jpeg\"><img loading=\"lazy\" decoding=\"async\" class=\"alignnone size-full wp-image-81549\" src=\"http:\/\/folhadosudeste.com\/site\/wp-content\/uploads\/2022\/05\/WhatsApp-Image-2022-05-04-at-16.23.11-1.jpeg\" alt=\"\" width=\"640\" height=\"427\" srcset=\"https:\/\/folhadosudeste.com\/site\/wp-content\/uploads\/2022\/05\/WhatsApp-Image-2022-05-04-at-16.23.11-1.jpeg 640w, https:\/\/folhadosudeste.com\/site\/wp-content\/uploads\/2022\/05\/WhatsApp-Image-2022-05-04-at-16.23.11-1-300x200.jpeg 300w, https:\/\/folhadosudeste.com\/site\/wp-content\/uploads\/2022\/05\/WhatsApp-Image-2022-05-04-at-16.23.11-1-120x80.jpeg 120w, https:\/\/folhadosudeste.com\/site\/wp-content\/uploads\/2022\/05\/WhatsApp-Image-2022-05-04-at-16.23.11-1-345x230.jpeg 345w\" sizes=\"auto, (max-width: 640px) 100vw, 640px\" \/><\/a>&nbsp;<\/p>\n<p><a href=\"http:\/\/folhadosudeste.com\/site\/wp-content\/uploads\/2022\/05\/WhatsApp-Image-2022-05-04-at-16.23.12-2.jpeg\"><img loading=\"lazy\" decoding=\"async\" class=\"alignnone size-full wp-image-81554\" src=\"http:\/\/folhadosudeste.com\/site\/wp-content\/uploads\/2022\/05\/WhatsApp-Image-2022-05-04-at-16.23.12-2.jpeg\" alt=\"\" width=\"1600\" height=\"1200\" srcset=\"https:\/\/folhadosudeste.com\/site\/wp-content\/uploads\/2022\/05\/WhatsApp-Image-2022-05-04-at-16.23.12-2.jpeg 1600w, https:\/\/folhadosudeste.com\/site\/wp-content\/uploads\/2022\/05\/WhatsApp-Image-2022-05-04-at-16.23.12-2-300x225.jpeg 300w, https:\/\/folhadosudeste.com\/site\/wp-content\/uploads\/2022\/05\/WhatsApp-Image-2022-05-04-at-16.23.12-2-768x576.jpeg 768w, https:\/\/folhadosudeste.com\/site\/wp-content\/uploads\/2022\/05\/WhatsApp-Image-2022-05-04-at-16.23.12-2-1024x768.jpeg 1024w\" sizes=\"auto, (max-width: 1600px) 100vw, 1600px\" \/><\/a><\/p>\n","protected":false},"excerpt":{"rendered":"<p>Cuidados, preven\u00e7\u00e3o e tratamento do paciente que sofre com a doen\u00e7a foram debatidos por comiss\u00e3o no Fiscaliza Mais Cuidados, preven\u00e7\u00e3o e tratamento do paciente que sofre com a doen\u00e7a foram debatidos por comiss\u00e3o no Fiscaliza MaisO fortalecimento da aten\u00e7\u00e3o prim\u00e1ria, a retomada das carreatas da mamografia no interior do Estado, aumento no n\u00famero de bi\u00f3psias [&hellip;]<\/p>\n","protected":false},"author":6,"featured_media":0,"comment_status":"open","ping_status":"closed","sticky":false,"template":"","format":"standard","meta":{"_joinchat":[],"footnotes":""},"categories":[1],"tags":[],"class_list":["post-81546","post","type-post","status-publish","format-standard","hentry","category-sem-categoria"],"_links":{"self":[{"href":"https:\/\/folhadosudeste.com\/site\/index.php?rest_route=\/wp\/v2\/posts\/81546","targetHints":{"allow":["GET"]}}],"collection":[{"href":"https:\/\/folhadosudeste.com\/site\/index.php?rest_route=\/wp\/v2\/posts"}],"about":[{"href":"https:\/\/folhadosudeste.com\/site\/index.php?rest_route=\/wp\/v2\/types\/post"}],"author":[{"embeddable":true,"href":"https:\/\/folhadosudeste.com\/site\/index.php?rest_route=\/wp\/v2\/users\/6"}],"replies":[{"embeddable":true,"href":"https:\/\/folhadosudeste.com\/site\/index.php?rest_route=%2Fwp%2Fv2%2Fcomments&post=81546"}],"version-history":[{"count":3,"href":"https:\/\/folhadosudeste.com\/site\/index.php?rest_route=\/wp\/v2\/posts\/81546\/revisions"}],"predecessor-version":[{"id":81556,"href":"https:\/\/folhadosudeste.com\/site\/index.php?rest_route=\/wp\/v2\/posts\/81546\/revisions\/81556"}],"wp:attachment":[{"href":"https:\/\/folhadosudeste.com\/site\/index.php?rest_route=%2Fwp%2Fv2%2Fmedia&parent=81546"}],"wp:term":[{"taxonomy":"category","embeddable":true,"href":"https:\/\/folhadosudeste.com\/site\/index.php?rest_route=%2Fwp%2Fv2%2Fcategories&post=81546"},{"taxonomy":"post_tag","embeddable":true,"href":"https:\/\/folhadosudeste.com\/site\/index.php?rest_route=%2Fwp%2Fv2%2Ftags&post=81546"}],"curies":[{"name":"wp","href":"https:\/\/api.w.org\/{rel}","templated":true}]}}