{"id":81562,"date":"2022-05-05T19:33:32","date_gmt":"2022-05-05T19:33:32","guid":{"rendered":"http:\/\/folhadosudeste.com\/site\/?p=81562"},"modified":"2022-05-05T19:33:32","modified_gmt":"2022-05-05T19:33:32","slug":"camara-de-muriae-realiza-audiencia-publica-para-discutir-fundeb-e-reajuste-para-a-educacao-2","status":"publish","type":"post","link":"https:\/\/folhadosudeste.com\/site\/?p=81562","title":{"rendered":"C\u00e2mara de Muria\u00e9 realiza Audi\u00eancia P\u00fablica para discutir Fundeb e reajuste para a Educa\u00e7\u00e3o"},"content":{"rendered":"<p style=\"font-weight: 400; text-align: justify;\">A sess\u00e3o da C\u00e2mara de Muria\u00e9 desta ter\u00e7a-feira, dia 03, tinha por objetivo discutir e votar o Projeto de Lei N\u00ba 43\/2022 , que disp\u00f5e sobre a reestrutura\u00e7\u00e3o de carreira de profissionais da educa\u00e7\u00e3o b\u00e1sica do Munic\u00edpio de Muria\u00e9, alterando os dispositivos da Lei Complementar N\u00ba 4.723\/14. O projeto trata de reajuste aos servidores da educa\u00e7\u00e3o no Munic\u00edpio que est\u00e1 sendo proposto pelo Executivo na ordem de 4%.<\/p>\n<p style=\"font-weight: 400; text-align: justify;\">&nbsp;<\/p>\n<p style=\"font-weight: 400; text-align: justify;\">Segundo a Administra\u00e7\u00e3o Municipal s\u00f3 os cargos iniciais (NPR 01) est\u00e3o com vencimentos abaixo de 4%. Para equiparar essa categoria, o Executivo, ent\u00e3o, est\u00e1 propondo reajuste a todos os profissionais da Educa\u00e7\u00e3o da rede municipal. Diante do impasse entre duas categorias &#8211; as auxiliares de servi\u00e7os gerais, favor\u00e1veis ao reajuste e os professores, contr\u00e1rios, pois lutam pelo reajuste proposto pelo Fundeb de 33,2 \u2013 o vereador Valdinei Lacerda (PSD) solicitou vistas ao projeto. Lacerda prop\u00f4s discuss\u00e3o do tema em Audi\u00eancia P\u00fablica com presen\u00e7a de representantes do Executivo, das organiza\u00e7\u00f5es sindicais e servidores, o que foi acatado pelo presidente Ciso (PL) e demais vereadores. E, por sugest\u00e3o do vereador Delegado Rangel (PSB), a Audi\u00eancia foi antecipada para antes da pr\u00f3xima sess\u00e3o para que o projeto possa ser apreciado e votado no dia 10 de maio.&nbsp;<\/p>\n<p style=\"font-weight: 400; text-align: justify;\">&nbsp;<\/p>\n<p style=\"font-weight: 400; text-align: justify;\">Portanto, a Audi\u00eancia ser\u00e1 realizada na segunda-feira, dia 09 de maio, \u00e0s 18h30, no plen\u00e1rio da C\u00e2mara.<\/p>\n<p style=\"text-align: justify;\">&nbsp;<\/p>\n","protected":false},"excerpt":{"rendered":"<p>A sess\u00e3o da C\u00e2mara de Muria\u00e9 desta ter\u00e7a-feira, dia 03, tinha por objetivo discutir e votar o Projeto de Lei N\u00ba 43\/2022 , que disp\u00f5e sobre a reestrutura\u00e7\u00e3o de carreira de profissionais da educa\u00e7\u00e3o b\u00e1sica do Munic\u00edpio de Muria\u00e9, alterando os dispositivos da Lei Complementar N\u00ba 4.723\/14. O projeto trata de reajuste aos servidores da [&hellip;]<\/p>\n","protected":false},"author":6,"featured_media":0,"comment_status":"open","ping_status":"closed","sticky":false,"template":"","format":"standard","meta":{"_joinchat":[],"footnotes":""},"categories":[1],"tags":[],"class_list":["post-81562","post","type-post","status-publish","format-standard","hentry","category-sem-categoria"],"_links":{"self":[{"href":"https:\/\/folhadosudeste.com\/site\/index.php?rest_route=\/wp\/v2\/posts\/81562","targetHints":{"allow":["GET"]}}],"collection":[{"href":"https:\/\/folhadosudeste.com\/site\/index.php?rest_route=\/wp\/v2\/posts"}],"about":[{"href":"https:\/\/folhadosudeste.com\/site\/index.php?rest_route=\/wp\/v2\/types\/post"}],"author":[{"embeddable":true,"href":"https:\/\/folhadosudeste.com\/site\/index.php?rest_route=\/wp\/v2\/users\/6"}],"replies":[{"embeddable":true,"href":"https:\/\/folhadosudeste.com\/site\/index.php?rest_route=%2Fwp%2Fv2%2Fcomments&post=81562"}],"version-history":[{"count":1,"href":"https:\/\/folhadosudeste.com\/site\/index.php?rest_route=\/wp\/v2\/posts\/81562\/revisions"}],"predecessor-version":[{"id":81563,"href":"https:\/\/folhadosudeste.com\/site\/index.php?rest_route=\/wp\/v2\/posts\/81562\/revisions\/81563"}],"wp:attachment":[{"href":"https:\/\/folhadosudeste.com\/site\/index.php?rest_route=%2Fwp%2Fv2%2Fmedia&parent=81562"}],"wp:term":[{"taxonomy":"category","embeddable":true,"href":"https:\/\/folhadosudeste.com\/site\/index.php?rest_route=%2Fwp%2Fv2%2Fcategories&post=81562"},{"taxonomy":"post_tag","embeddable":true,"href":"https:\/\/folhadosudeste.com\/site\/index.php?rest_route=%2Fwp%2Fv2%2Ftags&post=81562"}],"curies":[{"name":"wp","href":"https:\/\/api.w.org\/{rel}","templated":true}]}}