{"id":81659,"date":"2022-05-10T12:48:45","date_gmt":"2022-05-10T12:48:45","guid":{"rendered":"http:\/\/folhadosudeste.com\/site\/?p=81659"},"modified":"2022-05-10T12:48:45","modified_gmt":"2022-05-10T12:48:45","slug":"prefeitura-segue-com-inscricoes-abertas-para-curso-de-cuidador-infantil","status":"publish","type":"post","link":"https:\/\/folhadosudeste.com\/site\/?p=81659","title":{"rendered":"Prefeitura segue com inscri\u00e7\u00f5es abertas para curso de Cuidador Infantil"},"content":{"rendered":"<div class=\"adn ads\" data-message-id=\"#msg-f:1732374152823510364\" data-legacy-message-id=\"180aa11d0d1d155c\">\n<div class=\"gs\">\n<div class=\"\">\n<div id=\":pi\" class=\"ii gt\">\n<div id=\":ph\" class=\"a3s aiL \">\n<div dir=\"ltr\">\n<div dir=\"ltr\">\n<div style=\"text-align: justify;\">As inscri\u00e7\u00f5es para o curso de Cuidador Infantil foram prorrogadas at\u00e9 a pr\u00f3xima sexta-feira, dia 13 de maio.&nbsp;<\/div>\n<div style=\"text-align: justify;\">&nbsp;<\/div>\n<div style=\"text-align: justify;\">Os interessados devem comparecer ao Centro de Treinamento Profissional, situado \u00e0 rua Itagiba de Oliveira, 410, na Barra (anexo ao CRAS). O hor\u00e1rio de atendimento \u00e9 das 8h \u00e0s 17h.<\/div>\n<div style=\"text-align: justify;\">&nbsp;<\/div>\n<div style=\"text-align: justify;\">Documentos necess\u00e1rios:<\/div>\n<div style=\"text-align: justify;\">&nbsp;<\/div>\n<div style=\"text-align: justify;\">&#8211; Identidade, CPF e comprovante de resid\u00eancia atual;<\/div>\n<div style=\"text-align: justify;\">&#8211; Comprova\u00e7\u00e3o de escolaridade (Ensino Fundamental completo), podendo ser hist\u00f3rico escolar, declara\u00e7\u00e3o ou diploma;<\/div>\n<div style=\"text-align: justify;\">&#8211; Idade m\u00ednima de 18 anos.<\/div>\n<div style=\"text-align: justify;\">&nbsp;<\/div>\n<div style=\"text-align: justify;\">As aulas v\u00e3o acontecer no pr\u00f3prio Centro de Treinamento Profissional, no per\u00edodo entre 16 de maio e 13 de julho, com aulas sempre \u00e0 tarde. As vagas s\u00e3o limitadas.<\/div>\n<div style=\"text-align: justify;\">&nbsp;<\/div>\n<div style=\"text-align: justify;\">O curso integra o programa Minha Vez, iniciativa da Prefeitura de Muria\u00e9 realizada atrav\u00e9s da parceria entre as secretarias municipais de Desenvolvimento Social e Desenvolvimento Econ\u00f4mico. O conte\u00fado \u00e9 oferecido pelo Senac Minas e conta ainda com apoio do Sicoob Credisudeste na disponibiliza\u00e7\u00e3o do material did\u00e1tico.<\/div>\n<div style=\"text-align: justify;\">&nbsp;<\/div>\n<div style=\"text-align: justify;\">Mais informa\u00e7\u00f5es pelo telefone (32) 3721-0993 ou WhatsApp (32) 98490-7277.<\/div>\n<\/div>\n<\/div>\n<div class=\"yj6qo\" style=\"text-align: justify;\">&nbsp;<\/div>\n<div class=\"adL\" style=\"text-align: justify;\">&nbsp;<\/div>\n<\/div>\n<\/div>\n<div class=\"hi\" style=\"text-align: justify;\">&nbsp;<\/div>\n<\/div>\n<\/div>\n<div class=\"ajx\" style=\"text-align: justify;\">&nbsp;<\/div>\n<\/div>\n<div class=\"gA gt acV\">\n<div class=\"gB xu\">\n<div class=\"ip iq\" style=\"text-align: justify;\">&nbsp;<\/div>\n<\/div>\n<\/div>\n","protected":false},"excerpt":{"rendered":"<p>As inscri\u00e7\u00f5es para o curso de Cuidador Infantil foram prorrogadas at\u00e9 a pr\u00f3xima sexta-feira, dia 13 de maio.&nbsp; &nbsp; Os interessados devem comparecer ao Centro de Treinamento Profissional, situado \u00e0 rua Itagiba de Oliveira, 410, na Barra (anexo ao CRAS). O hor\u00e1rio de atendimento \u00e9 das 8h \u00e0s 17h. &nbsp; Documentos necess\u00e1rios: &nbsp; &#8211; Identidade, [&hellip;]<\/p>\n","protected":false},"author":6,"featured_media":0,"comment_status":"open","ping_status":"closed","sticky":false,"template":"","format":"standard","meta":{"_joinchat":[],"footnotes":""},"categories":[1],"tags":[],"class_list":["post-81659","post","type-post","status-publish","format-standard","hentry","category-sem-categoria"],"_links":{"self":[{"href":"https:\/\/folhadosudeste.com\/site\/index.php?rest_route=\/wp\/v2\/posts\/81659","targetHints":{"allow":["GET"]}}],"collection":[{"href":"https:\/\/folhadosudeste.com\/site\/index.php?rest_route=\/wp\/v2\/posts"}],"about":[{"href":"https:\/\/folhadosudeste.com\/site\/index.php?rest_route=\/wp\/v2\/types\/post"}],"author":[{"embeddable":true,"href":"https:\/\/folhadosudeste.com\/site\/index.php?rest_route=\/wp\/v2\/users\/6"}],"replies":[{"embeddable":true,"href":"https:\/\/folhadosudeste.com\/site\/index.php?rest_route=%2Fwp%2Fv2%2Fcomments&post=81659"}],"version-history":[{"count":1,"href":"https:\/\/folhadosudeste.com\/site\/index.php?rest_route=\/wp\/v2\/posts\/81659\/revisions"}],"predecessor-version":[{"id":81660,"href":"https:\/\/folhadosudeste.com\/site\/index.php?rest_route=\/wp\/v2\/posts\/81659\/revisions\/81660"}],"wp:attachment":[{"href":"https:\/\/folhadosudeste.com\/site\/index.php?rest_route=%2Fwp%2Fv2%2Fmedia&parent=81659"}],"wp:term":[{"taxonomy":"category","embeddable":true,"href":"https:\/\/folhadosudeste.com\/site\/index.php?rest_route=%2Fwp%2Fv2%2Fcategories&post=81659"},{"taxonomy":"post_tag","embeddable":true,"href":"https:\/\/folhadosudeste.com\/site\/index.php?rest_route=%2Fwp%2Fv2%2Ftags&post=81659"}],"curies":[{"name":"wp","href":"https:\/\/api.w.org\/{rel}","templated":true}]}}