{"id":81661,"date":"2022-05-10T12:53:20","date_gmt":"2022-05-10T12:53:20","guid":{"rendered":"http:\/\/folhadosudeste.com\/site\/?p=81661"},"modified":"2022-05-10T13:07:41","modified_gmt":"2022-05-10T13:07:41","slug":"exposicao-nise-da-silveira-esta-aberta-no-grande-hotel-muriahe-visitacao-inicia-nesta-terca-feira","status":"publish","type":"post","link":"https:\/\/folhadosudeste.com\/site\/?p=81661","title":{"rendered":"Exposi\u00e7\u00e3o \u2018Nise da Silveira\u2019 est\u00e1 aberta no Grande Hotel Muriah\u00e9"},"content":{"rendered":"<p style=\"text-align: justify;\"><a href=\"http:\/\/folhadosudeste.com\/site\/wp-content\/uploads\/2022\/05\/DSC_0171.jpg\"><img loading=\"lazy\" decoding=\"async\" class=\"alignnone size-full wp-image-81662\" src=\"http:\/\/folhadosudeste.com\/site\/wp-content\/uploads\/2022\/05\/DSC_0171.jpg\" alt=\"\" width=\"2048\" height=\"1362\" srcset=\"https:\/\/folhadosudeste.com\/site\/wp-content\/uploads\/2022\/05\/DSC_0171.jpg 2048w, https:\/\/folhadosudeste.com\/site\/wp-content\/uploads\/2022\/05\/DSC_0171-300x199.jpg 300w, https:\/\/folhadosudeste.com\/site\/wp-content\/uploads\/2022\/05\/DSC_0171-768x511.jpg 768w, https:\/\/folhadosudeste.com\/site\/wp-content\/uploads\/2022\/05\/DSC_0171-1024x681.jpg 1024w, https:\/\/folhadosudeste.com\/site\/wp-content\/uploads\/2022\/05\/DSC_0171-120x80.jpg 120w, https:\/\/folhadosudeste.com\/site\/wp-content\/uploads\/2022\/05\/DSC_0171-345x230.jpg 345w\" sizes=\"auto, (max-width: 2048px) 100vw, 2048px\" \/><\/a><\/p>\n<p style=\"text-align: justify;\">A Exposi\u00e7\u00e3o \u2018Nise \u2013 A revolu\u00e7\u00e3o pelo afeto\u2019, que esteve nos Centros Culturais do Banco do Brasil do Rio de Janeiro e Belo Horizonte (CCBB), est\u00e1 a mostra no Grande Hotel Muriah\u00e9 entre os dias 10 de maio e 10 de julho. Ela ficar\u00e1 aberta a visita\u00e7\u00e3o de segunda a sexta-feira, no hor\u00e1rio 8h \u00e0s 19 horas e, s\u00e1bados, 8 \u00e1s 12h.<\/p>\n<p style=\"text-align: justify;\">A apresenta\u00e7\u00e3o que \u00e9 composta de pain\u00e9is, quadros, declara\u00e7\u00f5es, cartas e cita\u00e7\u00f5es de uma das maiores psiquiatras do Brasil \u00e9 um presente da Prefeitura de Muria\u00e9, por meio da Secretaria Municipal de Sa\u00fade e da Fundarte.<\/p>\n<p style=\"text-align: justify;\">Nise da Silveira foi a \u00fanica mulher, em uma turma com mais de 150 homens, capaz de revolucionar os m\u00e9todos de tratamentos psiqui\u00e1tricos. Ela ficou conhecida mundialmente pela ideia pioneira de usar o afeto como metodologia cient\u00edfica no tratamento \u00e0s pessoas com sofrimentos ps\u00edquicos.<\/p>\n<p style=\"text-align: justify;\">A m\u00e9dica decidiu buscar formas de acessar as camadas do inconsciente e criar um di\u00e1logo, atrav\u00e9s de ferramentas art\u00edsticas e com aplica\u00e7\u00f5es cient\u00edficas, entre o inconsciente e a express\u00e3o de imagens.<\/p>\n<p style=\"text-align: justify;\">O secret\u00e1rio de Sa\u00fade de Muria\u00e9 explicou o prop\u00f3sito de trazer a exposi\u00e7\u00e3o para a cidade. \u201cA sa\u00fade mental do munic\u00edpio de Muria\u00e9 foi amplamente revolucionada com as mudan\u00e7as de postura, mudan\u00e7as de atitude criadas pela doutora Nise. Colocamos em pr\u00e1tica todo este comportamento nos Centros de Aten\u00e7\u00e3o Psicossocial (CAPS). Conseguimos trazer a mostra para Muria\u00e9 para que todos os estudiosos e pesquisadores das quest\u00f5es mentais possam conhecer esta revolu\u00e7\u00e3o pelo afeto. Gostar\u00edamos que todos visitassem\u201d, enfatizou o secret\u00e1rio de Sa\u00fade e vice-prefeito, Marcos Guarino.<\/p>\n<p><!--more--><\/p>\n<p style=\"text-align: justify;\">A diretora da Fundarte, Gilca Napier, ressaltou a qualidade das informa\u00e7\u00f5es que a exposi\u00e7\u00e3o traz. \u201cAs pe\u00e7as, cartas, documentos, fotografias e pinturas nos mostram o quanto \u00e0 ci\u00eancia evoluiu com os trabalhos da doutora Nise da Silveira. Uma pesquisadora importante que revolucionou a psiquiatria no Brasil e no mundo. \u00c9 uma colabora\u00e7\u00e3o com a nossa arte e cultura\u201d, disse<\/p>\n<p style=\"text-align: justify;\">A exposi\u00e7\u00e3o ser\u00e1 monitorada pelos funcion\u00e1rios do espa\u00e7o cultural que est\u00e3o preparados para serem multiplicadores de informa\u00e7\u00f5es sobre os trabalhos expostos. A mostra est\u00e1 aberta ao p\u00fablico em geral.<\/p>\n<div id=\":oq\" class=\"ii gt\" style=\"text-align: justify;\">\n<div id=\":or\" class=\"a3s aiL \">\n<div class=\"yj6qo\"><a href=\"http:\/\/folhadosudeste.com\/site\/wp-content\/uploads\/2022\/05\/DSC_0151.jpg\"><img loading=\"lazy\" decoding=\"async\" class=\"alignnone size-full wp-image-81663\" src=\"http:\/\/folhadosudeste.com\/site\/wp-content\/uploads\/2022\/05\/DSC_0151.jpg\" alt=\"\" width=\"2048\" height=\"1362\" srcset=\"https:\/\/folhadosudeste.com\/site\/wp-content\/uploads\/2022\/05\/DSC_0151.jpg 2048w, https:\/\/folhadosudeste.com\/site\/wp-content\/uploads\/2022\/05\/DSC_0151-300x199.jpg 300w, https:\/\/folhadosudeste.com\/site\/wp-content\/uploads\/2022\/05\/DSC_0151-768x511.jpg 768w, https:\/\/folhadosudeste.com\/site\/wp-content\/uploads\/2022\/05\/DSC_0151-1024x681.jpg 1024w, https:\/\/folhadosudeste.com\/site\/wp-content\/uploads\/2022\/05\/DSC_0151-120x80.jpg 120w, https:\/\/folhadosudeste.com\/site\/wp-content\/uploads\/2022\/05\/DSC_0151-345x230.jpg 345w\" sizes=\"auto, (max-width: 2048px) 100vw, 2048px\" \/><\/a> <a href=\"http:\/\/folhadosudeste.com\/site\/wp-content\/uploads\/2022\/05\/DSC_0126.jpg\"><img loading=\"lazy\" decoding=\"async\" class=\"alignnone size-full wp-image-81664\" src=\"http:\/\/folhadosudeste.com\/site\/wp-content\/uploads\/2022\/05\/DSC_0126.jpg\" alt=\"\" width=\"2048\" height=\"1362\" srcset=\"https:\/\/folhadosudeste.com\/site\/wp-content\/uploads\/2022\/05\/DSC_0126.jpg 2048w, https:\/\/folhadosudeste.com\/site\/wp-content\/uploads\/2022\/05\/DSC_0126-300x199.jpg 300w, https:\/\/folhadosudeste.com\/site\/wp-content\/uploads\/2022\/05\/DSC_0126-768x511.jpg 768w, https:\/\/folhadosudeste.com\/site\/wp-content\/uploads\/2022\/05\/DSC_0126-1024x681.jpg 1024w, https:\/\/folhadosudeste.com\/site\/wp-content\/uploads\/2022\/05\/DSC_0126-120x80.jpg 120w, https:\/\/folhadosudeste.com\/site\/wp-content\/uploads\/2022\/05\/DSC_0126-345x230.jpg 345w\" sizes=\"auto, (max-width: 2048px) 100vw, 2048px\" \/><\/a> <a href=\"http:\/\/folhadosudeste.com\/site\/wp-content\/uploads\/2022\/05\/DSC_0238.jpg\"><img loading=\"lazy\" decoding=\"async\" class=\"alignnone size-full wp-image-81665\" src=\"http:\/\/folhadosudeste.com\/site\/wp-content\/uploads\/2022\/05\/DSC_0238.jpg\" alt=\"\" width=\"2048\" height=\"1362\" srcset=\"https:\/\/folhadosudeste.com\/site\/wp-content\/uploads\/2022\/05\/DSC_0238.jpg 2048w, https:\/\/folhadosudeste.com\/site\/wp-content\/uploads\/2022\/05\/DSC_0238-300x199.jpg 300w, https:\/\/folhadosudeste.com\/site\/wp-content\/uploads\/2022\/05\/DSC_0238-768x511.jpg 768w, https:\/\/folhadosudeste.com\/site\/wp-content\/uploads\/2022\/05\/DSC_0238-1024x681.jpg 1024w, https:\/\/folhadosudeste.com\/site\/wp-content\/uploads\/2022\/05\/DSC_0238-120x80.jpg 120w, https:\/\/folhadosudeste.com\/site\/wp-content\/uploads\/2022\/05\/DSC_0238-345x230.jpg 345w\" sizes=\"auto, (max-width: 2048px) 100vw, 2048px\" \/><\/a><\/div>\n<div class=\"adL\">&nbsp;<\/div>\n<\/div>\n<\/div>\n<div id=\":rs\" class=\"hq gt\" style=\"text-align: justify;\">&nbsp;<\/div>\n","protected":false},"excerpt":{"rendered":"<p>A Exposi\u00e7\u00e3o \u2018Nise \u2013 A revolu\u00e7\u00e3o pelo afeto\u2019, que esteve nos Centros Culturais do Banco do Brasil do Rio de Janeiro e Belo Horizonte (CCBB), est\u00e1 a mostra no Grande Hotel Muriah\u00e9 entre os dias 10 de maio e 10 de julho. Ela ficar\u00e1 aberta a visita\u00e7\u00e3o de segunda a sexta-feira, no hor\u00e1rio 8h \u00e0s [&hellip;]<\/p>\n","protected":false},"author":6,"featured_media":0,"comment_status":"open","ping_status":"closed","sticky":false,"template":"","format":"standard","meta":{"_joinchat":[],"footnotes":""},"categories":[1],"tags":[],"class_list":["post-81661","post","type-post","status-publish","format-standard","hentry","category-sem-categoria"],"_links":{"self":[{"href":"https:\/\/folhadosudeste.com\/site\/index.php?rest_route=\/wp\/v2\/posts\/81661","targetHints":{"allow":["GET"]}}],"collection":[{"href":"https:\/\/folhadosudeste.com\/site\/index.php?rest_route=\/wp\/v2\/posts"}],"about":[{"href":"https:\/\/folhadosudeste.com\/site\/index.php?rest_route=\/wp\/v2\/types\/post"}],"author":[{"embeddable":true,"href":"https:\/\/folhadosudeste.com\/site\/index.php?rest_route=\/wp\/v2\/users\/6"}],"replies":[{"embeddable":true,"href":"https:\/\/folhadosudeste.com\/site\/index.php?rest_route=%2Fwp%2Fv2%2Fcomments&post=81661"}],"version-history":[{"count":4,"href":"https:\/\/folhadosudeste.com\/site\/index.php?rest_route=\/wp\/v2\/posts\/81661\/revisions"}],"predecessor-version":[{"id":81679,"href":"https:\/\/folhadosudeste.com\/site\/index.php?rest_route=\/wp\/v2\/posts\/81661\/revisions\/81679"}],"wp:attachment":[{"href":"https:\/\/folhadosudeste.com\/site\/index.php?rest_route=%2Fwp%2Fv2%2Fmedia&parent=81661"}],"wp:term":[{"taxonomy":"category","embeddable":true,"href":"https:\/\/folhadosudeste.com\/site\/index.php?rest_route=%2Fwp%2Fv2%2Fcategories&post=81661"},{"taxonomy":"post_tag","embeddable":true,"href":"https:\/\/folhadosudeste.com\/site\/index.php?rest_route=%2Fwp%2Fv2%2Ftags&post=81661"}],"curies":[{"name":"wp","href":"https:\/\/api.w.org\/{rel}","templated":true}]}}