{"id":81683,"date":"2022-05-10T16:46:57","date_gmt":"2022-05-10T16:46:57","guid":{"rendered":"http:\/\/folhadosudeste.com\/site\/?p=81683"},"modified":"2022-05-10T16:46:57","modified_gmt":"2022-05-10T16:46:57","slug":"quarta-tem-feira-evaldo-calcagno-com-musica-ao-vivo","status":"publish","type":"post","link":"https:\/\/folhadosudeste.com\/site\/?p=81683","title":{"rendered":"Quarta tem feira Evaldo Calcagno com m\u00fasica ao vivo"},"content":{"rendered":"<p style=\"text-align: justify;\"><a href=\"http:\/\/folhadosudeste.com\/site\/wp-content\/uploads\/2022\/05\/Feira-Evaldo-Calcagno-1.jpg\"><img loading=\"lazy\" decoding=\"async\" class=\"alignnone size-full wp-image-81684\" src=\"http:\/\/folhadosudeste.com\/site\/wp-content\/uploads\/2022\/05\/Feira-Evaldo-Calcagno-1.jpg\" alt=\"\" width=\"1280\" height=\"853\" srcset=\"https:\/\/folhadosudeste.com\/site\/wp-content\/uploads\/2022\/05\/Feira-Evaldo-Calcagno-1.jpg 1280w, https:\/\/folhadosudeste.com\/site\/wp-content\/uploads\/2022\/05\/Feira-Evaldo-Calcagno-1-300x200.jpg 300w, https:\/\/folhadosudeste.com\/site\/wp-content\/uploads\/2022\/05\/Feira-Evaldo-Calcagno-1-768x512.jpg 768w, https:\/\/folhadosudeste.com\/site\/wp-content\/uploads\/2022\/05\/Feira-Evaldo-Calcagno-1-1024x682.jpg 1024w, https:\/\/folhadosudeste.com\/site\/wp-content\/uploads\/2022\/05\/Feira-Evaldo-Calcagno-1-120x80.jpg 120w, https:\/\/folhadosudeste.com\/site\/wp-content\/uploads\/2022\/05\/Feira-Evaldo-Calcagno-1-345x230.jpg 345w\" sizes=\"auto, (max-width: 1280px) 100vw, 1280px\" \/><\/a><\/p>\n<div id=\":4s\" class=\"ii gt\" style=\"text-align: justify;\">\n<div id=\":4t\" class=\"a3s aiL \">\n<div dir=\"ltr\">\n<p>A Feira Evaldo Calcagno acontecer\u00e1 nesta quarta-feira (11), \u00e0s 17h, na Pra\u00e7a Coronel Pacheco de Medeiros. O evento reunir\u00e1 barracas, espa\u00e7o Kids, gastronomia e m\u00fasica ao vivo proporcionando um ambiente de confraterniza\u00e7\u00e3o entre muriaeenses e visitantes.<\/p>\n<p align=\"justify\">Estar\u00e3o expostas tendas com as mais diversificadas especiarias, al\u00e9m de artesanato, exposi\u00e7\u00f5es de telas, objetos e artigos variados.<\/p>\n<p align=\"justify\">No espa\u00e7o \u2018Kids\u2019 haver\u00e1 lan\u00e7amento do livro infantil: &#8220;Estrelinha, a Calopsita&#8221; da autora Vanda Pinheiro.<\/p>\n<p align=\"justify\">A \u00e1rea gastron\u00f4mica ser\u00e1 composta de tendas com comidas e bebidas. As festividades ser\u00e3o embaladas ao som de Carol Tavares.&nbsp;<\/p>\n<\/div>\n<div class=\"yj6qo\">&nbsp;<\/div>\n<div class=\"adL\">&nbsp;<\/div>\n<\/div>\n<\/div>\n<div id=\":2e\" class=\"hq gt a10\" style=\"text-align: justify;\">&nbsp;<\/div>\n","protected":false},"excerpt":{"rendered":"<p>A Feira Evaldo Calcagno acontecer\u00e1 nesta quarta-feira (11), \u00e0s 17h, na Pra\u00e7a Coronel Pacheco de Medeiros. O evento reunir\u00e1 barracas, espa\u00e7o Kids, gastronomia e m\u00fasica ao vivo proporcionando um ambiente de confraterniza\u00e7\u00e3o entre muriaeenses e visitantes. Estar\u00e3o expostas tendas com as mais diversificadas especiarias, al\u00e9m de artesanato, exposi\u00e7\u00f5es de telas, objetos e artigos variados. No [&hellip;]<\/p>\n","protected":false},"author":6,"featured_media":0,"comment_status":"open","ping_status":"closed","sticky":false,"template":"","format":"standard","meta":{"_joinchat":[],"footnotes":""},"categories":[1],"tags":[],"class_list":["post-81683","post","type-post","status-publish","format-standard","hentry","category-sem-categoria"],"_links":{"self":[{"href":"https:\/\/folhadosudeste.com\/site\/index.php?rest_route=\/wp\/v2\/posts\/81683","targetHints":{"allow":["GET"]}}],"collection":[{"href":"https:\/\/folhadosudeste.com\/site\/index.php?rest_route=\/wp\/v2\/posts"}],"about":[{"href":"https:\/\/folhadosudeste.com\/site\/index.php?rest_route=\/wp\/v2\/types\/post"}],"author":[{"embeddable":true,"href":"https:\/\/folhadosudeste.com\/site\/index.php?rest_route=\/wp\/v2\/users\/6"}],"replies":[{"embeddable":true,"href":"https:\/\/folhadosudeste.com\/site\/index.php?rest_route=%2Fwp%2Fv2%2Fcomments&post=81683"}],"version-history":[{"count":1,"href":"https:\/\/folhadosudeste.com\/site\/index.php?rest_route=\/wp\/v2\/posts\/81683\/revisions"}],"predecessor-version":[{"id":81685,"href":"https:\/\/folhadosudeste.com\/site\/index.php?rest_route=\/wp\/v2\/posts\/81683\/revisions\/81685"}],"wp:attachment":[{"href":"https:\/\/folhadosudeste.com\/site\/index.php?rest_route=%2Fwp%2Fv2%2Fmedia&parent=81683"}],"wp:term":[{"taxonomy":"category","embeddable":true,"href":"https:\/\/folhadosudeste.com\/site\/index.php?rest_route=%2Fwp%2Fv2%2Fcategories&post=81683"},{"taxonomy":"post_tag","embeddable":true,"href":"https:\/\/folhadosudeste.com\/site\/index.php?rest_route=%2Fwp%2Fv2%2Ftags&post=81683"}],"curies":[{"name":"wp","href":"https:\/\/api.w.org\/{rel}","templated":true}]}}