{"id":81710,"date":"2022-05-11T14:29:05","date_gmt":"2022-05-11T14:29:05","guid":{"rendered":"http:\/\/folhadosudeste.com\/site\/?p=81710"},"modified":"2022-05-11T14:29:34","modified_gmt":"2022-05-11T14:29:34","slug":"procon-muriae-divulga-primeiro-balanco-de-atendimentos-de-2022","status":"publish","type":"post","link":"https:\/\/folhadosudeste.com\/site\/?p=81710","title":{"rendered":"Procon Muria\u00e9 divulga primeiro balan\u00e7o de atendimentos de 2022"},"content":{"rendered":"<div id=\":uw\" class=\"ii gt\">\n<div id=\":uv\" class=\"a3s aiL \">\n<div dir=\"ltr\">\n<div dir=\"ltr\">\n<div><a href=\"http:\/\/folhadosudeste.com\/site\/wp-content\/uploads\/2022\/05\/procon-logo.jpg\"><img loading=\"lazy\" decoding=\"async\" class=\"size-full wp-image-81713 aligncenter\" src=\"http:\/\/folhadosudeste.com\/site\/wp-content\/uploads\/2022\/05\/procon-logo.jpg\" alt=\"\" width=\"648\" height=\"544\" srcset=\"https:\/\/folhadosudeste.com\/site\/wp-content\/uploads\/2022\/05\/procon-logo.jpg 648w, https:\/\/folhadosudeste.com\/site\/wp-content\/uploads\/2022\/05\/procon-logo-300x252.jpg 300w\" sizes=\"auto, (max-width: 648px) 100vw, 648px\" \/><\/a><\/div>\n<div style=\"text-align: justify;\">O Procon de Muria\u00e9 fechou o primeiro trimestre de trabalho em 2022 com 1.286 atendimentos prestados aos consumidores muriaeenses. Os n\u00fameros referem-se aos meses de fevereiro, mar\u00e7o e abril &#8211; em janeiro, n\u00e3o houve funcionamento da unidade em raz\u00e3o de f\u00e9rias coletivas.<\/div>\n<div style=\"text-align: justify;\">&nbsp;<\/div>\n<div style=\"text-align: justify;\">A pauta recordista de reclama\u00e7\u00f5es foi a de resolu\u00e7\u00e3o de assuntos financeiros (tais como empr\u00e9stimos consignados e cart\u00f5es n\u00e3o solicitados), com 292 atendimentos. Em seguida, uma &#8220;antiga conhecida&#8221; do Procon: a telefonia, com 270. Juntos, os dois temas equivalem a quase 50% dos casos que chegaram ao Procon nesses tr\u00eas primeiros meses.<\/div>\n<div style=\"text-align: justify;\">&nbsp;<\/div>\n<div style=\"text-align: justify;\">Neste mesmo per\u00edodo, foram realizadas 189 audi\u00eancias de concilia\u00e7\u00e3o, com 45% delas chegando a um acordo entre as partes.&#8221;Os n\u00fameros demonstram, de forma clara, que o Procon tem sido um importante agente facilitador no acesso dos consumidores aos seus direitos&#8221;, destaca o coordenador da unidade de Muria\u00e9, Cristiano de Assis.<\/div>\n<\/div>\n<\/div>\n<\/div>\n<\/div>\n<p><!--more--><\/p>\n<div dir=\"ltr\">\n<div dir=\"ltr\">\n<div style=\"text-align: justify;\">Outras pautas que tamb\u00e9m estiveram entre as campe\u00e3s de reclama\u00e7\u00e3o dos consumidores foram assist\u00eancia t\u00e9cnica de produtos, compras pela internet e superendividamento. Al\u00e9m desses, tamb\u00e9m foram feitos atendimentos relacionados a pre\u00e7o de combust\u00edveis e alimentos, entrega e troca de produtos, planos e servi\u00e7o de sa\u00fade, seguros e cons\u00f3rcios, dentre outros ramos.<\/div>\n<\/div>\n<\/div>\n<div class=\"yj6qo\" style=\"text-align: justify;\"><a href=\"http:\/\/folhadosudeste.com\/site\/wp-content\/uploads\/2022\/05\/procon.jpeg\"><img loading=\"lazy\" decoding=\"async\" class=\"alignnone size-full wp-image-81711\" src=\"http:\/\/folhadosudeste.com\/site\/wp-content\/uploads\/2022\/05\/procon.jpeg\" alt=\"\" width=\"1080\" height=\"1080\" srcset=\"https:\/\/folhadosudeste.com\/site\/wp-content\/uploads\/2022\/05\/procon.jpeg 1080w, https:\/\/folhadosudeste.com\/site\/wp-content\/uploads\/2022\/05\/procon-150x150.jpeg 150w, https:\/\/folhadosudeste.com\/site\/wp-content\/uploads\/2022\/05\/procon-300x300.jpeg 300w, https:\/\/folhadosudeste.com\/site\/wp-content\/uploads\/2022\/05\/procon-768x768.jpeg 768w, https:\/\/folhadosudeste.com\/site\/wp-content\/uploads\/2022\/05\/procon-1024x1024.jpeg 1024w\" sizes=\"auto, (max-width: 1080px) 100vw, 1080px\" \/><\/a><\/div>\n<div id=\":uy\" class=\"hq gt\" style=\"text-align: justify;\">&nbsp;<\/div>\n","protected":false},"excerpt":{"rendered":"<p>O Procon de Muria\u00e9 fechou o primeiro trimestre de trabalho em 2022 com 1.286 atendimentos prestados aos consumidores muriaeenses. Os n\u00fameros referem-se aos meses de fevereiro, mar\u00e7o e abril &#8211; em janeiro, n\u00e3o houve funcionamento da unidade em raz\u00e3o de f\u00e9rias coletivas. &nbsp; A pauta recordista de reclama\u00e7\u00f5es foi a de resolu\u00e7\u00e3o de assuntos financeiros [&hellip;]<\/p>\n","protected":false},"author":6,"featured_media":0,"comment_status":"open","ping_status":"closed","sticky":false,"template":"","format":"standard","meta":{"_joinchat":[],"footnotes":""},"categories":[1],"tags":[],"class_list":["post-81710","post","type-post","status-publish","format-standard","hentry","category-sem-categoria"],"_links":{"self":[{"href":"https:\/\/folhadosudeste.com\/site\/index.php?rest_route=\/wp\/v2\/posts\/81710","targetHints":{"allow":["GET"]}}],"collection":[{"href":"https:\/\/folhadosudeste.com\/site\/index.php?rest_route=\/wp\/v2\/posts"}],"about":[{"href":"https:\/\/folhadosudeste.com\/site\/index.php?rest_route=\/wp\/v2\/types\/post"}],"author":[{"embeddable":true,"href":"https:\/\/folhadosudeste.com\/site\/index.php?rest_route=\/wp\/v2\/users\/6"}],"replies":[{"embeddable":true,"href":"https:\/\/folhadosudeste.com\/site\/index.php?rest_route=%2Fwp%2Fv2%2Fcomments&post=81710"}],"version-history":[{"count":2,"href":"https:\/\/folhadosudeste.com\/site\/index.php?rest_route=\/wp\/v2\/posts\/81710\/revisions"}],"predecessor-version":[{"id":81714,"href":"https:\/\/folhadosudeste.com\/site\/index.php?rest_route=\/wp\/v2\/posts\/81710\/revisions\/81714"}],"wp:attachment":[{"href":"https:\/\/folhadosudeste.com\/site\/index.php?rest_route=%2Fwp%2Fv2%2Fmedia&parent=81710"}],"wp:term":[{"taxonomy":"category","embeddable":true,"href":"https:\/\/folhadosudeste.com\/site\/index.php?rest_route=%2Fwp%2Fv2%2Fcategories&post=81710"},{"taxonomy":"post_tag","embeddable":true,"href":"https:\/\/folhadosudeste.com\/site\/index.php?rest_route=%2Fwp%2Fv2%2Ftags&post=81710"}],"curies":[{"name":"wp","href":"https:\/\/api.w.org\/{rel}","templated":true}]}}