{"id":81715,"date":"2022-05-11T20:41:38","date_gmt":"2022-05-11T20:41:38","guid":{"rendered":"http:\/\/folhadosudeste.com\/site\/?p=81715"},"modified":"2022-05-11T20:41:38","modified_gmt":"2022-05-11T20:41:38","slug":"sabado-de-vacinacao-em-muriae-contra-covid-gripe-e-outras-doencas-veja-informacoes","status":"publish","type":"post","link":"https:\/\/folhadosudeste.com\/site\/?p=81715","title":{"rendered":"S\u00e1bado de vacina\u00e7\u00e3o em Muria\u00e9 contra covid, gripe e outras doen\u00e7as; veja informa\u00e7\u00f5es"},"content":{"rendered":"<div><a href=\"http:\/\/folhadosudeste.com\/site\/wp-content\/uploads\/2022\/05\/sabadao.jpeg\"><img loading=\"lazy\" decoding=\"async\" class=\"alignnone size-full wp-image-81716\" src=\"http:\/\/folhadosudeste.com\/site\/wp-content\/uploads\/2022\/05\/sabadao.jpeg\" alt=\"\" width=\"1024\" height=\"1280\" srcset=\"https:\/\/folhadosudeste.com\/site\/wp-content\/uploads\/2022\/05\/sabadao.jpeg 1024w, https:\/\/folhadosudeste.com\/site\/wp-content\/uploads\/2022\/05\/sabadao-240x300.jpeg 240w, https:\/\/folhadosudeste.com\/site\/wp-content\/uploads\/2022\/05\/sabadao-768x960.jpeg 768w, https:\/\/folhadosudeste.com\/site\/wp-content\/uploads\/2022\/05\/sabadao-819x1024.jpeg 819w\" sizes=\"auto, (max-width: 1024px) 100vw, 1024px\" \/><\/a><\/div>\n<div style=\"text-align: justify;\">Muria\u00e9 ter\u00e1 mais uma edi\u00e7\u00e3o do &#8220;Sabad\u00e3o da Vacina&#8221;. O mutir\u00e3o promovido pela Prefeitura, atrav\u00e9s da Secretaria Municipal de Sa\u00fade, acontece no pr\u00f3ximo s\u00e1bado, dia 14, com aplica\u00e7\u00e3o de imunizantes contra covid-19, gripe influenza e tamb\u00e9m das vacinas de rotina.<\/div>\n<div style=\"text-align: justify;\">&nbsp;<\/div>\n<div style=\"text-align: justify;\">Veja os locais e hor\u00e1rios:<\/div>\n<div style=\"text-align: justify;\">&nbsp;<\/div>\n<div style=\"text-align: justify;\">COVID &#8211; ADULTOS E ADOLESCENTES (A PARTIR DE 12 ANOS)<\/div>\n<div style=\"text-align: justify;\">Local: UBS S\u00e3o Francisco<\/div>\n<div style=\"text-align: justify;\">Hor\u00e1rio: Das 8h \u00e0s 12h<\/div>\n<div style=\"text-align: justify;\">Doses: todas (dose 1, dose 2, dose adicional para imunossuprimidos, refor\u00e7o 1 e refor\u00e7o 2)<\/div>\n<div style=\"text-align: justify;\">Imunizantes dispon\u00edveis: todos (Astrazeneca, Coronavac, Janssen e Pfizer)<\/div>\n<div style=\"text-align: justify;\">&nbsp;<\/div>\n<div style=\"text-align: justify;\">COVID &#8211; CRIAN\u00c7AS (DE 5 A 11 ANOS)<\/div>\n<div style=\"text-align: justify;\">Local: UBS Barra 1 (atr\u00e1s da &#8220;Pra\u00e7a do Trabalhador&#8221;)<\/div>\n<div style=\"text-align: justify;\">Hor\u00e1rio: das 8h \u00e0s 12h<\/div>\n<div style=\"text-align: justify;\">Doses: 1\u00aa e 2\u00aa<\/div>\n<div style=\"text-align: justify;\">Imunizantes dispon\u00edveis: Coronavac e Pfizer Infantil<\/div>\n<div style=\"text-align: justify;\">&nbsp;<\/div>\n<div style=\"text-align: justify;\">GRIPE INFLUENZA (APENAS P\u00daBLICOS J\u00c1 AUTORIZADOS)<\/div>\n<div style=\"text-align: justify;\">Local: UBS Cardoso de Melo, Santo Ant\u00f4nio e S\u00e3o Pedro<\/div>\n<div style=\"text-align: justify;\">Hor\u00e1rio: das 7h as 13h<\/div>\n<div style=\"text-align: justify;\">P\u00fablico-alvo: Idosos (a partir de 60 anos), gestantes, pu\u00e9rperas, pessoas com comorbidades e\/ou defici\u00eancia permanente, caminhoneiros, trabalhadores do transporte coletivo, For\u00e7as Armadas, de Seguran\u00e7a e Salvamento, funcion\u00e1rios do sistema de priva\u00e7\u00e3o da liberdade<\/div>\n<p><!--more--><\/p>\n<div style=\"text-align: justify;\">VACINAS DE ROTINA<\/div>\n<div style=\"text-align: justify;\">Local: UBS Cardoso de Melo, Santo Ant\u00f4nio e S\u00e3o Pedro<\/div>\n<div style=\"text-align: justify;\">Hor\u00e1rio: das 7h as 13h<\/div>\n<div style=\"text-align: justify;\">Vacinas dispon\u00edveis: antitet\u00e2nitca, febre amarela, hepatite (A e B), HPV, meningite (C e ACWY), pentavalente, pneumoc\u00f3cica 10, poliomielite (VIP e VOP), rotav\u00edrus, triviral, tr\u00edplice bacteriana (DT e DTPA), varicela<\/div>\n<div class=\"yj6qo\" style=\"text-align: justify;\">&nbsp;<\/div>\n<div class=\"adL\" style=\"text-align: justify;\">&nbsp;<\/div>\n","protected":false},"excerpt":{"rendered":"<p>Muria\u00e9 ter\u00e1 mais uma edi\u00e7\u00e3o do &#8220;Sabad\u00e3o da Vacina&#8221;. O mutir\u00e3o promovido pela Prefeitura, atrav\u00e9s da Secretaria Municipal de Sa\u00fade, acontece no pr\u00f3ximo s\u00e1bado, dia 14, com aplica\u00e7\u00e3o de imunizantes contra covid-19, gripe influenza e tamb\u00e9m das vacinas de rotina. &nbsp; Veja os locais e hor\u00e1rios: &nbsp; COVID &#8211; ADULTOS E ADOLESCENTES (A PARTIR DE [&hellip;]<\/p>\n","protected":false},"author":6,"featured_media":0,"comment_status":"open","ping_status":"closed","sticky":false,"template":"","format":"standard","meta":{"_joinchat":[],"footnotes":""},"categories":[1],"tags":[],"class_list":["post-81715","post","type-post","status-publish","format-standard","hentry","category-sem-categoria"],"_links":{"self":[{"href":"https:\/\/folhadosudeste.com\/site\/index.php?rest_route=\/wp\/v2\/posts\/81715","targetHints":{"allow":["GET"]}}],"collection":[{"href":"https:\/\/folhadosudeste.com\/site\/index.php?rest_route=\/wp\/v2\/posts"}],"about":[{"href":"https:\/\/folhadosudeste.com\/site\/index.php?rest_route=\/wp\/v2\/types\/post"}],"author":[{"embeddable":true,"href":"https:\/\/folhadosudeste.com\/site\/index.php?rest_route=\/wp\/v2\/users\/6"}],"replies":[{"embeddable":true,"href":"https:\/\/folhadosudeste.com\/site\/index.php?rest_route=%2Fwp%2Fv2%2Fcomments&post=81715"}],"version-history":[{"count":1,"href":"https:\/\/folhadosudeste.com\/site\/index.php?rest_route=\/wp\/v2\/posts\/81715\/revisions"}],"predecessor-version":[{"id":81717,"href":"https:\/\/folhadosudeste.com\/site\/index.php?rest_route=\/wp\/v2\/posts\/81715\/revisions\/81717"}],"wp:attachment":[{"href":"https:\/\/folhadosudeste.com\/site\/index.php?rest_route=%2Fwp%2Fv2%2Fmedia&parent=81715"}],"wp:term":[{"taxonomy":"category","embeddable":true,"href":"https:\/\/folhadosudeste.com\/site\/index.php?rest_route=%2Fwp%2Fv2%2Fcategories&post=81715"},{"taxonomy":"post_tag","embeddable":true,"href":"https:\/\/folhadosudeste.com\/site\/index.php?rest_route=%2Fwp%2Fv2%2Ftags&post=81715"}],"curies":[{"name":"wp","href":"https:\/\/api.w.org\/{rel}","templated":true}]}}