{"id":81718,"date":"2022-05-12T14:06:09","date_gmt":"2022-05-12T14:06:09","guid":{"rendered":"http:\/\/folhadosudeste.com\/site\/?p=81718"},"modified":"2022-05-12T14:08:38","modified_gmt":"2022-05-12T14:08:38","slug":"encontro-na-sexta-feira-falara-sobre-nise-da-silveira","status":"publish","type":"post","link":"https:\/\/folhadosudeste.com\/site\/?p=81718","title":{"rendered":"Encontro na sexta &#8211; feira falar\u00e1 sobre Nise da Silveira"},"content":{"rendered":"<p align=\"justify\"><a href=\"http:\/\/folhadosudeste.com\/site\/wp-content\/uploads\/2022\/05\/Palestra-Nise.16-de-maio.jpg\"><img loading=\"lazy\" decoding=\"async\" class=\"size-full wp-image-81719 aligncenter\" src=\"http:\/\/folhadosudeste.com\/site\/wp-content\/uploads\/2022\/05\/Palestra-Nise.16-de-maio.jpg\" alt=\"\" width=\"461\" height=\"410\" srcset=\"https:\/\/folhadosudeste.com\/site\/wp-content\/uploads\/2022\/05\/Palestra-Nise.16-de-maio.jpg 461w, https:\/\/folhadosudeste.com\/site\/wp-content\/uploads\/2022\/05\/Palestra-Nise.16-de-maio-300x267.jpg 300w\" sizes=\"auto, (max-width: 461px) 100vw, 461px\" \/><\/a><\/p>\n<p style=\"text-align: justify;\" align=\"justify\">A Prefeitura de Muria\u00e9, Secretaria Municipal de Sa\u00fade e Fundarte convidam a todos para participarem da palestra \u201cUm encontro para falar de Nise da Silveira e sua revolu\u00e7\u00e3o do afeto\u201d, que acontecer\u00e1 nesta sexta-feira (13), \u00e0s 19h, no audit\u00f3rio do Col\u00e9gio Santa Marcelina &#8211; Rua Doutor Ant\u00f4nio Can\u00eado \u2013 Centro.<\/p>\n<p style=\"text-align: justify;\" align=\"justify\">O palestrante Vitor Pordeus \u00e9 m\u00e9dico psiquiatra, ator, professor e consultor de conte\u00fados sobre Nise da Silveira. O evento \u00e9 gratuito e de relev\u00e2ncia para profissionais e estudantes das \u00e1reas de sa\u00fade mental, psiquiatria e psicologia, assim como sociologia e servi\u00e7o social.<\/p>\n<p style=\"text-align: justify;\"><b>Nise da Silveira<\/b><\/p>\n<p style=\"text-align: justify;\"><strong><span style=\"color: #020202;\"><span style=\"font-family: Arial, sans-serif;\">Nise da Silveira&nbsp;<\/span><\/span><\/strong><span style=\"color: #020202;\"><strong>\u00e9 uma m<\/strong><\/span><span style=\"color: #020202;\">\u00e9dica psiquiatra,&nbsp;que&nbsp;foi a \u00fanica mulher entre mais de&nbsp;150&nbsp;homens, a se formar em Medicina, na Bahia, em 1926.&nbsp;A&nbsp;profissional passou por muitas experi\u00eancias&nbsp;dentro dos&nbsp;manic\u00f4mios&nbsp;e, portanto,&nbsp;fez constatar o poder que a arte tem de curar.<\/span><\/p>\n<p>Como cientista, ela levou a pesquisa adiante com experimentos para tratamento de sa\u00fade mental, baseados em afeto e express\u00f5es art\u00edsticas. A sua hist\u00f3ria \u00e9 inspiradora e est\u00e1 estampada pelas paredes do Grande Hotel Muriah\u00e9.<\/p>\n<p>O espa\u00e7o est\u00e1 composto de diversos quadros, esculturas e afins. S\u00e3o cerca de 100 obras que pertencem ao acervo do Museu de Imagens do Inconsciente.<\/p>\n<p align=\"justify\"><!--more--><\/p>\n<p>Entre elas tem, por exemplo, trabalhos de artistas como Lygia Clark, Abraham Palatinik, Z\u00e9 Carlos Garcia, Leon Hirzsman e Carlos Vergara. Mesmo que de gera\u00e7\u00f5es diferentes, todos eles foram afetados pelas ideias de Nise.<\/p>\n<p>A curadoria de&nbsp;Nise da Silveira \u2013 A revolu\u00e7\u00e3o pelo afeto\u00e9 do Est\u00fadio M\u2019 Barak\u00e1, com consultoria do psiquiatra Vitor Pordeus&nbsp;e do&nbsp;muse\u00f3logo Eur\u00edpedes J\u00fanior.<\/p>\n","protected":false},"excerpt":{"rendered":"<p>A Prefeitura de Muria\u00e9, Secretaria Municipal de Sa\u00fade e Fundarte convidam a todos para participarem da palestra \u201cUm encontro para falar de Nise da Silveira e sua revolu\u00e7\u00e3o do afeto\u201d, que acontecer\u00e1 nesta sexta-feira (13), \u00e0s 19h, no audit\u00f3rio do Col\u00e9gio Santa Marcelina &#8211; Rua Doutor Ant\u00f4nio Can\u00eado \u2013 Centro. O palestrante Vitor Pordeus \u00e9 [&hellip;]<\/p>\n","protected":false},"author":6,"featured_media":0,"comment_status":"open","ping_status":"closed","sticky":false,"template":"","format":"standard","meta":{"_joinchat":[],"footnotes":""},"categories":[1],"tags":[],"class_list":["post-81718","post","type-post","status-publish","format-standard","hentry","category-sem-categoria"],"_links":{"self":[{"href":"https:\/\/folhadosudeste.com\/site\/index.php?rest_route=\/wp\/v2\/posts\/81718","targetHints":{"allow":["GET"]}}],"collection":[{"href":"https:\/\/folhadosudeste.com\/site\/index.php?rest_route=\/wp\/v2\/posts"}],"about":[{"href":"https:\/\/folhadosudeste.com\/site\/index.php?rest_route=\/wp\/v2\/types\/post"}],"author":[{"embeddable":true,"href":"https:\/\/folhadosudeste.com\/site\/index.php?rest_route=\/wp\/v2\/users\/6"}],"replies":[{"embeddable":true,"href":"https:\/\/folhadosudeste.com\/site\/index.php?rest_route=%2Fwp%2Fv2%2Fcomments&post=81718"}],"version-history":[{"count":4,"href":"https:\/\/folhadosudeste.com\/site\/index.php?rest_route=\/wp\/v2\/posts\/81718\/revisions"}],"predecessor-version":[{"id":81723,"href":"https:\/\/folhadosudeste.com\/site\/index.php?rest_route=\/wp\/v2\/posts\/81718\/revisions\/81723"}],"wp:attachment":[{"href":"https:\/\/folhadosudeste.com\/site\/index.php?rest_route=%2Fwp%2Fv2%2Fmedia&parent=81718"}],"wp:term":[{"taxonomy":"category","embeddable":true,"href":"https:\/\/folhadosudeste.com\/site\/index.php?rest_route=%2Fwp%2Fv2%2Fcategories&post=81718"},{"taxonomy":"post_tag","embeddable":true,"href":"https:\/\/folhadosudeste.com\/site\/index.php?rest_route=%2Fwp%2Fv2%2Ftags&post=81718"}],"curies":[{"name":"wp","href":"https:\/\/api.w.org\/{rel}","templated":true}]}}