{"id":81742,"date":"2022-05-13T17:37:58","date_gmt":"2022-05-13T17:37:58","guid":{"rendered":"http:\/\/folhadosudeste.com\/site\/?p=81742"},"modified":"2022-05-13T17:37:58","modified_gmt":"2022-05-13T17:37:58","slug":"pcmg-prende-suspeito-de-cometer-estupro-de-vulneravel-em-visconde-do-rio-branco","status":"publish","type":"post","link":"https:\/\/folhadosudeste.com\/site\/?p=81742","title":{"rendered":"PCMG prende suspeito de cometer estupro de vulner\u00e1vel em Visconde do Rio Branco"},"content":{"rendered":"<p><a href=\"http:\/\/folhadosudeste.com\/site\/wp-content\/uploads\/2022\/05\/foto.jpeg\"><img loading=\"lazy\" decoding=\"async\" class=\"alignnone size-full wp-image-81743\" src=\"http:\/\/folhadosudeste.com\/site\/wp-content\/uploads\/2022\/05\/foto.jpeg\" alt=\"\" width=\"1152\" height=\"648\" srcset=\"https:\/\/folhadosudeste.com\/site\/wp-content\/uploads\/2022\/05\/foto.jpeg 1152w, https:\/\/folhadosudeste.com\/site\/wp-content\/uploads\/2022\/05\/foto-300x169.jpeg 300w, https:\/\/folhadosudeste.com\/site\/wp-content\/uploads\/2022\/05\/foto-768x432.jpeg 768w, https:\/\/folhadosudeste.com\/site\/wp-content\/uploads\/2022\/05\/foto-1024x576.jpeg 1024w\" sizes=\"auto, (max-width: 1152px) 100vw, 1152px\" \/><\/a><\/p>\n<p style=\"text-align: justify;\"><em>O mandado de pris\u00e3o foi cumprido nesta quinta-feira (12\/5).<\/em><\/p>\n<p>A Pol\u00edcia Civil de Minas Gerais (PCMG) prendeu, nesta quinta-feira (12\/5), um homem de 43 anos, em virtude de investiga\u00e7\u00f5es que apuram poss\u00edveis crimes de estupro de vulner\u00e1vel que teriam ocorrido no munic\u00edpio de Visconde do Rio Branco, na Zona da Mata Mineira.&nbsp; Ap\u00f3s trabalhos investigativos, foi cumprido, na mesma cidade, mandado de pris\u00e3o contra o investigado.<\/p>\n<p>O inqu\u00e9rito policial que investiga o caso foi instaurado em mar\u00e7o deste ano, quando a v\u00edtima \u2013 que hoje tem 13 anos \u2013 procurou a Pol\u00edcia Civil para denunciar sobre o crime. Os abusos teriam sido praticados na inf\u00e2ncia dela, entre os anos de 2013 e 2018, quando a v\u00edtima tinha entre cinco e dez anos de idade.<\/p>\n<p>Durante a apura\u00e7\u00e3o dos fatos, tamb\u00e9m foram identificadas outras duas v\u00edtimas que relataram terem sofrido abusos semelhantes entre os anos de 2006 e 2014, quando ainda eram crian\u00e7as, ocorridos em Visconde do Rio Branco e em outra comarca.<\/p>\n<p>A pris\u00e3o foi requerida \u00e0 Justi\u00e7a em raz\u00e3o do investigado ter tentado atrapalhar a colheita de provas, amea\u00e7ando os familiares da v\u00edtima.<\/p>\n<p>Ap\u00f3s formaliza\u00e7\u00e3o do Minist\u00e9rio P\u00fablico, ele foi conduzido ao sistema prisional e permanece \u00e0 disposi\u00e7\u00e3o da Justi\u00e7a.<\/p>\n<div style=\"text-align: justify;\">&nbsp;<\/div>\n","protected":false},"excerpt":{"rendered":"<p>O mandado de pris\u00e3o foi cumprido nesta quinta-feira (12\/5). A Pol\u00edcia Civil de Minas Gerais (PCMG) prendeu, nesta quinta-feira (12\/5), um homem de 43 anos, em virtude de investiga\u00e7\u00f5es que apuram poss\u00edveis crimes de estupro de vulner\u00e1vel que teriam ocorrido no munic\u00edpio de Visconde do Rio Branco, na Zona da Mata Mineira.&nbsp; Ap\u00f3s trabalhos investigativos, [&hellip;]<\/p>\n","protected":false},"author":6,"featured_media":0,"comment_status":"open","ping_status":"closed","sticky":false,"template":"","format":"standard","meta":{"_joinchat":[],"footnotes":""},"categories":[1],"tags":[],"class_list":["post-81742","post","type-post","status-publish","format-standard","hentry","category-sem-categoria"],"_links":{"self":[{"href":"https:\/\/folhadosudeste.com\/site\/index.php?rest_route=\/wp\/v2\/posts\/81742","targetHints":{"allow":["GET"]}}],"collection":[{"href":"https:\/\/folhadosudeste.com\/site\/index.php?rest_route=\/wp\/v2\/posts"}],"about":[{"href":"https:\/\/folhadosudeste.com\/site\/index.php?rest_route=\/wp\/v2\/types\/post"}],"author":[{"embeddable":true,"href":"https:\/\/folhadosudeste.com\/site\/index.php?rest_route=\/wp\/v2\/users\/6"}],"replies":[{"embeddable":true,"href":"https:\/\/folhadosudeste.com\/site\/index.php?rest_route=%2Fwp%2Fv2%2Fcomments&post=81742"}],"version-history":[{"count":1,"href":"https:\/\/folhadosudeste.com\/site\/index.php?rest_route=\/wp\/v2\/posts\/81742\/revisions"}],"predecessor-version":[{"id":81744,"href":"https:\/\/folhadosudeste.com\/site\/index.php?rest_route=\/wp\/v2\/posts\/81742\/revisions\/81744"}],"wp:attachment":[{"href":"https:\/\/folhadosudeste.com\/site\/index.php?rest_route=%2Fwp%2Fv2%2Fmedia&parent=81742"}],"wp:term":[{"taxonomy":"category","embeddable":true,"href":"https:\/\/folhadosudeste.com\/site\/index.php?rest_route=%2Fwp%2Fv2%2Fcategories&post=81742"},{"taxonomy":"post_tag","embeddable":true,"href":"https:\/\/folhadosudeste.com\/site\/index.php?rest_route=%2Fwp%2Fv2%2Ftags&post=81742"}],"curies":[{"name":"wp","href":"https:\/\/api.w.org\/{rel}","templated":true}]}}