{"id":82079,"date":"2022-05-27T16:11:52","date_gmt":"2022-05-27T16:11:52","guid":{"rendered":"http:\/\/folhadosudeste.com\/site\/?p=82079"},"modified":"2022-05-27T16:11:52","modified_gmt":"2022-05-27T16:11:52","slug":"muriae-tera-mutiroes-de-vacina-contra-gripe-e-covid-neste-sabado","status":"publish","type":"post","link":"https:\/\/folhadosudeste.com\/site\/?p=82079","title":{"rendered":"Muria\u00e9 ter\u00e1 mutir\u00f5es de vacina contra gripe e covid neste s\u00e1bado"},"content":{"rendered":"<div style=\"text-align: justify;\"><a href=\"http:\/\/folhadosudeste.com\/site\/wp-content\/uploads\/2022\/05\/61D69508-F7C7-4408-8458-5840EDDB5D9E.jpeg\"><img loading=\"lazy\" decoding=\"async\" class=\"alignnone size-full wp-image-82080\" src=\"http:\/\/folhadosudeste.com\/site\/wp-content\/uploads\/2022\/05\/61D69508-F7C7-4408-8458-5840EDDB5D9E.jpeg\" alt=\"\" width=\"1024\" height=\"1280\" srcset=\"https:\/\/folhadosudeste.com\/site\/wp-content\/uploads\/2022\/05\/61D69508-F7C7-4408-8458-5840EDDB5D9E.jpeg 1024w, https:\/\/folhadosudeste.com\/site\/wp-content\/uploads\/2022\/05\/61D69508-F7C7-4408-8458-5840EDDB5D9E-240x300.jpeg 240w, https:\/\/folhadosudeste.com\/site\/wp-content\/uploads\/2022\/05\/61D69508-F7C7-4408-8458-5840EDDB5D9E-768x960.jpeg 768w, https:\/\/folhadosudeste.com\/site\/wp-content\/uploads\/2022\/05\/61D69508-F7C7-4408-8458-5840EDDB5D9E-819x1024.jpeg 819w\" sizes=\"auto, (max-width: 1024px) 100vw, 1024px\" \/><\/a><br \/>\nO pr\u00f3ximo s\u00e1bado ser\u00e1 de vacina\u00e7\u00e3o contra gripe e covid em Muria\u00e9. A Secretaria Municipal de Sa\u00fade far\u00e1 os mutir\u00f5es em diversos pontos da cidade, com objetivo de seguir imunizando as pessoas contra as doen\u00e7as respirat\u00f3rias, que tendem a se disseminar com mais facilidade nesta \u00e9poca mais fria do ano.<\/div>\n<div>&nbsp;<\/div>\n<div style=\"text-align: justify;\">Veja os detalhes sobre cada mutir\u00e3o:<\/div>\n<div>&nbsp;<\/div>\n<div style=\"text-align: justify;\"><b>COVID &#8211;<\/b> Adultos e adolescentes (a partir de 12 anos) ser\u00e3o atendidos na UBS S\u00e3o Francisco, enquanto a vacina\u00e7\u00e3o das crian\u00e7as (de 5 a 11 anos) acontece no posto Barra 1, localizado atr\u00e1s da &#8220;Pra\u00e7a do Trabalhador&#8221;.<\/div>\n<div>&nbsp;<\/div>\n<div style=\"text-align: justify;\">Haver\u00e1 disponibilidade de Astrazeneca, Coronavac, Janssen e Pfizer para o primeiro p\u00fablico e de Coronavac e Pfizer Infantil para o segundo. O hor\u00e1rio de atendimento para ambos \u00e9 o mesmo: das 8h \u00e0s 12h.<\/div>\n<div>&nbsp;<\/div>\n<div style=\"text-align: justify;\"><b>GRIPE &#8211;<\/b> No momento, a vacina da gripe est\u00e1 dispon\u00edvel para os seguintes p\u00fablicos: idosos, crian\u00e7as de 6 meses a menores de 5 anos, trabalhadores da sa\u00fade, gestantes, pu\u00e9rperas, professores, pessoas com comorbidade \/eou defici\u00eancia permanente, caminhoneiros, trabalhadores do transporte coletivo, For\u00e7as Armadas, de Seguran\u00e7a e Salvamento, al\u00e9m dos funcion\u00e1rios do sistema de priva\u00e7\u00e3o de liberdade.<\/div>\n<p><!--more--><\/p>\n<p style=\"text-align: justify;\">O atendimento ser\u00e1 das 8h \u00e0s 12h nos seguintes postos de sa\u00fade: Barra <a href=\"https:\/\/www.google.com\/maps\/search\/2,+Cardoso+de+Melo?entry=gmail&amp;source=g\">2, Cardoso de Melo<\/a>, Dornelas, Gaspar, Inconfid\u00eancia, Jos\u00e9 Cirilo, Marambaia-Padre Tiago, Planalto, Porto, Safira, Santana, Santa Terezinha, S\u00e3o Crist\u00f3v\u00e3o e S\u00e3o Gotardo, al\u00e9m dos distritos de Belis\u00e1rio, Itamuri e Vermelho.<\/p>\n<p><a href=\"http:\/\/folhadosudeste.com\/site\/wp-content\/uploads\/2022\/05\/7D597AFA-5315-4A8C-BB42-6DBC00142713.jpeg\"><img loading=\"lazy\" decoding=\"async\" class=\"alignnone size-full wp-image-82081\" src=\"http:\/\/folhadosudeste.com\/site\/wp-content\/uploads\/2022\/05\/7D597AFA-5315-4A8C-BB42-6DBC00142713.jpeg\" alt=\"\" width=\"1024\" height=\"1280\" srcset=\"https:\/\/folhadosudeste.com\/site\/wp-content\/uploads\/2022\/05\/7D597AFA-5315-4A8C-BB42-6DBC00142713.jpeg 1024w, https:\/\/folhadosudeste.com\/site\/wp-content\/uploads\/2022\/05\/7D597AFA-5315-4A8C-BB42-6DBC00142713-240x300.jpeg 240w, https:\/\/folhadosudeste.com\/site\/wp-content\/uploads\/2022\/05\/7D597AFA-5315-4A8C-BB42-6DBC00142713-768x960.jpeg 768w, https:\/\/folhadosudeste.com\/site\/wp-content\/uploads\/2022\/05\/7D597AFA-5315-4A8C-BB42-6DBC00142713-819x1024.jpeg 819w\" sizes=\"auto, (max-width: 1024px) 100vw, 1024px\" \/><\/a><\/p>\n","protected":false},"excerpt":{"rendered":"<p>O pr\u00f3ximo s\u00e1bado ser\u00e1 de vacina\u00e7\u00e3o contra gripe e covid em Muria\u00e9. A Secretaria Municipal de Sa\u00fade far\u00e1 os mutir\u00f5es em diversos pontos da cidade, com objetivo de seguir imunizando as pessoas contra as doen\u00e7as respirat\u00f3rias, que tendem a se disseminar com mais facilidade nesta \u00e9poca mais fria do ano. &nbsp; Veja os detalhes sobre [&hellip;]<\/p>\n","protected":false},"author":6,"featured_media":0,"comment_status":"open","ping_status":"closed","sticky":false,"template":"","format":"standard","meta":{"_joinchat":[],"footnotes":""},"categories":[1],"tags":[],"class_list":["post-82079","post","type-post","status-publish","format-standard","hentry","category-sem-categoria"],"_links":{"self":[{"href":"https:\/\/folhadosudeste.com\/site\/index.php?rest_route=\/wp\/v2\/posts\/82079","targetHints":{"allow":["GET"]}}],"collection":[{"href":"https:\/\/folhadosudeste.com\/site\/index.php?rest_route=\/wp\/v2\/posts"}],"about":[{"href":"https:\/\/folhadosudeste.com\/site\/index.php?rest_route=\/wp\/v2\/types\/post"}],"author":[{"embeddable":true,"href":"https:\/\/folhadosudeste.com\/site\/index.php?rest_route=\/wp\/v2\/users\/6"}],"replies":[{"embeddable":true,"href":"https:\/\/folhadosudeste.com\/site\/index.php?rest_route=%2Fwp%2Fv2%2Fcomments&post=82079"}],"version-history":[{"count":1,"href":"https:\/\/folhadosudeste.com\/site\/index.php?rest_route=\/wp\/v2\/posts\/82079\/revisions"}],"predecessor-version":[{"id":82082,"href":"https:\/\/folhadosudeste.com\/site\/index.php?rest_route=\/wp\/v2\/posts\/82079\/revisions\/82082"}],"wp:attachment":[{"href":"https:\/\/folhadosudeste.com\/site\/index.php?rest_route=%2Fwp%2Fv2%2Fmedia&parent=82079"}],"wp:term":[{"taxonomy":"category","embeddable":true,"href":"https:\/\/folhadosudeste.com\/site\/index.php?rest_route=%2Fwp%2Fv2%2Fcategories&post=82079"},{"taxonomy":"post_tag","embeddable":true,"href":"https:\/\/folhadosudeste.com\/site\/index.php?rest_route=%2Fwp%2Fv2%2Ftags&post=82079"}],"curies":[{"name":"wp","href":"https:\/\/api.w.org\/{rel}","templated":true}]}}