{"id":82186,"date":"2022-05-30T17:37:22","date_gmt":"2022-05-30T17:37:22","guid":{"rendered":"http:\/\/folhadosudeste.com\/site\/?p=82186"},"modified":"2022-05-30T17:37:22","modified_gmt":"2022-05-30T17:37:22","slug":"veja-3-motivos-para-voce-optar-por-moveis-sustentaveis","status":"publish","type":"post","link":"https:\/\/folhadosudeste.com\/site\/?p=82186","title":{"rendered":"VEJA 3 MOTIVOS PARA VOC\u00ca OPTAR POR M\u00d3VEIS SUSTENT\u00c1VEIS"},"content":{"rendered":"<p style=\"text-align: justify;\"><i>O uso mais eficiente dos recursos e a promo\u00e7\u00e3o do consumo inteligente \u00e9 a grande preocupa\u00e7\u00e3o do momento entre empresas e consumidores<\/i><br \/>\n&nbsp;<\/p>\n<p style=\"text-align: justify;\">Celebrado desde 1972, o Dia Mundial do Meio Ambiente \u00e9 comemorado anualmente em 5 de junho, com o objetivo de conscientizar a utiliza\u00e7\u00e3o dos recursos naturais e promover uma postura cr\u00edtica e ativa em rela\u00e7\u00e3o aos problemas ambientais existentes no planeta.<br \/>\n&nbsp;<\/p>\n<p style=\"text-align: justify;\">A sustentabilidade est\u00e1 cada vez mais em alta. Preocupados com o meio ambiente, empresas e consumidores est\u00e3o mais respons\u00e1veis tanto com quest\u00f5es ambientais como sociais. Reaproveitar materiais e m\u00f3veis usados e transformar em algo novo \u00e9 uma das in\u00fameras pr\u00e1ticas sustent\u00e1veis dispon\u00edveis, por exemplo. Al\u00e9m disso, o mercado tamb\u00e9m encontrou uma outra solu\u00e7\u00e3o para colaborar com a preserva\u00e7\u00e3o do meio ambiente &#8212; agora \u00e9 poss\u00edvel alugar m\u00f3veis por assinatura.<br \/>\n&nbsp;<\/p>\n<p style=\"text-align: justify;\">Os m\u00f3veis sustent\u00e1veis s\u00e3o aqueles feitos de mat\u00e9ria-prima que n\u00e3o prejudica o meio ambiente ou de material reciclado. O fato de serem sustent\u00e1veis n\u00e3o implica queda na qualidade &#8212; eles garantem durabilidade em seu uso, evitando, assim, o consumo e o descarte excessivo. Madeiras sustent\u00e1veis, de refugo ou paletes s\u00e3o alguns exemplos.<br \/>\n<!--more--><\/p>\n<p style=\"text-align: justify;\">\u201cApenas nas cidades da Grande S\u00e3o Paulo, 27 mil toneladas de res\u00edduos s\u00e3o enviadas para aterros sanit\u00e1rios todos os dias, sendo a maior parte desse lixo formado por m\u00f3veis descartados, na maioria das vezes, antes do final da sua vida \u00fatil e de maneira incorreta. Precisamos repensar o consumo e promover o uso mais eficiente dos recursos\u201d, explica Pamela Paz, fundadora e CEO da Tuim, primeira empresa de m\u00f3veis residenciais por assinatura do Brasil.<br \/>\n&nbsp;<\/p>\n<p style=\"text-align: justify;\">Al\u00e9m de um lar ecologicamente correto, os m\u00f3veis sustent\u00e1veis garantem uma decora\u00e7\u00e3o \u00fanica. A executiva listou algumas vantagens na ado\u00e7\u00e3o dos m\u00f3veis sustent\u00e1veis, confira:<br \/>\n&nbsp;<\/p>\n<p style=\"text-align: justify;\"><strong>Consumo inteligente dos recursos naturais<\/strong><br \/>\n&nbsp;<\/p>\n<p style=\"text-align: justify;\">Um dos maiores benef\u00edcios dos m\u00f3veis sustent\u00e1veis \u00e9 o consumo inteligente. Grande parte das coisas que compramos diariamente n\u00e3o s\u00e3o reaproveitadas, colaborando cada vez mais para o ac\u00famulo de lixo. Al\u00e9m disso, muitos itens s\u00e3o altamente prejudiciais ao meio ambiente durante sua etapa de produ\u00e7\u00e3o.<br \/>\n&nbsp;<\/p>\n<p style=\"text-align: justify;\">\u201cA ideia dos m\u00f3veis por assinatura surgiu inicialmente por conta dessa preocupa\u00e7\u00e3o ambiental. Nossas necessidades mudam diariamente e, por isso, quando alugamos uma mob\u00edlia contribu\u00edmos no aumento da sua vida \u00fatil. Caso os nossos interesses, sonhos e necessidades mudem, n\u00e3o precisamos necessariamente descartar aquele m\u00f3vel, basta troc\u00e1-lo por outro que fa\u00e7a mais sentido naquele momento ou fase da sua vida. Isso diminui o uso de recursos naturais, a exemplo da pr\u00f3pria madeira\u201d, afirma Pamela Paz.<br \/>\n&nbsp;<\/p>\n<p style=\"text-align: justify;\"><strong>Fabrica\u00e7\u00e3o sustent\u00e1vel<\/strong><br \/>\n&nbsp;<\/p>\n<p style=\"text-align: justify;\">Os m\u00f3veis sustent\u00e1veis garantem bem-estar, preserva\u00e7\u00e3o ambiental e colaboram com as pr\u00f3ximas gera\u00e7\u00f5es. Promovem um estilo criativo, mais pr\u00f3ximo do neutro e r\u00fastico, mas tamb\u00e9m incr\u00edveis e requintados.<br \/>\n&nbsp;<\/p>\n<p style=\"text-align: justify;\">A ind\u00fastria moveleira possui in\u00fameros impactos ambientais diante do grande volume de res\u00edduos gerados, da explora\u00e7\u00e3o irracional, desperd\u00edcio de madeira e do uso de subst\u00e2ncias t\u00f3xicas. Por isso, a executiva destaca que na Tuim todos os m\u00f3veis s\u00e3o feitos com madeira reflorestada, uma condi\u00e7\u00e3o muito importante para a promo\u00e7\u00e3o de pr\u00e1ticas sustent\u00e1veis.<br \/>\n&nbsp;<\/p>\n<p style=\"text-align: justify;\"><strong>Diminui\u00e7\u00e3o de descarte de lixo<\/strong><br \/>\n&nbsp;<\/p>\n<p style=\"text-align: justify;\">Os m\u00f3veis usados, quando n\u00e3o doados, costumam ser deixados nas ruas, rios, rodovias e com a chuva, podem criar mofo, transmitir bact\u00e9rias e intensificar as enchentes em grandes centros urbanos.<br \/>\n&nbsp;<\/p>\n<p style=\"text-align: justify;\">Paletes, latas, pneus, malas e muitos outros objetos podem ser transformados em cadeiras, mesas, aparadores e pe\u00e7as de decora\u00e7\u00e3o. Estas solu\u00e7\u00f5es, al\u00e9m de sustent\u00e1veis, s\u00e3o bonitas, criativas e econ\u00f4micas.<br \/>\n&nbsp;<\/p>\n<p style=\"text-align: justify;\">\u201cO aluguel, por exemplo, tamb\u00e9m \u00e9 uma solu\u00e7\u00e3o sustent\u00e1vel que contribui para a redu\u00e7\u00e3o de descarte. Caso o m\u00f3vel n\u00e3o tenha mais utilidade, ele pode dar mais vida, cor e alegria para outro lar\u201d, conclui Pamela.<\/p>\n<p style=\"text-align: justify;\"><strong>&nbsp;<\/strong><\/p>\n<p style=\"text-align: justify;\"><strong>Sobre a&nbsp;<\/strong><strong>Tuim<\/strong><strong>&nbsp;&#8212;<\/strong>&nbsp;Fundada em 2019, a Tuim \u00e9 a primeira empresa de M\u00f3veis por Assinatura do Brasil. Nasceu como uma solu\u00e7\u00e3o simples e inteligente de consumir m\u00f3veis, com total autonomia ao consumidor para escolher exatamente o que quer e pelo per\u00edodo que precisa. A startup oferece um amplo e diversificado cat\u00e1logo para que n\u00e3o seja necess\u00e1rio investir definitivamente em m\u00f3veis e sim us\u00e1-los apenas pelo momento necess\u00e1rio.<\/p>\n<p style=\"text-align: justify;\">&nbsp;<\/p>\n","protected":false},"excerpt":{"rendered":"<p>O uso mais eficiente dos recursos e a promo\u00e7\u00e3o do consumo inteligente \u00e9 a grande preocupa\u00e7\u00e3o do momento entre empresas e consumidores &nbsp; Celebrado desde 1972, o Dia Mundial do Meio Ambiente \u00e9 comemorado anualmente em 5 de junho, com o objetivo de conscientizar a utiliza\u00e7\u00e3o dos recursos naturais e promover uma postura cr\u00edtica e [&hellip;]<\/p>\n","protected":false},"author":6,"featured_media":0,"comment_status":"open","ping_status":"closed","sticky":false,"template":"","format":"standard","meta":{"_joinchat":[],"footnotes":""},"categories":[1],"tags":[],"class_list":["post-82186","post","type-post","status-publish","format-standard","hentry","category-sem-categoria"],"_links":{"self":[{"href":"https:\/\/folhadosudeste.com\/site\/index.php?rest_route=\/wp\/v2\/posts\/82186","targetHints":{"allow":["GET"]}}],"collection":[{"href":"https:\/\/folhadosudeste.com\/site\/index.php?rest_route=\/wp\/v2\/posts"}],"about":[{"href":"https:\/\/folhadosudeste.com\/site\/index.php?rest_route=\/wp\/v2\/types\/post"}],"author":[{"embeddable":true,"href":"https:\/\/folhadosudeste.com\/site\/index.php?rest_route=\/wp\/v2\/users\/6"}],"replies":[{"embeddable":true,"href":"https:\/\/folhadosudeste.com\/site\/index.php?rest_route=%2Fwp%2Fv2%2Fcomments&post=82186"}],"version-history":[{"count":1,"href":"https:\/\/folhadosudeste.com\/site\/index.php?rest_route=\/wp\/v2\/posts\/82186\/revisions"}],"predecessor-version":[{"id":82187,"href":"https:\/\/folhadosudeste.com\/site\/index.php?rest_route=\/wp\/v2\/posts\/82186\/revisions\/82187"}],"wp:attachment":[{"href":"https:\/\/folhadosudeste.com\/site\/index.php?rest_route=%2Fwp%2Fv2%2Fmedia&parent=82186"}],"wp:term":[{"taxonomy":"category","embeddable":true,"href":"https:\/\/folhadosudeste.com\/site\/index.php?rest_route=%2Fwp%2Fv2%2Fcategories&post=82186"},{"taxonomy":"post_tag","embeddable":true,"href":"https:\/\/folhadosudeste.com\/site\/index.php?rest_route=%2Fwp%2Fv2%2Ftags&post=82186"}],"curies":[{"name":"wp","href":"https:\/\/api.w.org\/{rel}","templated":true}]}}