{"id":82195,"date":"2022-05-30T19:47:08","date_gmt":"2022-05-30T19:47:08","guid":{"rendered":"http:\/\/folhadosudeste.com\/site\/?p=82195"},"modified":"2022-05-30T19:58:39","modified_gmt":"2022-05-30T19:58:39","slug":"vencedores-do-campeonato-mineiro-de-bicicross-1a-etapa-muriae","status":"publish","type":"post","link":"https:\/\/folhadosudeste.com\/site\/?p=82195","title":{"rendered":"Vencedores do Campeonato Mineiro de Bicicross \u2013 1\u00aa etapa Muria\u00e9"},"content":{"rendered":"<div id=\":4v\" class=\"ii gt\">\n<div id=\":4u\" class=\"a3s aiL \">\n<div dir=\"ltr\">\n<p style=\"text-align: justify;\"><a href=\"http:\/\/folhadosudeste.com\/site\/wp-content\/uploads\/2022\/05\/bici-13.jpg\"><img loading=\"lazy\" decoding=\"async\" class=\"alignnone size-full wp-image-82200\" src=\"http:\/\/folhadosudeste.com\/site\/wp-content\/uploads\/2022\/05\/bici-13.jpg\" alt=\"\" width=\"2048\" height=\"1362\" srcset=\"https:\/\/folhadosudeste.com\/site\/wp-content\/uploads\/2022\/05\/bici-13.jpg 2048w, https:\/\/folhadosudeste.com\/site\/wp-content\/uploads\/2022\/05\/bici-13-300x199.jpg 300w, https:\/\/folhadosudeste.com\/site\/wp-content\/uploads\/2022\/05\/bici-13-768x511.jpg 768w, https:\/\/folhadosudeste.com\/site\/wp-content\/uploads\/2022\/05\/bici-13-1024x681.jpg 1024w, https:\/\/folhadosudeste.com\/site\/wp-content\/uploads\/2022\/05\/bici-13-120x80.jpg 120w, https:\/\/folhadosudeste.com\/site\/wp-content\/uploads\/2022\/05\/bici-13-345x230.jpg 345w\" sizes=\"auto, (max-width: 2048px) 100vw, 2048px\" \/><\/a><\/p>\n<p style=\"text-align: justify;\">O Campeonato Mineiro de Bicicross 2022 realizou a 1\u00aa etapa das provas em Muria\u00e9,&nbsp;<span style=\"font-family: Arial, sans-serif;\">na pista Gilberto Jos\u00e9 Tanus Braz,&nbsp;<\/span>no Horto Florestal, neste \u00faltimo domingo (29). Sagraram-se vencedores na categoria \u2018Elite\u2019 os pilotos&nbsp;Guylherme&nbsp;Queiroz Carneiro, Ewerton Queiroz Carneiro e Gilberto Lucca Oliveira.<\/p>\n<\/div>\n<\/div>\n<\/div>\n<div dir=\"ltr\" style=\"text-align: justify;\">\n<p>Mais de 200 pilotos das cidades de Minas Gerais (Muria\u00e9, Belo Horizonte, Curvelo, Florestal, Manhua\u00e7u e Sete Lagoas), do Rio de Janeiro (Maca\u00e9, Maric\u00e1, S\u00e3o Gon\u00e7alo e Concei\u00e7\u00e3o do Macabu) e do Espirito Santo (Vit\u00f3ria, Serra, Guarapari e Cachoeiro do Itapemirim) participaram da competi\u00e7\u00e3o.<\/p>\n<p>O circuito de Muria\u00e9 teve 21 provas supervisionadas pela FMBX, das quais participaram crian\u00e7as com idades entre 3 e 4 anos na classe Pr\u00e9-bike, passando por todas as outras classes at\u00e9 a chegar a categoria de 50 anos, que foi a modalidade Cruizer.<\/p>\n<p>O campeonato que \u00e9 uma parceria da Prefeitura de Muria\u00e9 com a Federa\u00e7\u00e3o Mineira de Bicicross ainda ter\u00e1 outras etapas a serem realizadas em v\u00e1rios munic\u00edpios de Minas Gerais.<\/p>\n<\/div>\n<p style=\"text-align: justify;\"><!--more--><\/p>\n<p style=\"text-align: justify;\">A abertura contou com a presen\u00e7a de autoridades do munic\u00edpio como o prefeito Jos\u00e9 Braz; vice-Prefeito e secret\u00e1rio de Sa\u00fade, Marcos Guarino; Paulo S\u00e9rgio Amaral (Governo); C\u00e9sar Bianchi Botaro (Desenvolvimento Econ\u00f4mico); Sinval Ferreira (Rela\u00e7\u00f5es Institucionais); superintendente da Fundarte, Gilca Napier; coordenador de Esportes, Vanderlei Paul (Vov\u00f4) e tamb\u00e9m o presidente da Federa\u00e7\u00e3o de Bicicross, Daniel Silva.<\/p>\n<div class=\"yj6qo\" style=\"text-align: justify;\"><a href=\"http:\/\/folhadosudeste.com\/site\/wp-content\/uploads\/2022\/05\/prova-bici-6.jpg\"><img loading=\"lazy\" decoding=\"async\" class=\"alignnone size-full wp-image-82196\" src=\"http:\/\/folhadosudeste.com\/site\/wp-content\/uploads\/2022\/05\/prova-bici-6.jpg\" alt=\"\" width=\"2048\" height=\"1362\" srcset=\"https:\/\/folhadosudeste.com\/site\/wp-content\/uploads\/2022\/05\/prova-bici-6.jpg 2048w, https:\/\/folhadosudeste.com\/site\/wp-content\/uploads\/2022\/05\/prova-bici-6-300x199.jpg 300w, https:\/\/folhadosudeste.com\/site\/wp-content\/uploads\/2022\/05\/prova-bici-6-768x511.jpg 768w, https:\/\/folhadosudeste.com\/site\/wp-content\/uploads\/2022\/05\/prova-bici-6-1024x681.jpg 1024w, https:\/\/folhadosudeste.com\/site\/wp-content\/uploads\/2022\/05\/prova-bici-6-120x80.jpg 120w, https:\/\/folhadosudeste.com\/site\/wp-content\/uploads\/2022\/05\/prova-bici-6-345x230.jpg 345w\" sizes=\"auto, (max-width: 2048px) 100vw, 2048px\" \/><\/a> <a href=\"http:\/\/folhadosudeste.com\/site\/wp-content\/uploads\/2022\/05\/Autoridades-Bicicross.jpg\"><img loading=\"lazy\" decoding=\"async\" class=\"alignnone size-full wp-image-82197\" src=\"http:\/\/folhadosudeste.com\/site\/wp-content\/uploads\/2022\/05\/Autoridades-Bicicross.jpg\" alt=\"\" width=\"2048\" height=\"1362\" srcset=\"https:\/\/folhadosudeste.com\/site\/wp-content\/uploads\/2022\/05\/Autoridades-Bicicross.jpg 2048w, https:\/\/folhadosudeste.com\/site\/wp-content\/uploads\/2022\/05\/Autoridades-Bicicross-300x199.jpg 300w, https:\/\/folhadosudeste.com\/site\/wp-content\/uploads\/2022\/05\/Autoridades-Bicicross-768x511.jpg 768w, https:\/\/folhadosudeste.com\/site\/wp-content\/uploads\/2022\/05\/Autoridades-Bicicross-1024x681.jpg 1024w, https:\/\/folhadosudeste.com\/site\/wp-content\/uploads\/2022\/05\/Autoridades-Bicicross-120x80.jpg 120w, https:\/\/folhadosudeste.com\/site\/wp-content\/uploads\/2022\/05\/Autoridades-Bicicross-345x230.jpg 345w\" sizes=\"auto, (max-width: 2048px) 100vw, 2048px\" \/><\/a> <a href=\"http:\/\/folhadosudeste.com\/site\/wp-content\/uploads\/2022\/05\/crina\u00e7s-bici.jpg\"><img loading=\"lazy\" decoding=\"async\" class=\"alignnone size-full wp-image-82198\" src=\"http:\/\/folhadosudeste.com\/site\/wp-content\/uploads\/2022\/05\/crina\u00e7s-bici.jpg\" alt=\"\" width=\"2048\" height=\"1362\" srcset=\"https:\/\/folhadosudeste.com\/site\/wp-content\/uploads\/2022\/05\/crina\u00e7s-bici.jpg 2048w, https:\/\/folhadosudeste.com\/site\/wp-content\/uploads\/2022\/05\/crina\u00e7s-bici-300x199.jpg 300w, https:\/\/folhadosudeste.com\/site\/wp-content\/uploads\/2022\/05\/crina\u00e7s-bici-768x511.jpg 768w, https:\/\/folhadosudeste.com\/site\/wp-content\/uploads\/2022\/05\/crina\u00e7s-bici-1024x681.jpg 1024w, https:\/\/folhadosudeste.com\/site\/wp-content\/uploads\/2022\/05\/crina\u00e7s-bici-120x80.jpg 120w, https:\/\/folhadosudeste.com\/site\/wp-content\/uploads\/2022\/05\/crina\u00e7s-bici-345x230.jpg 345w\" sizes=\"auto, (max-width: 2048px) 100vw, 2048px\" \/><\/a> <a href=\"http:\/\/folhadosudeste.com\/site\/wp-content\/uploads\/2022\/05\/bici-11.jpg\"><img loading=\"lazy\" decoding=\"async\" class=\"alignnone size-full wp-image-82199\" src=\"http:\/\/folhadosudeste.com\/site\/wp-content\/uploads\/2022\/05\/bici-11.jpg\" alt=\"\" width=\"2048\" height=\"1362\" srcset=\"https:\/\/folhadosudeste.com\/site\/wp-content\/uploads\/2022\/05\/bici-11.jpg 2048w, https:\/\/folhadosudeste.com\/site\/wp-content\/uploads\/2022\/05\/bici-11-300x199.jpg 300w, https:\/\/folhadosudeste.com\/site\/wp-content\/uploads\/2022\/05\/bici-11-768x511.jpg 768w, https:\/\/folhadosudeste.com\/site\/wp-content\/uploads\/2022\/05\/bici-11-1024x681.jpg 1024w, https:\/\/folhadosudeste.com\/site\/wp-content\/uploads\/2022\/05\/bici-11-120x80.jpg 120w, https:\/\/folhadosudeste.com\/site\/wp-content\/uploads\/2022\/05\/bici-11-345x230.jpg 345w\" sizes=\"auto, (max-width: 2048px) 100vw, 2048px\" \/><\/a><\/div>\n<div id=\":ub\" class=\"hq gt\" style=\"text-align: justify;\">&nbsp;<\/div>\n","protected":false},"excerpt":{"rendered":"<p>O Campeonato Mineiro de Bicicross 2022 realizou a 1\u00aa etapa das provas em Muria\u00e9,&nbsp;na pista Gilberto Jos\u00e9 Tanus Braz,&nbsp;no Horto Florestal, neste \u00faltimo domingo (29). Sagraram-se vencedores na categoria \u2018Elite\u2019 os pilotos&nbsp;Guylherme&nbsp;Queiroz Carneiro, Ewerton Queiroz Carneiro e Gilberto Lucca Oliveira. Mais de 200 pilotos das cidades de Minas Gerais (Muria\u00e9, Belo Horizonte, Curvelo, Florestal, Manhua\u00e7u [&hellip;]<\/p>\n","protected":false},"author":6,"featured_media":0,"comment_status":"open","ping_status":"closed","sticky":false,"template":"","format":"standard","meta":{"_joinchat":[],"footnotes":""},"categories":[1],"tags":[],"class_list":["post-82195","post","type-post","status-publish","format-standard","hentry","category-sem-categoria"],"_links":{"self":[{"href":"https:\/\/folhadosudeste.com\/site\/index.php?rest_route=\/wp\/v2\/posts\/82195","targetHints":{"allow":["GET"]}}],"collection":[{"href":"https:\/\/folhadosudeste.com\/site\/index.php?rest_route=\/wp\/v2\/posts"}],"about":[{"href":"https:\/\/folhadosudeste.com\/site\/index.php?rest_route=\/wp\/v2\/types\/post"}],"author":[{"embeddable":true,"href":"https:\/\/folhadosudeste.com\/site\/index.php?rest_route=\/wp\/v2\/users\/6"}],"replies":[{"embeddable":true,"href":"https:\/\/folhadosudeste.com\/site\/index.php?rest_route=%2Fwp%2Fv2%2Fcomments&post=82195"}],"version-history":[{"count":2,"href":"https:\/\/folhadosudeste.com\/site\/index.php?rest_route=\/wp\/v2\/posts\/82195\/revisions"}],"predecessor-version":[{"id":82216,"href":"https:\/\/folhadosudeste.com\/site\/index.php?rest_route=\/wp\/v2\/posts\/82195\/revisions\/82216"}],"wp:attachment":[{"href":"https:\/\/folhadosudeste.com\/site\/index.php?rest_route=%2Fwp%2Fv2%2Fmedia&parent=82195"}],"wp:term":[{"taxonomy":"category","embeddable":true,"href":"https:\/\/folhadosudeste.com\/site\/index.php?rest_route=%2Fwp%2Fv2%2Fcategories&post=82195"},{"taxonomy":"post_tag","embeddable":true,"href":"https:\/\/folhadosudeste.com\/site\/index.php?rest_route=%2Fwp%2Fv2%2Ftags&post=82195"}],"curies":[{"name":"wp","href":"https:\/\/api.w.org\/{rel}","templated":true}]}}