{"id":82202,"date":"2022-05-30T19:51:07","date_gmt":"2022-05-30T19:51:07","guid":{"rendered":"http:\/\/folhadosudeste.com\/site\/?p=82202"},"modified":"2022-05-30T19:51:07","modified_gmt":"2022-05-30T19:51:07","slug":"prefeito-e-vice-inauguram-novos-espacos-da-saude-em-muriae","status":"publish","type":"post","link":"https:\/\/folhadosudeste.com\/site\/?p=82202","title":{"rendered":"Prefeito e vice inauguram novos espa\u00e7os da Sa\u00fade em Muria\u00e9"},"content":{"rendered":"<div id=\":vi\" class=\"ii gt\">\n<div id=\":vh\" class=\"a3s aiL \">\n<div dir=\"ltr\">\n<div dir=\"ltr\">\n<div><a href=\"http:\/\/folhadosudeste.com\/site\/wp-content\/uploads\/2022\/05\/02-1.jpeg\"><img loading=\"lazy\" decoding=\"async\" class=\"alignnone size-full wp-image-82203\" src=\"http:\/\/folhadosudeste.com\/site\/wp-content\/uploads\/2022\/05\/02-1.jpeg\" alt=\"\" width=\"1600\" height=\"1200\" srcset=\"https:\/\/folhadosudeste.com\/site\/wp-content\/uploads\/2022\/05\/02-1.jpeg 1600w, https:\/\/folhadosudeste.com\/site\/wp-content\/uploads\/2022\/05\/02-1-300x225.jpeg 300w, https:\/\/folhadosudeste.com\/site\/wp-content\/uploads\/2022\/05\/02-1-768x576.jpeg 768w, https:\/\/folhadosudeste.com\/site\/wp-content\/uploads\/2022\/05\/02-1-1024x768.jpeg 1024w\" sizes=\"auto, (max-width: 1600px) 100vw, 1600px\" \/><\/a><\/div>\n<div style=\"text-align: justify;\">A primeira obra iniciada pela atual administra\u00e7\u00e3o municipal foi inaugurada nesta segunda-feira, 30 de maio, pelo prefeito Jos\u00e9 Braz e o vice Marcos Guarino.<\/div>\n<div style=\"text-align: justify;\">&nbsp;<\/div>\n<div style=\"text-align: justify;\">A amplia\u00e7\u00e3o do Centro Administrativo Presidente Tancredo Neves foi feita com a cria\u00e7\u00e3o das novas sedes da Central de Imuniza\u00e7\u00e3o, do Centro de Especialidades Odontol\u00f3gicas e da Farm\u00e1cia Municipal. As unidades ocupam agora o antigo p\u00e1tio que havia entre os pr\u00e9dios da Prefeitura e da Fundarte.<\/div>\n<div style=\"text-align: justify;\">&nbsp;<\/div>\n<div style=\"text-align: justify;\">As obras come\u00e7aram j\u00e1 no primeiro dia \u00fatil de trabalho da atual gest\u00e3o, em 4 de janeiro de 2021.<\/div>\n<div style=\"text-align: justify;\">&nbsp;<\/div>\n<div style=\"text-align: justify;\">&#8220;O local \u00e9 amplo, situado em uma \u00e1rea nobre e n\u00e3o era devidamente utilizado. Esta obra trouxe para a regi\u00e3o central da cidade esses importantes setores da Sa\u00fade, com mais conforto para os funcion\u00e1rios trabalharem e tamb\u00e9m melhores condi\u00e7\u00f5es de atendimento para os muriaeenses&#8221;, destaca Jos\u00e9 Braz.<\/div>\n<div style=\"text-align: justify;\">&nbsp;<\/div>\n<div style=\"text-align: justify;\">Al\u00e9m do prefeito e do vice Marcos Guarino, que tamb\u00e9m \u00e9 secret\u00e1rio municipal de Sa\u00fade, a cerim\u00f4nia tamb\u00e9m teve a presen\u00e7a dos deputados estaduais Braulio Braz e Dr. Wilson Batista, al\u00e9m dos familiares dos homenageados. Secret\u00e1rios municipais de outras pastase servidores p\u00fablicos, especialmente da Sa\u00fade, tamb\u00e9m estiveram presentes.<\/div>\n<\/div>\n<\/div>\n<\/div>\n<\/div>\n<p><!--more--><\/p>\n<div dir=\"ltr\">\n<div dir=\"ltr\">\n<div style=\"text-align: justify;\">Locais inaugurados &#8211; A Central de Imuniza\u00e7\u00e3o recebeu o nome do m\u00e9dico Dr. Sylvio L\u00facio de Paula Neves. No local s\u00e3o organizadas, armazenadas e separadas as vacinas que abastecem os postos de sa\u00fade do munic\u00edpio.<\/div>\n<div style=\"text-align: justify;\">&nbsp;<\/div>\n<div style=\"text-align: justify;\">J\u00e1 o Centro de Especialidades Odontol\u00f3gicas, que leva o nome do dentista Dr. Jurandyr Tambasco, \u00e9 o local onde os cidad\u00e3os podem receber servi\u00e7os odontol\u00f3gicos mais especializados atrav\u00e9s do SUS, ap\u00f3s o encaminhamento das unidades b\u00e1sicas de sa\u00fade.<\/div>\n<div style=\"text-align: justify;\">&nbsp;<\/div>\n<div style=\"text-align: justify;\">A Farm\u00e1cia Municipal, por sua vez, ganhou o nome do Professor Hormindo Dipo Soares de Oliveira. O setor \u00e9 respons\u00e1vel pelo armazenamento e a dispensa\u00e7\u00e3o de medicamentos gratuitos ofertados pelo SUS.<\/div>\n<\/div>\n<\/div>\n<div id=\":w8\" class=\"hq gt\" style=\"text-align: justify;\"><a href=\"http:\/\/folhadosudeste.com\/site\/wp-content\/uploads\/2022\/05\/05-1.jpeg\"><img loading=\"lazy\" decoding=\"async\" class=\"alignnone size-full wp-image-82204\" src=\"http:\/\/folhadosudeste.com\/site\/wp-content\/uploads\/2022\/05\/05-1.jpeg\" alt=\"\" width=\"1600\" height=\"1200\" srcset=\"https:\/\/folhadosudeste.com\/site\/wp-content\/uploads\/2022\/05\/05-1.jpeg 1600w, https:\/\/folhadosudeste.com\/site\/wp-content\/uploads\/2022\/05\/05-1-300x225.jpeg 300w, https:\/\/folhadosudeste.com\/site\/wp-content\/uploads\/2022\/05\/05-1-768x576.jpeg 768w, https:\/\/folhadosudeste.com\/site\/wp-content\/uploads\/2022\/05\/05-1-1024x768.jpeg 1024w\" sizes=\"auto, (max-width: 1600px) 100vw, 1600px\" \/><\/a> <a href=\"http:\/\/folhadosudeste.com\/site\/wp-content\/uploads\/2022\/05\/01-1.jpeg\"><img loading=\"lazy\" decoding=\"async\" class=\"alignnone size-full wp-image-82206\" src=\"http:\/\/folhadosudeste.com\/site\/wp-content\/uploads\/2022\/05\/01-1.jpeg\" alt=\"\" width=\"1199\" height=\"899\" srcset=\"https:\/\/folhadosudeste.com\/site\/wp-content\/uploads\/2022\/05\/01-1.jpeg 1199w, https:\/\/folhadosudeste.com\/site\/wp-content\/uploads\/2022\/05\/01-1-300x225.jpeg 300w, https:\/\/folhadosudeste.com\/site\/wp-content\/uploads\/2022\/05\/01-1-768x576.jpeg 768w, https:\/\/folhadosudeste.com\/site\/wp-content\/uploads\/2022\/05\/01-1-1024x768.jpeg 1024w\" sizes=\"auto, (max-width: 1199px) 100vw, 1199px\" \/><\/a> <a href=\"http:\/\/folhadosudeste.com\/site\/wp-content\/uploads\/2022\/05\/04-1.jpeg\"><img loading=\"lazy\" decoding=\"async\" class=\"alignnone size-full wp-image-82207\" src=\"http:\/\/folhadosudeste.com\/site\/wp-content\/uploads\/2022\/05\/04-1.jpeg\" alt=\"\" width=\"1600\" height=\"1200\" srcset=\"https:\/\/folhadosudeste.com\/site\/wp-content\/uploads\/2022\/05\/04-1.jpeg 1600w, https:\/\/folhadosudeste.com\/site\/wp-content\/uploads\/2022\/05\/04-1-300x225.jpeg 300w, https:\/\/folhadosudeste.com\/site\/wp-content\/uploads\/2022\/05\/04-1-768x576.jpeg 768w, https:\/\/folhadosudeste.com\/site\/wp-content\/uploads\/2022\/05\/04-1-1024x768.jpeg 1024w\" sizes=\"auto, (max-width: 1600px) 100vw, 1600px\" \/><\/a> <a href=\"http:\/\/folhadosudeste.com\/site\/wp-content\/uploads\/2022\/05\/07-1.jpeg\"><img loading=\"lazy\" decoding=\"async\" class=\"alignnone size-full wp-image-82208\" src=\"http:\/\/folhadosudeste.com\/site\/wp-content\/uploads\/2022\/05\/07-1.jpeg\" alt=\"\" width=\"1600\" height=\"1200\" srcset=\"https:\/\/folhadosudeste.com\/site\/wp-content\/uploads\/2022\/05\/07-1.jpeg 1600w, https:\/\/folhadosudeste.com\/site\/wp-content\/uploads\/2022\/05\/07-1-300x225.jpeg 300w, https:\/\/folhadosudeste.com\/site\/wp-content\/uploads\/2022\/05\/07-1-768x576.jpeg 768w, https:\/\/folhadosudeste.com\/site\/wp-content\/uploads\/2022\/05\/07-1-1024x768.jpeg 1024w\" sizes=\"auto, (max-width: 1600px) 100vw, 1600px\" \/><\/a> <a href=\"http:\/\/folhadosudeste.com\/site\/wp-content\/uploads\/2022\/05\/06-1.jpeg\"><img loading=\"lazy\" decoding=\"async\" class=\"alignnone size-full wp-image-82209\" src=\"http:\/\/folhadosudeste.com\/site\/wp-content\/uploads\/2022\/05\/06-1.jpeg\" alt=\"\" width=\"1600\" height=\"1200\" srcset=\"https:\/\/folhadosudeste.com\/site\/wp-content\/uploads\/2022\/05\/06-1.jpeg 1600w, https:\/\/folhadosudeste.com\/site\/wp-content\/uploads\/2022\/05\/06-1-300x225.jpeg 300w, https:\/\/folhadosudeste.com\/site\/wp-content\/uploads\/2022\/05\/06-1-768x576.jpeg 768w, https:\/\/folhadosudeste.com\/site\/wp-content\/uploads\/2022\/05\/06-1-1024x768.jpeg 1024w\" sizes=\"auto, (max-width: 1600px) 100vw, 1600px\" \/><\/a><\/div>\n","protected":false},"excerpt":{"rendered":"<p>A primeira obra iniciada pela atual administra\u00e7\u00e3o municipal foi inaugurada nesta segunda-feira, 30 de maio, pelo prefeito Jos\u00e9 Braz e o vice Marcos Guarino. &nbsp; A amplia\u00e7\u00e3o do Centro Administrativo Presidente Tancredo Neves foi feita com a cria\u00e7\u00e3o das novas sedes da Central de Imuniza\u00e7\u00e3o, do Centro de Especialidades Odontol\u00f3gicas e da Farm\u00e1cia Municipal. As [&hellip;]<\/p>\n","protected":false},"author":6,"featured_media":0,"comment_status":"open","ping_status":"closed","sticky":false,"template":"","format":"standard","meta":{"_joinchat":[],"footnotes":""},"categories":[1],"tags":[],"class_list":["post-82202","post","type-post","status-publish","format-standard","hentry","category-sem-categoria"],"_links":{"self":[{"href":"https:\/\/folhadosudeste.com\/site\/index.php?rest_route=\/wp\/v2\/posts\/82202","targetHints":{"allow":["GET"]}}],"collection":[{"href":"https:\/\/folhadosudeste.com\/site\/index.php?rest_route=\/wp\/v2\/posts"}],"about":[{"href":"https:\/\/folhadosudeste.com\/site\/index.php?rest_route=\/wp\/v2\/types\/post"}],"author":[{"embeddable":true,"href":"https:\/\/folhadosudeste.com\/site\/index.php?rest_route=\/wp\/v2\/users\/6"}],"replies":[{"embeddable":true,"href":"https:\/\/folhadosudeste.com\/site\/index.php?rest_route=%2Fwp%2Fv2%2Fcomments&post=82202"}],"version-history":[{"count":1,"href":"https:\/\/folhadosudeste.com\/site\/index.php?rest_route=\/wp\/v2\/posts\/82202\/revisions"}],"predecessor-version":[{"id":82210,"href":"https:\/\/folhadosudeste.com\/site\/index.php?rest_route=\/wp\/v2\/posts\/82202\/revisions\/82210"}],"wp:attachment":[{"href":"https:\/\/folhadosudeste.com\/site\/index.php?rest_route=%2Fwp%2Fv2%2Fmedia&parent=82202"}],"wp:term":[{"taxonomy":"category","embeddable":true,"href":"https:\/\/folhadosudeste.com\/site\/index.php?rest_route=%2Fwp%2Fv2%2Fcategories&post=82202"},{"taxonomy":"post_tag","embeddable":true,"href":"https:\/\/folhadosudeste.com\/site\/index.php?rest_route=%2Fwp%2Fv2%2Ftags&post=82202"}],"curies":[{"name":"wp","href":"https:\/\/api.w.org\/{rel}","templated":true}]}}