{"id":82218,"date":"2022-05-31T12:54:48","date_gmt":"2022-05-31T12:54:48","guid":{"rendered":"http:\/\/folhadosudeste.com\/site\/?p=82218"},"modified":"2022-05-31T12:54:48","modified_gmt":"2022-05-31T12:54:48","slug":"autor-lanca-livro-de-reflexoes-no-teatro-zaccaria-marques","status":"publish","type":"post","link":"https:\/\/folhadosudeste.com\/site\/?p=82218","title":{"rendered":"Autor lan\u00e7a livro de reflex\u00f5es no Teatro Zaccaria Marques"},"content":{"rendered":"<p><a href=\"http:\/\/folhadosudeste.com\/site\/wp-content\/uploads\/2022\/05\/Capa-livro-Hermes-Luppi.jpg\"><img loading=\"lazy\" decoding=\"async\" class=\"alignnone size-full wp-image-82219\" src=\"http:\/\/folhadosudeste.com\/site\/wp-content\/uploads\/2022\/05\/Capa-livro-Hermes-Luppi.jpg\" alt=\"\" width=\"1228\" height=\"2048\" srcset=\"https:\/\/folhadosudeste.com\/site\/wp-content\/uploads\/2022\/05\/Capa-livro-Hermes-Luppi.jpg 1228w, https:\/\/folhadosudeste.com\/site\/wp-content\/uploads\/2022\/05\/Capa-livro-Hermes-Luppi-180x300.jpg 180w, https:\/\/folhadosudeste.com\/site\/wp-content\/uploads\/2022\/05\/Capa-livro-Hermes-Luppi-768x1280.jpg 768w, https:\/\/folhadosudeste.com\/site\/wp-content\/uploads\/2022\/05\/Capa-livro-Hermes-Luppi-614x1024.jpg 614w\" sizes=\"auto, (max-width: 1228px) 100vw, 1228px\" \/><\/a><\/p>\n<p style=\"text-align: justify;\">O lan\u00e7amento do livro \u2018Uma reflex\u00e3o por&nbsp;dia\u201d,&nbsp;de Hermes Luppi, ser\u00e1 no dia 14 de junho, no Teatro Zaccaria Marques. O trabalho \u00e9 composto de 366 pensamentos, ora\u00e7\u00f5es, signos zodiacais. Incentivado pela Prefeitura de Muria\u00e9, por meio da Fundarte, a obra foi criada para conduzir pessoas&nbsp;a medita\u00e7\u00e3o,&nbsp;buscando o desenvolvimento espiritual.<\/p>\n<p style=\"text-align: justify;\" align=\"justify\">\u201c<span style=\"font-family: Arial, sans-serif;\"><span>Neste exemplar, buscamos o pensamento do dia \u2013 uma mensagem, um conselho. As linhas de racioc\u00ednio s\u00e3o sabedoria e conhecimento. Os leitores podem abrir a p\u00e1gina e refletir\u201d, esclareceu o autor, Ermes Luppi, explicando que a capa tem s\u00edmbolos do tar\u00f4 e nas p\u00e1ginas interiores, s\u00e3o ressaltados alguns momentos com Jesus Cristo e reflex\u00f5es sobre as leis divinas.<\/span><\/span><\/p>\n<p style=\"text-align: justify;\" align=\"justify\"><span style=\"font-family: Arial, sans-serif;\"><span>O autor \u00e9&nbsp;<\/span><\/span><span style=\"font-family: Arial, sans-serif;\"><span>n<\/span><\/span><span style=\"font-family: Arial, serif;\"><span>ascido<\/span><\/span><span style=\"font-family: Arial, serif;\"><span>&nbsp;<\/span><\/span><span style=\"font-family: Arial, serif;\"><span>em<\/span><\/span><span style=\"font-family: Arial, serif;\"><span>&nbsp;<\/span><\/span><span style=\"font-family: Arial, serif;\"><span>Castelfranco<\/span><\/span><span style=\"font-family: Arial, serif;\"><span>&nbsp;<\/span><\/span><span style=\"font-family: Arial, serif;\"><span>Em<\/span><\/span><span style=\"font-family: Arial, serif;\"><span>\u00ed<\/span><\/span><span style=\"font-family: Arial, serif;\"><span>lia<\/span><\/span><span style=\"font-family: Arial, serif;\"><span>&nbsp;<\/span><\/span><span style=\"font-family: Arial, serif;\"><span>(It\u00e1lia<\/span><\/span><span style=\"font-family: Arial, serif;\"><span>),<\/span><\/span><span style=\"font-family: Arial, serif;\"><span>&nbsp;tem<\/span><\/span><span style=\"font-family: Arial, serif;\"><span>&nbsp;nacionalidade brasileira.&nbsp;<\/span><\/span><span style=\"font-family: Arial, serif;\"><span>Tem<\/span><\/span><span style=\"font-family: Arial, serif;\"><span>&nbsp;<\/span><\/span><span style=\"font-family: Arial, serif;\"><span>doutorado em Ci\u00eancias Econ\u00f4micas&nbsp;<\/span><\/span><span style=\"font-family: Arial, serif;\"><span>pela&nbsp;<\/span><\/span><span style=\"font-family: Arial, serif;\"><span>Universidade Federal do Rio de Janeiro&nbsp;<\/span><\/span><span style=\"font-family: Arial, serif;\"><span>(UFRJ).&nbsp;<\/span><\/span><span style=\"font-family: Arial, serif;\"><span>C<\/span><\/span><span style=\"font-family: Arial, serif;\"><span>urs<\/span><\/span><span style=\"font-family: Arial, serif;\"><span>o<\/span><\/span><span style=\"font-family: Arial, serif;\"><span>u<\/span><\/span><span style=\"font-family: Arial, serif;\"><span>&nbsp;<\/span><\/span><span style=\"font-family: Arial, serif;\"><span>Licen<\/span><\/span><span style=\"font-family: Arial, serif;\"><span>cia<\/span><\/span><span style=\"font-family: Arial, serif;\"><span>tura Plena em L\u00edngua Portuguesa e&nbsp;<\/span><\/span><span style=\"font-family: Arial, serif;\"><span>I<\/span><\/span><span style=\"font-family: Arial, serif;\"><span>nglesa&nbsp;<\/span><\/span><span style=\"font-family: Arial, serif;\"><span>e&nbsp;<\/span><\/span><span style=\"font-family: Arial, serif;\"><span>lecionou, por anos, a&nbsp;<\/span><\/span><span style=\"font-family: Arial, serif;\"><span>disciplina<\/span><\/span><span style=\"font-family: Arial, serif;\"><span>&nbsp;<\/span><\/span><span style=\"font-family: Arial, serif;\"><span>de&nbsp;<\/span><\/span><span style=\"font-family: Arial, serif;\"><span>i<\/span><\/span><span style=\"font-family: Arial, serif;\"><span>ngl\u00eas<\/span><\/span><span style=\"font-family: Arial, serif;\"><span>&nbsp;<\/span><\/span><span style=\"font-family: Arial, serif;\"><span>por meio da&nbsp;<\/span><\/span><span style=\"font-family: Arial, serif;\"><span>23\u00aa SRE-Muria\u00e9.<\/span><\/span><\/p>\n<p align=\"justify\"><!--more--><\/p>\n<p style=\"text-align: justify;\" align=\"justify\"><span style=\"font-family: Arial, serif;\"><span>Ermes Luppi \u00e9<\/span><\/span><span style=\"font-family: Arial, serif;\"><span>&nbsp;<\/span><\/span><span style=\"font-family: Arial, sans-serif;\"><span>ex-funcion\u00e1rio d<\/span><\/span><span style=\"font-family: Arial, sans-serif;\"><span>o setor de patrim\u00f4nio d<\/span><\/span><span style=\"font-family: Arial, sans-serif;\"><span>a&nbsp;<\/span><\/span><span style=\"font-family: Arial, sans-serif;\"><span>P<\/span><\/span><span style=\"font-family: Arial, sans-serif;\"><span>refeitura&nbsp;<\/span><\/span><span style=\"font-family: Arial, sans-serif;\"><span>Municipal<\/span><\/span><span style=\"font-family: Arial, sans-serif;\"><span>.<\/span><\/span><\/p>\n<p align=\"justify\"><a href=\"http:\/\/folhadosudeste.com\/site\/wp-content\/uploads\/2022\/05\/ERmes-Luppi-foto.jpg\"><img loading=\"lazy\" decoding=\"async\" class=\"alignnone size-full wp-image-82220\" src=\"http:\/\/folhadosudeste.com\/site\/wp-content\/uploads\/2022\/05\/ERmes-Luppi-foto.jpg\" alt=\"\" width=\"1917\" height=\"2048\" srcset=\"https:\/\/folhadosudeste.com\/site\/wp-content\/uploads\/2022\/05\/ERmes-Luppi-foto.jpg 1917w, https:\/\/folhadosudeste.com\/site\/wp-content\/uploads\/2022\/05\/ERmes-Luppi-foto-281x300.jpg 281w, https:\/\/folhadosudeste.com\/site\/wp-content\/uploads\/2022\/05\/ERmes-Luppi-foto-768x821.jpg 768w, https:\/\/folhadosudeste.com\/site\/wp-content\/uploads\/2022\/05\/ERmes-Luppi-foto-958x1024.jpg 958w\" sizes=\"auto, (max-width: 1917px) 100vw, 1917px\" \/><\/a><\/p>\n<p align=\"justify\">&nbsp;<\/p>\n","protected":false},"excerpt":{"rendered":"<p>O lan\u00e7amento do livro \u2018Uma reflex\u00e3o por&nbsp;dia\u201d,&nbsp;de Hermes Luppi, ser\u00e1 no dia 14 de junho, no Teatro Zaccaria Marques. O trabalho \u00e9 composto de 366 pensamentos, ora\u00e7\u00f5es, signos zodiacais. Incentivado pela Prefeitura de Muria\u00e9, por meio da Fundarte, a obra foi criada para conduzir pessoas&nbsp;a medita\u00e7\u00e3o,&nbsp;buscando o desenvolvimento espiritual. \u201cNeste exemplar, buscamos o pensamento do [&hellip;]<\/p>\n","protected":false},"author":6,"featured_media":0,"comment_status":"open","ping_status":"closed","sticky":false,"template":"","format":"standard","meta":{"_joinchat":[],"footnotes":""},"categories":[1],"tags":[],"class_list":["post-82218","post","type-post","status-publish","format-standard","hentry","category-sem-categoria"],"_links":{"self":[{"href":"https:\/\/folhadosudeste.com\/site\/index.php?rest_route=\/wp\/v2\/posts\/82218","targetHints":{"allow":["GET"]}}],"collection":[{"href":"https:\/\/folhadosudeste.com\/site\/index.php?rest_route=\/wp\/v2\/posts"}],"about":[{"href":"https:\/\/folhadosudeste.com\/site\/index.php?rest_route=\/wp\/v2\/types\/post"}],"author":[{"embeddable":true,"href":"https:\/\/folhadosudeste.com\/site\/index.php?rest_route=\/wp\/v2\/users\/6"}],"replies":[{"embeddable":true,"href":"https:\/\/folhadosudeste.com\/site\/index.php?rest_route=%2Fwp%2Fv2%2Fcomments&post=82218"}],"version-history":[{"count":1,"href":"https:\/\/folhadosudeste.com\/site\/index.php?rest_route=\/wp\/v2\/posts\/82218\/revisions"}],"predecessor-version":[{"id":82221,"href":"https:\/\/folhadosudeste.com\/site\/index.php?rest_route=\/wp\/v2\/posts\/82218\/revisions\/82221"}],"wp:attachment":[{"href":"https:\/\/folhadosudeste.com\/site\/index.php?rest_route=%2Fwp%2Fv2%2Fmedia&parent=82218"}],"wp:term":[{"taxonomy":"category","embeddable":true,"href":"https:\/\/folhadosudeste.com\/site\/index.php?rest_route=%2Fwp%2Fv2%2Fcategories&post=82218"},{"taxonomy":"post_tag","embeddable":true,"href":"https:\/\/folhadosudeste.com\/site\/index.php?rest_route=%2Fwp%2Fv2%2Ftags&post=82218"}],"curies":[{"name":"wp","href":"https:\/\/api.w.org\/{rel}","templated":true}]}}