{"id":82222,"date":"2022-05-31T13:00:02","date_gmt":"2022-05-31T13:00:02","guid":{"rendered":"http:\/\/folhadosudeste.com\/site\/?p=82222"},"modified":"2022-05-31T14:42:07","modified_gmt":"2022-05-31T14:42:07","slug":"policia-civil-apreende-mais-de-65-barras-de-maconha-em-vicosa","status":"publish","type":"post","link":"https:\/\/folhadosudeste.com\/site\/?p=82222","title":{"rendered":"Pol\u00edcia Civil apreende mais de 65 barras de maconha em Vi\u00e7osa"},"content":{"rendered":"<div>\n<p><a href=\"http:\/\/folhadosudeste.com\/site\/wp-content\/uploads\/2022\/05\/WhatsApp-Image-2022-05-31-at-09.39.02.jpeg\"><img loading=\"lazy\" decoding=\"async\" class=\"alignnone size-full wp-image-82223\" src=\"http:\/\/folhadosudeste.com\/site\/wp-content\/uploads\/2022\/05\/WhatsApp-Image-2022-05-31-at-09.39.02.jpeg\" alt=\"\" width=\"1599\" height=\"777\" srcset=\"https:\/\/folhadosudeste.com\/site\/wp-content\/uploads\/2022\/05\/WhatsApp-Image-2022-05-31-at-09.39.02.jpeg 1599w, https:\/\/folhadosudeste.com\/site\/wp-content\/uploads\/2022\/05\/WhatsApp-Image-2022-05-31-at-09.39.02-300x146.jpeg 300w, https:\/\/folhadosudeste.com\/site\/wp-content\/uploads\/2022\/05\/WhatsApp-Image-2022-05-31-at-09.39.02-768x373.jpeg 768w, https:\/\/folhadosudeste.com\/site\/wp-content\/uploads\/2022\/05\/WhatsApp-Image-2022-05-31-at-09.39.02-1024x498.jpeg 1024w\" sizes=\"auto, (max-width: 1599px) 100vw, 1599px\" \/><\/a><\/p>\n<p style=\"text-align: justify;\"><em>A\u00e7\u00e3o integrada entre policiais civis das Delegacias Regionais em Vi\u00e7osa e S\u00e3o Jo\u00e3o del-Rei culminou na pris\u00e3o de um suspeito. Drogas sint\u00e9ticas e um ve\u00edculo tamb\u00e9m foram apreendidos.<\/em><\/p>\n<p>&nbsp;<\/p>\n<p style=\"text-align: justify;\">Na segunda-feira (30\/5), a Pol\u00edcia Civil de Minas Gerais (PCMG) apreendeu 65 barras de maconha, no munic\u00edpio de Vi\u00e7osa, na Zona da Mata mineira, durante a realiza\u00e7\u00e3o da opera\u00e7\u00e3o Curinga Final. Na ocasi\u00e3o, foram localizados drogas sint\u00e9ticas, m\u00e1quina de cart\u00e3o de cr\u00e9dito e cheques. Tamb\u00e9m foi apreendido um ve\u00edculo que seria supostamente utilizado para transporte de entorpecentes.<\/p>\n<p style=\"text-align: justify;\">Segundo informa\u00e7\u00f5es do delegado regional em Vi\u00e7osa, Jos\u00e9 Donizetti Teixeira, foi uma a\u00e7\u00e3o integrada entre a 5\u00aa Delegacia Regional de Pol\u00edcia Civil em Vi\u00e7osa, pertencente ao 4\u00ba Departamento da PCMG, e a 3\u00aa Delegacia Regional de Pol\u00edcia Civil em S\u00e3o Jo\u00e3o del-Rei, unidade que integra o 13\u00ba Departamento da PCMG. A a\u00e7\u00e3o teve a finalidade de reprimir o crime de tr\u00e1fico de drogas e resultou no cumprimento de mandado de busca e apreens\u00e3o, expedido pelo ju\u00edzo da comarca de S\u00e3o Jo\u00e3o Del-Rei, em desfavor de um investigado, de 28 anos, que se encontra foragido.<\/p>\n<\/div>\n<p><!--more--><\/p>\n<p style=\"text-align: justify;\">Durante as buscas realizadas na resid\u00eancia dele, no interior de uma mala de viagem, foram encontrados as barras de maconha, LSD, ecstasy, anabolizantes, m\u00e1quina de cart\u00e3o de cr\u00e9dito e cheques. No mesmo terreno, havia a serralheria do suspeito, onde o funcion\u00e1rio dele foi preso em flagrante com uma por\u00e7\u00e3o de subst\u00e2ncia an\u00e1loga \u00e0 maconha, comprimidos de ecstasy e LSD. Al\u00e9m disso, as subst\u00e2ncias apresentavam caracter\u00edsticas semelhantes \u00e0quelas apreendidas no im\u00f3vel do empregador dele, inclusive as embalagens, demonstrando que o funcion\u00e1rio estaria supostamente associado \u00e0 explora\u00e7\u00e3o do tr\u00e1fico de drogas.<\/p>\n<p style=\"text-align: justify;\">Ap\u00f3s a formaliza\u00e7\u00e3o do flagrante, o suspeito foi encaminhado ao sistema prisional, onde permanece \u00e0 disposi\u00e7\u00e3o da Justi\u00e7a. Os trabalhos investigativos prosseguem visando capturar o outro suspeito.<\/p>\n<p style=\"text-align: justify;\"><a href=\"http:\/\/folhadosudeste.com\/site\/wp-content\/uploads\/2022\/05\/WhatsApp-Image-2022-05-31-at-09.39.011.jpeg\"><img loading=\"lazy\" decoding=\"async\" class=\"alignnone size-full wp-image-82224\" src=\"http:\/\/folhadosudeste.com\/site\/wp-content\/uploads\/2022\/05\/WhatsApp-Image-2022-05-31-at-09.39.011.jpeg\" alt=\"\" width=\"777\" height=\"1599\" srcset=\"https:\/\/folhadosudeste.com\/site\/wp-content\/uploads\/2022\/05\/WhatsApp-Image-2022-05-31-at-09.39.011.jpeg 777w, https:\/\/folhadosudeste.com\/site\/wp-content\/uploads\/2022\/05\/WhatsApp-Image-2022-05-31-at-09.39.011-146x300.jpeg 146w, https:\/\/folhadosudeste.com\/site\/wp-content\/uploads\/2022\/05\/WhatsApp-Image-2022-05-31-at-09.39.011-768x1580.jpeg 768w, https:\/\/folhadosudeste.com\/site\/wp-content\/uploads\/2022\/05\/WhatsApp-Image-2022-05-31-at-09.39.011-498x1024.jpeg 498w\" sizes=\"auto, (max-width: 777px) 100vw, 777px\" \/><\/a> <a href=\"http:\/\/folhadosudeste.com\/site\/wp-content\/uploads\/2022\/05\/WhatsApp-Image-2022-05-31-at-09.39.01.jpeg\"><img loading=\"lazy\" decoding=\"async\" class=\"alignnone size-full wp-image-82225\" src=\"http:\/\/folhadosudeste.com\/site\/wp-content\/uploads\/2022\/05\/WhatsApp-Image-2022-05-31-at-09.39.01.jpeg\" alt=\"\" width=\"777\" height=\"1599\" srcset=\"https:\/\/folhadosudeste.com\/site\/wp-content\/uploads\/2022\/05\/WhatsApp-Image-2022-05-31-at-09.39.01.jpeg 777w, https:\/\/folhadosudeste.com\/site\/wp-content\/uploads\/2022\/05\/WhatsApp-Image-2022-05-31-at-09.39.01-146x300.jpeg 146w, https:\/\/folhadosudeste.com\/site\/wp-content\/uploads\/2022\/05\/WhatsApp-Image-2022-05-31-at-09.39.01-768x1580.jpeg 768w, https:\/\/folhadosudeste.com\/site\/wp-content\/uploads\/2022\/05\/WhatsApp-Image-2022-05-31-at-09.39.01-498x1024.jpeg 498w\" sizes=\"auto, (max-width: 777px) 100vw, 777px\" \/><\/a><\/p>\n<div style=\"width: 640px;\" class=\"wp-video\"><!--[if lt IE 9]><script>document.createElement('video');<\/script><![endif]-->\n<video class=\"wp-video-shortcode\" id=\"video-82222-1\" width=\"640\" height=\"352\" preload=\"metadata\" controls=\"controls\"><source type=\"video\/mp4\" src=\"http:\/\/folhadosudeste.com\/site\/wp-content\/uploads\/2022\/05\/WhatsApp-Video-2022-05-31-at-09.39.28.mp4?_=1\" \/><a href=\"http:\/\/folhadosudeste.com\/site\/wp-content\/uploads\/2022\/05\/WhatsApp-Video-2022-05-31-at-09.39.28.mp4\">http:\/\/folhadosudeste.com\/site\/wp-content\/uploads\/2022\/05\/WhatsApp-Video-2022-05-31-at-09.39.28.mp4<\/a><\/video><\/div>\n","protected":false},"excerpt":{"rendered":"<p>A\u00e7\u00e3o integrada entre policiais civis das Delegacias Regionais em Vi\u00e7osa e S\u00e3o Jo\u00e3o del-Rei culminou na pris\u00e3o de um suspeito. Drogas sint\u00e9ticas e um ve\u00edculo tamb\u00e9m foram apreendidos. &nbsp; Na segunda-feira (30\/5), a Pol\u00edcia Civil de Minas Gerais (PCMG) apreendeu 65 barras de maconha, no munic\u00edpio de Vi\u00e7osa, na Zona da Mata mineira, durante a [&hellip;]<\/p>\n","protected":false},"author":6,"featured_media":0,"comment_status":"open","ping_status":"closed","sticky":false,"template":"","format":"standard","meta":{"_joinchat":[],"footnotes":""},"categories":[1],"tags":[],"class_list":["post-82222","post","type-post","status-publish","format-standard","hentry","category-sem-categoria"],"_links":{"self":[{"href":"https:\/\/folhadosudeste.com\/site\/index.php?rest_route=\/wp\/v2\/posts\/82222","targetHints":{"allow":["GET"]}}],"collection":[{"href":"https:\/\/folhadosudeste.com\/site\/index.php?rest_route=\/wp\/v2\/posts"}],"about":[{"href":"https:\/\/folhadosudeste.com\/site\/index.php?rest_route=\/wp\/v2\/types\/post"}],"author":[{"embeddable":true,"href":"https:\/\/folhadosudeste.com\/site\/index.php?rest_route=\/wp\/v2\/users\/6"}],"replies":[{"embeddable":true,"href":"https:\/\/folhadosudeste.com\/site\/index.php?rest_route=%2Fwp%2Fv2%2Fcomments&post=82222"}],"version-history":[{"count":2,"href":"https:\/\/folhadosudeste.com\/site\/index.php?rest_route=\/wp\/v2\/posts\/82222\/revisions"}],"predecessor-version":[{"id":82229,"href":"https:\/\/folhadosudeste.com\/site\/index.php?rest_route=\/wp\/v2\/posts\/82222\/revisions\/82229"}],"wp:attachment":[{"href":"https:\/\/folhadosudeste.com\/site\/index.php?rest_route=%2Fwp%2Fv2%2Fmedia&parent=82222"}],"wp:term":[{"taxonomy":"category","embeddable":true,"href":"https:\/\/folhadosudeste.com\/site\/index.php?rest_route=%2Fwp%2Fv2%2Fcategories&post=82222"},{"taxonomy":"post_tag","embeddable":true,"href":"https:\/\/folhadosudeste.com\/site\/index.php?rest_route=%2Fwp%2Fv2%2Ftags&post=82222"}],"curies":[{"name":"wp","href":"https:\/\/api.w.org\/{rel}","templated":true}]}}