{"id":82255,"date":"2022-06-01T15:28:01","date_gmt":"2022-06-01T15:28:01","guid":{"rendered":"http:\/\/folhadosudeste.com\/site\/?p=82255"},"modified":"2022-06-01T15:28:01","modified_gmt":"2022-06-01T15:28:01","slug":"inscricoes-abertas-para-curso-gratuito-de-panificacao-em-muriae","status":"publish","type":"post","link":"https:\/\/folhadosudeste.com\/site\/?p=82255","title":{"rendered":"Inscri\u00e7\u00f5es abertas para curso gratuito de panifica\u00e7\u00e3o em Muria\u00e9"},"content":{"rendered":"<div><a href=\"http:\/\/folhadosudeste.com\/site\/wp-content\/uploads\/2022\/06\/curso.jpeg\"><img loading=\"lazy\" decoding=\"async\" class=\"alignnone size-full wp-image-82256\" src=\"http:\/\/folhadosudeste.com\/site\/wp-content\/uploads\/2022\/06\/curso.jpeg\" alt=\"\" width=\"1280\" height=\"1280\" srcset=\"https:\/\/folhadosudeste.com\/site\/wp-content\/uploads\/2022\/06\/curso.jpeg 1280w, https:\/\/folhadosudeste.com\/site\/wp-content\/uploads\/2022\/06\/curso-150x150.jpeg 150w, https:\/\/folhadosudeste.com\/site\/wp-content\/uploads\/2022\/06\/curso-300x300.jpeg 300w, https:\/\/folhadosudeste.com\/site\/wp-content\/uploads\/2022\/06\/curso-768x768.jpeg 768w, https:\/\/folhadosudeste.com\/site\/wp-content\/uploads\/2022\/06\/curso-1024x1024.jpeg 1024w\" sizes=\"auto, (max-width: 1280px) 100vw, 1280px\" \/><\/a><\/div>\n<div style=\"text-align: justify;\">O programa &#8220;Minha Vez&#8221;, da Prefeitura de Muria\u00e9, est\u00e1 com inscri\u00e7\u00f5es abertas para mais um curso gratuito de capacita\u00e7\u00e3o profissional. Desta vez, a oportunidade \u00e9 no setor de panifica\u00e7\u00e3o, com instru\u00e7\u00f5es sobre preparo de p\u00e3es, roscas e biscoitos.<\/div>\n<div style=\"text-align: justify;\">&nbsp;<\/div>\n<div style=\"text-align: justify;\">As inscri\u00e7\u00f5es s\u00e3o somente at\u00e9 quinta-feira, 2 de junho, e devem ser feitas presencialmente no Centro de Treinamento Profissional (CTP). O endere\u00e7o \u00e9 rua Itagiba de Oliveira, 410, Barra, ao lado do CRAS. O hor\u00e1rio de atendimento \u00e9 das 8h \u00e0s 17h.<\/div>\n<div style=\"text-align: justify;\">&nbsp;<\/div>\n<div style=\"text-align: justify;\">Para inscrever, \u00e9 necess\u00e1rio apresentar documento de identidade e CPF. A idade m\u00ednima para participar \u00e9 15 anos.<\/div>\n<div style=\"text-align: justify;\">&nbsp;<\/div>\n<div style=\"text-align: justify;\">As aulas acontecem na pr\u00f3xima semana, entre os dias 6 e 10 de junho, no pr\u00f3prio CTP. Ser\u00e3o duas turmas: uma das 8h \u00e0s 12h e outra das 13h \u00e0s 17h.<\/div>\n<p><!--more--><\/p>\n<div style=\"text-align: justify;\">O programa Minha Vez \u00e9 uma realiza\u00e7\u00e3o da Prefeitura de Muria\u00e9 (atrav\u00e9s da atua\u00e7\u00e3o das secretarias municipais de Desenvolvimento Econ\u00f4mico e Desenvolvimento Social). Os cursos oferecidos acontecem pela parceria com o Senac Minas, Sicoob Credisudeste e C\u00e2mara de Dirigentes Lojistas (CDL\/ACE Mais).<\/div>\n","protected":false},"excerpt":{"rendered":"<p>O programa &#8220;Minha Vez&#8221;, da Prefeitura de Muria\u00e9, est\u00e1 com inscri\u00e7\u00f5es abertas para mais um curso gratuito de capacita\u00e7\u00e3o profissional. Desta vez, a oportunidade \u00e9 no setor de panifica\u00e7\u00e3o, com instru\u00e7\u00f5es sobre preparo de p\u00e3es, roscas e biscoitos. &nbsp; As inscri\u00e7\u00f5es s\u00e3o somente at\u00e9 quinta-feira, 2 de junho, e devem ser feitas presencialmente no Centro [&hellip;]<\/p>\n","protected":false},"author":6,"featured_media":0,"comment_status":"open","ping_status":"closed","sticky":false,"template":"","format":"standard","meta":{"_joinchat":[],"footnotes":""},"categories":[1],"tags":[],"class_list":["post-82255","post","type-post","status-publish","format-standard","hentry","category-sem-categoria"],"_links":{"self":[{"href":"https:\/\/folhadosudeste.com\/site\/index.php?rest_route=\/wp\/v2\/posts\/82255","targetHints":{"allow":["GET"]}}],"collection":[{"href":"https:\/\/folhadosudeste.com\/site\/index.php?rest_route=\/wp\/v2\/posts"}],"about":[{"href":"https:\/\/folhadosudeste.com\/site\/index.php?rest_route=\/wp\/v2\/types\/post"}],"author":[{"embeddable":true,"href":"https:\/\/folhadosudeste.com\/site\/index.php?rest_route=\/wp\/v2\/users\/6"}],"replies":[{"embeddable":true,"href":"https:\/\/folhadosudeste.com\/site\/index.php?rest_route=%2Fwp%2Fv2%2Fcomments&post=82255"}],"version-history":[{"count":1,"href":"https:\/\/folhadosudeste.com\/site\/index.php?rest_route=\/wp\/v2\/posts\/82255\/revisions"}],"predecessor-version":[{"id":82257,"href":"https:\/\/folhadosudeste.com\/site\/index.php?rest_route=\/wp\/v2\/posts\/82255\/revisions\/82257"}],"wp:attachment":[{"href":"https:\/\/folhadosudeste.com\/site\/index.php?rest_route=%2Fwp%2Fv2%2Fmedia&parent=82255"}],"wp:term":[{"taxonomy":"category","embeddable":true,"href":"https:\/\/folhadosudeste.com\/site\/index.php?rest_route=%2Fwp%2Fv2%2Fcategories&post=82255"},{"taxonomy":"post_tag","embeddable":true,"href":"https:\/\/folhadosudeste.com\/site\/index.php?rest_route=%2Fwp%2Fv2%2Ftags&post=82255"}],"curies":[{"name":"wp","href":"https:\/\/api.w.org\/{rel}","templated":true}]}}