{"id":82258,"date":"2022-06-01T15:33:39","date_gmt":"2022-06-01T15:33:39","guid":{"rendered":"http:\/\/folhadosudeste.com\/site\/?p=82258"},"modified":"2022-06-01T15:33:39","modified_gmt":"2022-06-01T15:33:39","slug":"pcmg-prende-suspeito-por-roubo-e-recupera-joias-em-vicosa","status":"publish","type":"post","link":"https:\/\/folhadosudeste.com\/site\/?p=82258","title":{"rendered":"PCMG prende suspeito por roubo e recupera joias em Vi\u00e7osa"},"content":{"rendered":"<p><a href=\"http:\/\/folhadosudeste.com\/site\/wp-content\/uploads\/2022\/06\/WhatsApp-Image-2022-05-31-at-20.52.03.jpeg\"><img loading=\"lazy\" decoding=\"async\" class=\"alignnone size-full wp-image-82259\" src=\"http:\/\/folhadosudeste.com\/site\/wp-content\/uploads\/2022\/06\/WhatsApp-Image-2022-05-31-at-20.52.03.jpeg\" alt=\"\" width=\"1280\" height=\"765\" srcset=\"https:\/\/folhadosudeste.com\/site\/wp-content\/uploads\/2022\/06\/WhatsApp-Image-2022-05-31-at-20.52.03.jpeg 1280w, https:\/\/folhadosudeste.com\/site\/wp-content\/uploads\/2022\/06\/WhatsApp-Image-2022-05-31-at-20.52.03-300x179.jpeg 300w, https:\/\/folhadosudeste.com\/site\/wp-content\/uploads\/2022\/06\/WhatsApp-Image-2022-05-31-at-20.52.03-768x459.jpeg 768w, https:\/\/folhadosudeste.com\/site\/wp-content\/uploads\/2022\/06\/WhatsApp-Image-2022-05-31-at-20.52.03-1024x612.jpeg 1024w\" sizes=\"auto, (max-width: 1280px) 100vw, 1280px\" \/><\/a><\/p>\n<p style=\"text-align: justify;\"><em>Desdobramento da a\u00e7\u00e3o resultou na pris\u00e3o de outro investigado por tr\u00e1fico. Um adolescente e drogas tamb\u00e9m foram apreendidos.<\/em><\/p>\n<p style=\"text-align: justify;\">&nbsp;<\/p>\n<p style=\"text-align: justify;\">A Pol\u00edcia Civil de Minas Gerais (PCMG) prendeu em flagrante, nessa ter\u00e7a-feira (31\/5), um jovem, de 22 anos, suspeito de ter cometido o crime de roubo, ocorrido no dia anterior (30\/5), em uma joalheria localizada na \u00e1rea central do munic\u00edpio de Vi\u00e7osa, na Zona da Mata mineira.&nbsp;<\/p>\n<p style=\"text-align: justify;\">Por meio de ininterruptos levantamentos, a equipe da Delegacia de Furtos e Roubos da 5\u00aa Delegacia Regional em Vi\u00e7osa, pertencente ao 4\u00ba Departamento da PCMG, conseguiu identificar e prender um dos suspeitos respons\u00e1veis pelo crime, recuperando tamb\u00e9m parte das joias que haviam sido roubadas.&nbsp;<\/p>\n<p style=\"text-align: justify;\">Ap\u00f3s a formaliza\u00e7\u00e3o do flagrante, o suspeito foi encaminhado ao sistema prisional, onde permanece \u00e0 disposi\u00e7\u00e3o da Justi\u00e7a. Outro investigado por participa\u00e7\u00e3o no roubo est\u00e1 foragido, mas os trabalhos investigativos prosseguem visando capturar o suspeito.<\/p>\n<p><!--more--><\/p>\n<p style=\"text-align: justify;\"><strong>Desdobramentos da a\u00e7\u00e3o<\/strong><\/p>\n<p style=\"text-align: justify;\">Ainda na mesma a\u00e7\u00e3o, os policiais civis tamb\u00e9m abordaram outro indiv\u00edduo, de 19 anos, e um adolescente, de 17, com 38 de pinos de coca\u00edna, por\u00e7\u00e3o de maconha, buchas e material para fabrica\u00e7\u00e3o de &#8216;lol\u00f3&#8217;. Tamb\u00e9m foram apreendidos 100 pinos vazios utilizados para armazenamento de coca\u00edna, al\u00e9m de balan\u00e7a de precis\u00e3o, m\u00e1quina de cart\u00e3o de cr\u00e9dito, entre outros materiais.&nbsp;<\/p>\n<p style=\"text-align: justify;\">O jovem de 19 anos tamb\u00e9m foi encaminhado ao sistema prisional, onde permanece \u00e0 disposi\u00e7\u00e3o da Justi\u00e7a. Ap\u00f3s a realiza\u00e7\u00e3o das medidas legais, o adolescente foi entregue ao respons\u00e1vel.<\/p>\n<div style=\"width: 640px;\" class=\"wp-video\"><!--[if lt IE 9]><script>document.createElement('video');<\/script><![endif]-->\n<video class=\"wp-video-shortcode\" id=\"video-82258-1\" width=\"640\" height=\"352\" preload=\"metadata\" controls=\"controls\"><source type=\"video\/mp4\" src=\"http:\/\/folhadosudeste.com\/site\/wp-content\/uploads\/2022\/06\/WhatsApp-Video-2022-05-31-at-20.52.02.mp4?_=1\" \/><a href=\"http:\/\/folhadosudeste.com\/site\/wp-content\/uploads\/2022\/06\/WhatsApp-Video-2022-05-31-at-20.52.02.mp4\">http:\/\/folhadosudeste.com\/site\/wp-content\/uploads\/2022\/06\/WhatsApp-Video-2022-05-31-at-20.52.02.mp4<\/a><\/video><\/div>\n<div>\n<div style=\"text-align: justify;\">&nbsp;<\/div>\n<\/div>\n","protected":false},"excerpt":{"rendered":"<p>Desdobramento da a\u00e7\u00e3o resultou na pris\u00e3o de outro investigado por tr\u00e1fico. Um adolescente e drogas tamb\u00e9m foram apreendidos. &nbsp; A Pol\u00edcia Civil de Minas Gerais (PCMG) prendeu em flagrante, nessa ter\u00e7a-feira (31\/5), um jovem, de 22 anos, suspeito de ter cometido o crime de roubo, ocorrido no dia anterior (30\/5), em uma joalheria localizada na [&hellip;]<\/p>\n","protected":false},"author":6,"featured_media":0,"comment_status":"open","ping_status":"closed","sticky":false,"template":"","format":"standard","meta":{"_joinchat":[],"footnotes":""},"categories":[1],"tags":[],"class_list":["post-82258","post","type-post","status-publish","format-standard","hentry","category-sem-categoria"],"_links":{"self":[{"href":"https:\/\/folhadosudeste.com\/site\/index.php?rest_route=\/wp\/v2\/posts\/82258","targetHints":{"allow":["GET"]}}],"collection":[{"href":"https:\/\/folhadosudeste.com\/site\/index.php?rest_route=\/wp\/v2\/posts"}],"about":[{"href":"https:\/\/folhadosudeste.com\/site\/index.php?rest_route=\/wp\/v2\/types\/post"}],"author":[{"embeddable":true,"href":"https:\/\/folhadosudeste.com\/site\/index.php?rest_route=\/wp\/v2\/users\/6"}],"replies":[{"embeddable":true,"href":"https:\/\/folhadosudeste.com\/site\/index.php?rest_route=%2Fwp%2Fv2%2Fcomments&post=82258"}],"version-history":[{"count":1,"href":"https:\/\/folhadosudeste.com\/site\/index.php?rest_route=\/wp\/v2\/posts\/82258\/revisions"}],"predecessor-version":[{"id":82261,"href":"https:\/\/folhadosudeste.com\/site\/index.php?rest_route=\/wp\/v2\/posts\/82258\/revisions\/82261"}],"wp:attachment":[{"href":"https:\/\/folhadosudeste.com\/site\/index.php?rest_route=%2Fwp%2Fv2%2Fmedia&parent=82258"}],"wp:term":[{"taxonomy":"category","embeddable":true,"href":"https:\/\/folhadosudeste.com\/site\/index.php?rest_route=%2Fwp%2Fv2%2Fcategories&post=82258"},{"taxonomy":"post_tag","embeddable":true,"href":"https:\/\/folhadosudeste.com\/site\/index.php?rest_route=%2Fwp%2Fv2%2Ftags&post=82258"}],"curies":[{"name":"wp","href":"https:\/\/api.w.org\/{rel}","templated":true}]}}