{"id":82263,"date":"2022-06-01T18:53:13","date_gmt":"2022-06-01T18:53:13","guid":{"rendered":"http:\/\/folhadosudeste.com\/site\/?p=82263"},"modified":"2022-06-01T18:53:13","modified_gmt":"2022-06-01T18:53:13","slug":"gastronomia-na-serra-inicia-nesta-quinta2-em-pirapanema-veja-agenda","status":"publish","type":"post","link":"https:\/\/folhadosudeste.com\/site\/?p=82263","title":{"rendered":"Gastronomia na Serra inicia nesta quinta(2) em Pirapanema; veja agenda"},"content":{"rendered":"<p><a href=\"http:\/\/folhadosudeste.com\/site\/wp-content\/uploads\/2022\/06\/LOGO-GASTRONOMIA-2022.png\"><img loading=\"lazy\" decoding=\"async\" class=\"alignnone size-full wp-image-82264\" src=\"http:\/\/folhadosudeste.com\/site\/wp-content\/uploads\/2022\/06\/LOGO-GASTRONOMIA-2022.png\" alt=\"\" width=\"2048\" height=\"1548\" srcset=\"https:\/\/folhadosudeste.com\/site\/wp-content\/uploads\/2022\/06\/LOGO-GASTRONOMIA-2022.png 2048w, https:\/\/folhadosudeste.com\/site\/wp-content\/uploads\/2022\/06\/LOGO-GASTRONOMIA-2022-300x227.png 300w, https:\/\/folhadosudeste.com\/site\/wp-content\/uploads\/2022\/06\/LOGO-GASTRONOMIA-2022-768x581.png 768w, https:\/\/folhadosudeste.com\/site\/wp-content\/uploads\/2022\/06\/LOGO-GASTRONOMIA-2022-1024x774.png 1024w\" sizes=\"auto, (max-width: 2048px) 100vw, 2048px\" \/><\/a><\/p>\n<p style=\"text-align: justify;\"><span style=\"font-family: Arial, sans-serif;\">A 10\u00aa&nbsp;<\/span><span style=\"font-family: Arial, sans-serif;\">E<\/span><span style=\"font-family: Arial, sans-serif;\">di\u00e7\u00e3o<\/span><span style=\"font-family: Arial, sans-serif;\">&nbsp;<\/span><span style=\"font-family: Arial, sans-serif;\">Gastronomia na Serra&nbsp;<\/span><span style=\"font-family: Arial, sans-serif;\">acontecer\u00e1&nbsp;<\/span><span style=\"font-family: Arial, sans-serif;\">no distrito de Pirapanema,&nbsp;<\/span><span style=\"font-family: Arial, sans-serif;\">a partir desta quinta-feira (02),&nbsp;<\/span><span style=\"font-family: Arial, sans-serif;\">\u00e0<\/span><span style=\"font-family: Arial, sans-serif;\">s 19h<\/span><span style=\"font-family: Arial, sans-serif;\">.<\/span><span style=\"font-family: Arial, sans-serif;\">&nbsp;O evento&nbsp;<\/span><span style=\"font-family: Arial, sans-serif;\">\u00e9&nbsp;<\/span><span style=\"font-family: Arial, sans-serif;\">realizado pela&nbsp;<\/span><span style=\"font-family: Arial, sans-serif;\">Fun<\/span><span style=\"font-family: Arial, sans-serif;\">darte &#8211;&nbsp;<\/span><span style=\"font-family: Arial, sans-serif;\">Prefeitura de Muria\u00e9 -,&nbsp;<\/span><span style=\"font-family: Arial, sans-serif;\">e&nbsp;<\/span><span style=\"font-family: Arial, sans-serif;\">envolve&nbsp;<\/span><span style=\"font-family: Arial, sans-serif;\">uma multiplicidade de<\/span><span style=\"font-family: Arial, sans-serif;\">&nbsp;ambientes&nbsp;<\/span><span style=\"font-family: Arial, sans-serif;\">como restaurantes<\/span><span style=\"font-family: Arial, sans-serif;\">&nbsp;com pratos t\u00edpicos,&nbsp;<\/span><span style=\"font-family: Arial, sans-serif;\">palcos diferenciados para show<\/span><span style=\"font-family: Arial, sans-serif;\">s<\/span><span style=\"font-family: Arial, sans-serif;\">&nbsp;de bandas de&nbsp;<\/span><span style=\"font-family: Arial, sans-serif;\">MPB,&nbsp;<\/span><span style=\"font-family: Arial, sans-serif;\">rock&nbsp;<\/span><span style=\"font-family: Arial, sans-serif;\">e&nbsp;<\/span><span style=\"font-family: Arial, sans-serif;\">blues.<\/span><\/p>\n<p style=\"text-align: justify;\" align=\"justify\"><span style=\"font-family: Arial, sans-serif;\">O festival compreende tamb\u00e9m o Centro Cultural e Tur\u00edstico que reunir\u00e1 os artes\u00e3os da cidade e distritos&nbsp;<\/span><span style=\"font-family: Arial, sans-serif;\">com exposi\u00e7\u00e3o de<\/span><span style=\"font-family: Arial, sans-serif;\">&nbsp;artefatos em madeira, conjuntos para&nbsp;<\/span><span style=\"font-family: Arial, sans-serif;\">copa\/<\/span><span style=\"font-family: Arial, sans-serif;\">cozinha\/<\/span><span style=\"font-family: Arial, sans-serif;\">banheiros<\/span><span style=\"font-family: Arial, sans-serif;\">, compotas de&nbsp;<\/span><span style=\"font-family: Arial, sans-serif;\">doces,&nbsp;<\/span><span style=\"font-family: Arial, sans-serif;\">al\u00e9m de&nbsp;<\/span><span style=\"font-family: Arial, sans-serif;\">uma&nbsp;<\/span><span style=\"font-family: Arial, sans-serif;\">variada gama de&nbsp;<\/span><span style=\"font-family: Arial, sans-serif;\">sabores&nbsp;<\/span><span style=\"font-family: Arial, sans-serif;\">mineiros<\/span><span style=\"font-family: Arial, sans-serif;\">.<\/span><\/p>\n<p style=\"text-align: justify;\" align=\"justify\">A abertura do evento contar\u00e1 com a presen\u00e7a de autoridades e apresenta\u00e7\u00e3o da \u2018Banda Sociedade Musical Uni\u00e3o dos Artistas\u2019 e grupo \u2018Boca de Siri\u2019.<\/p>\n<p style=\"text-align: justify;\" align=\"justify\">Na sexta-feira (3), \u00e0s 17h, acontece a reabertura e inaugura\u00e7\u00e3o da reforma do Centro Cultural e Tur\u00edstico Carmelinda Guar\u00e7oni Baesso.<\/p>\n<p style=\"text-align: justify;\" align=\"justify\">Mais tarde, \u00e0s 20h, haver\u00e1 o grupo de pagode \u2018Batuque de 2\u2019 &#8211; palco \u2018Lounge da Serra\u2019.<\/p>\n<p style=\"text-align: justify;\" align=\"justify\">Simultaneamente, a banda \u2018Charanga Pop Street Band\u2019 caminhar\u00e1 pelas ruas de Pirapanema levando m\u00fasica aos bares e restaurantes do distrito durante todos os dias da festa. Para acompanhar, um pouco de divers\u00e3o com o grupo \u2018Companhia Anima\u2019.<\/p>\n<p align=\"justify\"><!--more--><\/p>\n<p style=\"text-align: justify;\" align=\"justify\">\u00c0s 23h, no palco da pra\u00e7a, ser\u00e1 o show da banda nacional, \u2018Bar\u00e3o Vermelho\u2019.<\/p>\n<p style=\"text-align: justify;\" align=\"justify\">No s\u00e1bado (4), \u00e0s 16h, no palco \u2018Lounge da Serra\u2019 se apresentar\u00e1 o grupo \u2018Arteria Trio\u2019 e, mais tarde, 20h, ser\u00e1 o show da banda \u2018Couro &amp; Corda\u2019 de Muria\u00e9, trazendo rock e MPB para o p\u00fablico.<\/p>\n<p style=\"text-align: justify;\" align=\"justify\">Neste dia 4, \u00e0s 16h, tamb\u00e9m haver\u00e1 apresenta\u00e7\u00e3o da Roda de Capoeira \u2018Funda\u00e7\u00e3o Internacional de Capoeira Artes das Gerais\u2019, na Pra\u00e7a Agostinho Pedrosa, para promover a mistura cultural no festival.<\/p>\n<p style=\"text-align: justify;\" align=\"justify\">Mais tarde, \u00e0s 22h30, sobe ao palco da pra\u00e7a a atra\u00e7\u00e3o nacional, \u2018Beto Guedes\u2019, que promete encantar os mineiros com as can\u00e7\u00f5es da MPB.<\/p>\n<p style=\"text-align: justify;\" align=\"justify\"><span style=\"font-family: Arial, sans-serif;\">D<\/span><span style=\"font-family: Arial, sans-serif;\">omingo (5), as festividades&nbsp;<\/span><span style=\"font-family: Arial, sans-serif;\">come\u00e7am&nbsp;<\/span><span style=\"font-family: Arial, sans-serif;\">\u00e0s 9h,<\/span><span style=\"font-family: Arial, sans-serif;\">&nbsp;com o VII Open de Parapente \u2013&nbsp;<\/span><span style=\"font-family: Arial, sans-serif;\">campeonato regional<\/span><span style=\"font-family: Arial, sans-serif;\">.<\/span><\/p>\n<p style=\"text-align: justify;\" align=\"justify\"><span style=\"font-family: Arial, sans-serif;\">Na sequ\u00eancia, \u00e0<\/span><span style=\"font-family: Arial, sans-serif;\">s 13<\/span><span style=\"font-family: Arial, sans-serif;\">h<\/span><span style=\"font-family: Arial, sans-serif;\">30,&nbsp;<\/span><span style=\"font-family: Arial, sans-serif;\">haver\u00e1<\/span><span style=\"font-family: Arial, sans-serif;\">&nbsp;show&nbsp;<\/span><span style=\"font-family: Arial, sans-serif;\">com&nbsp;<\/span><span style=\"font-family: Arial, sans-serif;\">o grupo&nbsp;<\/span><span style=\"font-family: Arial, sans-serif;\">\u2018Besouro Rosa da Esquina\u2019.<\/span><\/p>\n<p style=\"text-align: justify;\" align=\"justify\"><span style=\"font-family: Arial, sans-serif;\">A tarde, por volta de&nbsp;<\/span><span style=\"font-family: Arial, sans-serif;\">15<\/span><span style=\"font-family: Arial, sans-serif;\">h<\/span><span style=\"font-family: Arial, sans-serif;\">30,&nbsp;<\/span><span style=\"font-family: Arial, sans-serif;\">se apresenta a&nbsp;<\/span><span style=\"font-family: Arial, sans-serif;\">lend\u00e1ria banda&nbsp;<\/span><span style=\"font-family: Arial, sans-serif;\">muriaeense,&nbsp;<\/span><span style=\"font-family: Arial, sans-serif;\">\u2018Corpo Delito\u2019.<\/span><\/p>\n<p style=\"text-align: justify;\" align=\"justify\"><span style=\"font-family: Arial, sans-serif;\">O evento \u00e9 uma realiza\u00e7\u00e3o da&nbsp;<\/span><span style=\"font-family: Arial, sans-serif;\">Fundarte&nbsp;<\/span><span style=\"font-family: Arial, sans-serif;\">por meio da&nbsp;<\/span><span style=\"font-family: Arial, sans-serif;\">L<\/span><span style=\"font-family: Arial, sans-serif;\">ei de&nbsp;<\/span><span style=\"font-family: Arial, sans-serif;\">I<\/span><span style=\"font-family: Arial, sans-serif;\">ncentivo \u00e0&nbsp;<\/span><span style=\"font-family: Arial, sans-serif;\">C<\/span><span style=\"font-family: Arial, sans-serif;\">ultura e tem como proponente a Banda Sociedade Musical Uni\u00e3o dos Artistas, dentro do projeto Circuito Cultural Grande Hotel Muria<\/span><span style=\"font-family: Arial, sans-serif;\">\u00e9<\/span><span style=\"font-family: Arial, sans-serif;\">h.<\/span><\/p>\n<p style=\"text-align: justify;\" align=\"justify\"><b>Open de Parapente<\/b><\/p>\n<p style=\"text-align: justify;\" align=\"justify\"><span style=\"font-family: Arial, sans-serif;\">Na manh\u00e3 de s\u00e1bado,&nbsp;<\/span><span style=\"font-family: Arial, sans-serif;\">\u00e0s<\/span><span style=\"font-family: Arial, sans-serif;\">&nbsp;<\/span><span style=\"font-family: Arial, sans-serif;\">9h,&nbsp;<\/span><span style=\"font-family: Arial, sans-serif;\">inicia&nbsp;<\/span><span style=\"font-family: Arial, sans-serif;\">o&nbsp;<\/span><span style=\"font-family: Arial, sans-serif;\">VII Open de Parapente,&nbsp;<\/span><span style=\"font-family: Arial, sans-serif;\">na&nbsp;<\/span><span style=\"font-family: Arial, sans-serif;\">R<\/span><span style=\"font-family: Arial, sans-serif;\">ampa de&nbsp;<\/span><span style=\"font-family: Arial, sans-serif;\">V<\/span><span style=\"font-family: Arial, sans-serif;\">o<\/span><span style=\"font-family: Arial, sans-serif;\">o Livre Jacy Caetano.&nbsp;<\/span><span style=\"font-family: Arial, sans-serif;\">O voo a c\u00e9u aberto&nbsp;<\/span><span style=\"font-family: Arial, sans-serif;\">acontecer\u00e1&nbsp;<\/span><span style=\"font-family: Arial, sans-serif;\">at\u00e9&nbsp;<\/span><span style=\"font-family: Arial, sans-serif;\">\u00e0s<\/span><span style=\"font-family: Arial, sans-serif;\">1<\/span><span style=\"font-family: Arial, sans-serif;\">6hs<\/span><span style=\"font-family: Arial, sans-serif;\">.<\/span><\/p>\n<p style=\"text-align: justify;\" align=\"justify\"><span style=\"font-family: Arial, sans-serif;\">No d<\/span><span style=\"font-family: Arial, sans-serif;\">omingo, os&nbsp;<\/span><span style=\"font-family: Arial, sans-serif;\">pilotos<\/span><span style=\"font-family: Arial, sans-serif;\">&nbsp;continuam&nbsp;<\/span><span style=\"font-family: Arial, sans-serif;\">sobrevoa<\/span><span style=\"font-family: Arial, sans-serif;\">ndo os c\u00e9us e&nbsp;<\/span><span style=\"font-family: Arial, sans-serif;\">colinas de Muria\u00e9&nbsp;<\/span><span style=\"font-family: Arial, sans-serif;\">no hor\u00e1rio&nbsp;<\/span><span style=\"font-family: Arial, sans-serif;\">entre<\/span><span style=\"font-family: Arial, sans-serif;\">&nbsp;<\/span><span style=\"font-family: Arial, sans-serif;\">9<\/span><span style=\"font-family: Arial, sans-serif;\">&nbsp;<\/span><span style=\"font-family: Arial, sans-serif;\">e<\/span><span style=\"font-family: Arial, sans-serif;\">&nbsp;1<\/span><span style=\"font-family: Arial, sans-serif;\">4<\/span><span style=\"font-family: Arial, sans-serif;\">h<\/span><span style=\"font-family: Arial, sans-serif;\">.<\/span><\/p>\n<p style=\"text-align: justify;\" align=\"justify\"><span style=\"font-family: Arial, sans-serif;\">Mais tarde,&nbsp;<\/span><span style=\"font-family: Arial, sans-serif;\">por volta de 17h, ser\u00e1 a&nbsp;<\/span><span style=\"font-family: Arial, sans-serif;\">entrega da&nbsp;<\/span><span style=\"font-family: Arial, sans-serif;\">premia\u00e7\u00e3o para os vencedores do campeonato&nbsp;<\/span><span style=\"font-family: Arial, sans-serif;\">n<\/span><span style=\"font-family: Arial, sans-serif;\">a<\/span><span style=\"font-family: Arial, sans-serif;\">&nbsp;pra\u00e7a do distrito<\/span><span style=\"font-family: Arial, sans-serif;\">.<\/span><\/p>\n<p style=\"text-align: justify;\" align=\"justify\"><b>Oficinas gastron\u00f4micas<\/b><\/p>\n<p style=\"text-align: justify;\" align=\"justify\">O Gastronomia na Serra &#8211; Pirapanema oferecer\u00e1 oficinas e workshops entre os dias 02 e 05 de junho, de quinta-feira a domingo, na \u2018Carreta do Senac\u2019 e no espa\u00e7o \u2018Cozinha Show\u2019. As inscri\u00e7\u00f5es ser\u00e3o no pr\u00f3prio local.<\/p>\n<p style=\"text-align: justify;\"><span style=\"font-family: Arial, sans-serif;\"><span><b>02\/0<\/b><\/span><\/span><span style=\"font-family: Arial, sans-serif;\"><span><b>6<\/b><\/span><\/span><span style=\"font-family: Arial, sans-serif;\"><span><b>&nbsp;<\/b><\/span><\/span><span style=\"font-family: Arial, sans-serif;\"><span><b>(<\/b><\/span><\/span><span style=\"font-family: Arial, sans-serif;\"><span><b>quinta-feira<\/b><\/span><\/span><span style=\"font-family: Arial, sans-serif;\"><span><b>)<\/b><\/span><\/span><span style=\"font-family: Arial, sans-serif;\"><span><b>&nbsp;&#8211;&nbsp;<\/b><\/span><\/span><span style=\"font-family: Arial, sans-serif;\"><span><b>Carreta Senac<\/b><\/span><\/span><\/p>\n<p style=\"text-align: justify;\"><span style=\"font-family: Arial, sans-serif;\"><span>*15&nbsp;<\/span><\/span><span style=\"font-family: Arial, sans-serif;\"><span>\u00e1s&nbsp;<\/span><\/span><span style=\"font-family: Arial, sans-serif;\"><span>17h &#8211;&nbsp;<\/span><\/span><span style=\"font-family: Arial, sans-serif;\"><span>O<\/span><\/span><span style=\"font-family: Arial, sans-serif;\"><span>ficina: \u2018<\/span><\/span><span style=\"font-family: Arial, sans-serif;\"><span>S<\/span><\/span><span style=\"font-family: Arial, sans-serif;\"><span>alada&nbsp;<\/span><\/span><span style=\"font-family: Arial, sans-serif;\"><span>W<\/span><\/span><span style=\"font-family: Arial, sans-serif;\"><span>aldorf\u2019<br \/>\n*18&nbsp;<\/span><\/span><span style=\"font-family: Arial, sans-serif;\"><span>\u00e0s&nbsp;<\/span><\/span><span style=\"font-family: Arial, sans-serif;\"><span>22h &#8211;&nbsp;<\/span><\/span><span style=\"font-family: Arial, sans-serif;\"><span>W<\/span><\/span><span style=\"font-family: Arial, sans-serif;\"><span>orkshop: \u2018<\/span><\/span><span style=\"font-family: Arial, sans-serif;\"><span>A<\/span><\/span><span style=\"font-family: Arial, sans-serif;\"><span>dentrando o mundo dos vinhos\u2019<\/p>\n<p><\/span><\/span><span style=\"font-family: Arial, sans-serif;\"><span><b>03\/06&nbsp;<\/b><\/span><\/span><span style=\"font-family: Arial, sans-serif;\"><span><b>(<\/b><\/span><\/span><span style=\"font-family: Arial, sans-serif;\"><span><b>sexta-feira<\/b><\/span><\/span><span style=\"font-family: Arial, sans-serif;\"><span><b>)<\/b><\/span><\/span><span style=\"font-family: Arial, sans-serif;\"><span><b>&nbsp;&#8211;&nbsp;<\/b><\/span><\/span><span style=\"font-family: Arial, sans-serif;\"><span><b>Carreta Senac<\/b><\/span><\/span><span style=\"font-family: Arial, sans-serif;\"><span><br \/>\n*15&nbsp;<\/span><\/span><span style=\"font-family: Arial, sans-serif;\"><span>\u00e0s&nbsp;<\/span><\/span><span style=\"font-family: Arial, sans-serif;\"><span>19h &#8211;&nbsp;<\/span><\/span><span style=\"font-family: Arial, sans-serif;\"><span>W<\/span><\/span><span style=\"font-family: Arial, sans-serif;\"><span>orkshop \u2018<\/span><\/span><span style=\"font-family: Arial, sans-serif;\"><span>C<\/span><\/span><span style=\"font-family: Arial, sans-serif;\"><span>ervejando\u2019<br \/>\n*20&nbsp;<\/span><\/span><span style=\"font-family: Arial, sans-serif;\"><span>\u00e0s&nbsp;<\/span><\/span><span style=\"font-family: Arial, sans-serif;\"><span>22h &#8211;&nbsp;<\/span><\/span><span style=\"font-family: Arial, sans-serif;\"><span>O<\/span><\/span><span style=\"font-family: Arial, sans-serif;\"><span>ficina:&nbsp;<\/span><\/span><span style=\"font-family: Arial, sans-serif;\"><span>R<\/span><\/span><span style=\"font-family: Arial, sans-serif;\"><span>isoto de carne seca<br \/>\n<\/span><\/span><span style=\"font-family: Arial, sans-serif;\"><span><b>C<\/b><\/span><\/span><span style=\"font-family: Arial, sans-serif;\"><span><b>ozinha&nbsp;<\/b><\/span><\/span><span style=\"font-family: Arial, sans-serif;\"><span><b>Sh<\/b><\/span><\/span><span style=\"font-family: Arial, sans-serif;\"><span><b>ow<\/b><\/span><\/span><span style=\"font-family: Arial, sans-serif;\"><span><br \/>\n*17&nbsp;<\/span><\/span><span style=\"font-family: Arial, sans-serif;\"><span>\u00e0s<\/span><\/span><span style=\"font-family: Arial, sans-serif;\"><span>19h &#8211;&nbsp;<\/span><\/span><span style=\"font-family: Arial, sans-serif;\"><span>O<\/span><\/span><span style=\"font-family: Arial, sans-serif;\"><span>ficina:&nbsp;<\/span><\/span><span style=\"font-family: Arial, sans-serif;\"><span>A<\/span><\/span><span style=\"font-family: Arial, sans-serif;\"><span>&nbsp;arte na elabora\u00e7\u00e3o de drinks<\/p>\n<p><\/span><\/span><span style=\"font-family: Arial, sans-serif;\"><span><b>04\/06&nbsp;<\/b><\/span><\/span><span style=\"font-family: Arial, sans-serif;\"><span><b>(<\/b><\/span><\/span><span style=\"font-family: Arial, sans-serif;\"><span><b>s<\/b><\/span><\/span><span style=\"font-family: Arial, sans-serif;\"><span><b>\u00e1bado<\/b><\/span><\/span><span style=\"font-family: Arial, sans-serif;\"><span><b>)<\/b><\/span><\/span><span style=\"font-family: Arial, sans-serif;\"><span><b>&nbsp;&#8211;&nbsp;<\/b><\/span><\/span><span style=\"font-family: Arial, sans-serif;\"><span><b>Carreta Senac<\/b><\/span><\/span><span style=\"font-family: Arial, sans-serif;\"><span><br \/>\n*15&nbsp;<\/span><\/span><span style=\"font-family: Arial, sans-serif;\"><span>\u00e0s&nbsp;<\/span><\/span><span style=\"font-family: Arial, sans-serif;\"><span>17h &#8211;&nbsp;<\/span><\/span><span style=\"font-family: Arial, sans-serif;\"><span>O<\/span><\/span><span style=\"font-family: Arial, sans-serif;\"><span>ficina:&nbsp;<\/span><\/span><span style=\"font-family: Arial, sans-serif;\"><span>N<\/span><\/span><span style=\"font-family: Arial, sans-serif;\"><span>hoque funcional sem farinha de trigo<br \/>\n*17&nbsp;<\/span><\/span><span style=\"font-family: Arial, sans-serif;\"><span>\u00e0s&nbsp;<\/span><\/span><span style=\"font-family: Arial, sans-serif;\"><span>19h &#8211;&nbsp;<\/span><\/span><span style=\"font-family: Arial, sans-serif;\"><span>W<\/span><\/span><span style=\"font-family: Arial, sans-serif;\"><span>orkshop: \u2018<\/span><\/span><span style=\"font-family: Arial, sans-serif;\"><span>T<\/span><\/span><span style=\"font-family: Arial, sans-serif;\"><span>artelete de chocolate\u2019<br \/>\n*20&nbsp;<\/span><\/span><span style=\"font-family: Arial, sans-serif;\"><span>\u00e0s&nbsp;<\/span><\/span><span style=\"font-family: Arial, sans-serif;\"><span>22h &#8211;&nbsp;<\/span><\/span><span style=\"font-family: Arial, sans-serif;\"><span>O<\/span><\/span><span style=\"font-family: Arial, sans-serif;\"><span>ficina:&nbsp;<\/span><\/span><span style=\"font-family: Arial, sans-serif;\"><span>C<\/span><\/span><span style=\"font-family: Arial, sans-serif;\"><span>uscuz marroquino<\/p>\n<p><\/span><\/span><span style=\"font-family: Arial, sans-serif;\"><span><b>C<\/b><\/span><\/span><span style=\"font-family: Arial, sans-serif;\"><span><b>ozinha&nbsp;<\/b><\/span><\/span><span style=\"font-family: Arial, sans-serif;\"><span><b>S<\/b><\/span><\/span><span style=\"font-family: Arial, sans-serif;\"><span><b>how<\/b><\/span><\/span><span style=\"font-family: Arial, sans-serif;\"><span><br \/>\n*18&nbsp;<\/span><\/span><span style=\"font-family: Arial, sans-serif;\"><span>\u00e0s 2<\/span><\/span><span style=\"font-family: Arial, sans-serif;\"><span>0h &#8211;&nbsp;<\/span><\/span><span style=\"font-family: Arial, sans-serif;\"><span>O<\/span><\/span><span style=\"font-family: Arial, sans-serif;\"><span>ficina com&nbsp;<\/span><\/span><span style=\"font-family: Arial, sans-serif;\"><span>F<\/span><\/span><span style=\"font-family: Arial, sans-serif;\"><span>elipe&nbsp;<\/span><\/span><span style=\"font-family: Arial, sans-serif;\"><span>R<\/span><\/span><span style=\"font-family: Arial, sans-serif;\"><span>ameh<\/p>\n<p><\/span><\/span><span style=\"font-family: Arial, sans-serif;\"><span><b>05\/06 domingo &#8211;&nbsp;<\/b><\/span><\/span><span style=\"font-family: Arial, sans-serif;\"><span><b>C<\/b><\/span><\/span><span style=\"font-family: Arial, sans-serif;\"><span><b>ozinha&nbsp;<\/b><\/span><\/span><span style=\"font-family: Arial, sans-serif;\"><span><b>S<\/b><\/span><\/span><span style=\"font-family: Arial, sans-serif;\"><span><b>how<\/b><\/span><\/span><span style=\"font-family: Arial, sans-serif;\"><span><br \/>\n*09&nbsp;<\/span><\/span><span style=\"font-family: Arial, sans-serif;\"><span>\u00e0s&nbsp;<\/span><\/span><span style=\"font-family: Arial, sans-serif;\"><span>10h &#8211;&nbsp;<\/span><\/span><span style=\"font-family: Arial, sans-serif;\"><span>O<\/span><\/span><span style=\"font-family: Arial, sans-serif;\"><span>ficina:&nbsp;<\/span><\/span><span style=\"font-family: Arial, sans-serif;\"><span>G<\/span><\/span><span style=\"font-family: Arial, sans-serif;\"><span>astronomia com crian\u00e7as (salgados e doces)<br \/>\n*10<\/span><\/span><span style=\"font-family: Arial, sans-serif;\"><span>h<\/span><\/span><span style=\"font-family: Arial, sans-serif;\"><span>30&nbsp;<\/span><\/span><span style=\"font-family: Arial, sans-serif;\"><span>\u00e0s<\/span><\/span><span style=\"font-family: Arial, sans-serif;\"><span>11<\/span><\/span><span style=\"font-family: Arial, sans-serif;\"><span>h<\/span><\/span><span style=\"font-family: Arial, sans-serif;\"><span>30 &#8211;&nbsp;<\/span><\/span><span style=\"font-family: Arial, sans-serif;\"><span>O<\/span><\/span><span style=\"font-family: Arial, sans-serif;\"><span>ficina:&nbsp;<\/span><\/span><span style=\"font-family: Arial, sans-serif;\"><span>G<\/span><\/span><span style=\"font-family: Arial, sans-serif;\"><span>astronomia com crian\u00e7as (salgados e doces)<br \/>\n<\/span><\/span><\/p>\n<p><a href=\"http:\/\/folhadosudeste.com\/site\/wp-content\/uploads\/2022\/06\/Bar\u00e3o-Vermelho-3.jpg\"><img loading=\"lazy\" decoding=\"async\" class=\"alignnone size-full wp-image-82265\" src=\"http:\/\/folhadosudeste.com\/site\/wp-content\/uploads\/2022\/06\/Bar\u00e3o-Vermelho-3.jpg\" alt=\"\" width=\"1080\" height=\"1080\" srcset=\"https:\/\/folhadosudeste.com\/site\/wp-content\/uploads\/2022\/06\/Bar\u00e3o-Vermelho-3.jpg 1080w, https:\/\/folhadosudeste.com\/site\/wp-content\/uploads\/2022\/06\/Bar\u00e3o-Vermelho-3-150x150.jpg 150w, https:\/\/folhadosudeste.com\/site\/wp-content\/uploads\/2022\/06\/Bar\u00e3o-Vermelho-3-300x300.jpg 300w, https:\/\/folhadosudeste.com\/site\/wp-content\/uploads\/2022\/06\/Bar\u00e3o-Vermelho-3-768x768.jpg 768w, https:\/\/folhadosudeste.com\/site\/wp-content\/uploads\/2022\/06\/Bar\u00e3o-Vermelho-3-1024x1024.jpg 1024w\" sizes=\"auto, (max-width: 1080px) 100vw, 1080px\" \/><\/a> <a href=\"http:\/\/folhadosudeste.com\/site\/wp-content\/uploads\/2022\/06\/Beto-Guedes.curador.jpg\"><img loading=\"lazy\" decoding=\"async\" class=\"alignnone size-full wp-image-82266\" src=\"http:\/\/folhadosudeste.com\/site\/wp-content\/uploads\/2022\/06\/Beto-Guedes.curador.jpg\" alt=\"\" width=\"1080\" height=\"1080\" srcset=\"https:\/\/folhadosudeste.com\/site\/wp-content\/uploads\/2022\/06\/Beto-Guedes.curador.jpg 1080w, https:\/\/folhadosudeste.com\/site\/wp-content\/uploads\/2022\/06\/Beto-Guedes.curador-150x150.jpg 150w, https:\/\/folhadosudeste.com\/site\/wp-content\/uploads\/2022\/06\/Beto-Guedes.curador-300x300.jpg 300w, https:\/\/folhadosudeste.com\/site\/wp-content\/uploads\/2022\/06\/Beto-Guedes.curador-768x768.jpg 768w, https:\/\/folhadosudeste.com\/site\/wp-content\/uploads\/2022\/06\/Beto-Guedes.curador-1024x1024.jpg 1024w\" sizes=\"auto, (max-width: 1080px) 100vw, 1080px\" \/><\/a><\/p>\n","protected":false},"excerpt":{"rendered":"<p>A 10\u00aa&nbsp;Edi\u00e7\u00e3o&nbsp;Gastronomia na Serra&nbsp;acontecer\u00e1&nbsp;no distrito de Pirapanema,&nbsp;a partir desta quinta-feira (02),&nbsp;\u00e0s 19h.&nbsp;O evento&nbsp;\u00e9&nbsp;realizado pela&nbsp;Fundarte &#8211;&nbsp;Prefeitura de Muria\u00e9 -,&nbsp;e&nbsp;envolve&nbsp;uma multiplicidade de&nbsp;ambientes&nbsp;como restaurantes&nbsp;com pratos t\u00edpicos,&nbsp;palcos diferenciados para shows&nbsp;de bandas de&nbsp;MPB,&nbsp;rock&nbsp;e&nbsp;blues. O festival compreende tamb\u00e9m o Centro Cultural e Tur\u00edstico que reunir\u00e1 os artes\u00e3os da cidade e distritos&nbsp;com exposi\u00e7\u00e3o de&nbsp;artefatos em madeira, conjuntos para&nbsp;copa\/cozinha\/banheiros, compotas de&nbsp;doces,&nbsp;al\u00e9m de&nbsp;uma&nbsp;variada gama [&hellip;]<\/p>\n","protected":false},"author":6,"featured_media":0,"comment_status":"open","ping_status":"closed","sticky":false,"template":"","format":"standard","meta":{"_joinchat":[],"footnotes":""},"categories":[1],"tags":[],"class_list":["post-82263","post","type-post","status-publish","format-standard","hentry","category-sem-categoria"],"_links":{"self":[{"href":"https:\/\/folhadosudeste.com\/site\/index.php?rest_route=\/wp\/v2\/posts\/82263","targetHints":{"allow":["GET"]}}],"collection":[{"href":"https:\/\/folhadosudeste.com\/site\/index.php?rest_route=\/wp\/v2\/posts"}],"about":[{"href":"https:\/\/folhadosudeste.com\/site\/index.php?rest_route=\/wp\/v2\/types\/post"}],"author":[{"embeddable":true,"href":"https:\/\/folhadosudeste.com\/site\/index.php?rest_route=\/wp\/v2\/users\/6"}],"replies":[{"embeddable":true,"href":"https:\/\/folhadosudeste.com\/site\/index.php?rest_route=%2Fwp%2Fv2%2Fcomments&post=82263"}],"version-history":[{"count":1,"href":"https:\/\/folhadosudeste.com\/site\/index.php?rest_route=\/wp\/v2\/posts\/82263\/revisions"}],"predecessor-version":[{"id":82267,"href":"https:\/\/folhadosudeste.com\/site\/index.php?rest_route=\/wp\/v2\/posts\/82263\/revisions\/82267"}],"wp:attachment":[{"href":"https:\/\/folhadosudeste.com\/site\/index.php?rest_route=%2Fwp%2Fv2%2Fmedia&parent=82263"}],"wp:term":[{"taxonomy":"category","embeddable":true,"href":"https:\/\/folhadosudeste.com\/site\/index.php?rest_route=%2Fwp%2Fv2%2Fcategories&post=82263"},{"taxonomy":"post_tag","embeddable":true,"href":"https:\/\/folhadosudeste.com\/site\/index.php?rest_route=%2Fwp%2Fv2%2Ftags&post=82263"}],"curies":[{"name":"wp","href":"https:\/\/api.w.org\/{rel}","templated":true}]}}