{"id":82326,"date":"2022-06-06T12:41:15","date_gmt":"2022-06-06T12:41:15","guid":{"rendered":"http:\/\/folhadosudeste.com\/site\/?p=82326"},"modified":"2022-06-06T12:41:15","modified_gmt":"2022-06-06T12:41:15","slug":"decreto-municipal","status":"publish","type":"post","link":"https:\/\/folhadosudeste.com\/site\/?p=82326","title":{"rendered":"DECRETO MUNICIPAL"},"content":{"rendered":"<p><a href=\"http:\/\/folhadosudeste.com\/site\/wp-content\/uploads\/2022\/06\/WhatsApp-Image-2022-06-06-at-09.37.27-2.jpeg\"><img loading=\"lazy\" decoding=\"async\" class=\"alignnone size-full wp-image-82327\" src=\"http:\/\/folhadosudeste.com\/site\/wp-content\/uploads\/2022\/06\/WhatsApp-Image-2022-06-06-at-09.37.27-2.jpeg\" alt=\"\" width=\"1080\" height=\"1080\" srcset=\"https:\/\/folhadosudeste.com\/site\/wp-content\/uploads\/2022\/06\/WhatsApp-Image-2022-06-06-at-09.37.27-2.jpeg 1080w, https:\/\/folhadosudeste.com\/site\/wp-content\/uploads\/2022\/06\/WhatsApp-Image-2022-06-06-at-09.37.27-2-150x150.jpeg 150w, https:\/\/folhadosudeste.com\/site\/wp-content\/uploads\/2022\/06\/WhatsApp-Image-2022-06-06-at-09.37.27-2-300x300.jpeg 300w, https:\/\/folhadosudeste.com\/site\/wp-content\/uploads\/2022\/06\/WhatsApp-Image-2022-06-06-at-09.37.27-2-768x768.jpeg 768w, https:\/\/folhadosudeste.com\/site\/wp-content\/uploads\/2022\/06\/WhatsApp-Image-2022-06-06-at-09.37.27-2-1024x1024.jpeg 1024w\" sizes=\"auto, (max-width: 1080px) 100vw, 1080px\" \/><\/a><\/p>\n<p style=\"text-align: justify;\">O prefeito em exerc\u00edcio de Muria\u00e9, Marcos Guarino, decretou luto oficial no munic\u00edpio pelo per\u00edodo de sete dias, contados a partir deste domingo, dia 5 de junho. O luto se d\u00e1 em raz\u00e3o da morte do prefeito Jos\u00e9 Braz, ocorrida nesta manh\u00e3.<\/p>\n<p style=\"text-align: justify;\">Durante este per\u00edodo, a bandeira de Muria\u00e9 ficar\u00e1 hasteada a meio mastro em todos os \u00f3rg\u00e3os p\u00fablicos do munic\u00edpio.<\/p>\n<p style=\"text-align: justify;\">O decreto tamb\u00e9m oficializa que nenhuma reparti\u00e7\u00e3o p\u00fablica municipal funcionar\u00e1 na segunda-feira, dia 6. Apenas os servi\u00e7os essenciais de sa\u00fade abrir\u00e3o portas ao p\u00fablico, por\u00e9m em hor\u00e1rio reduzido: a partir das 12h.<\/p>\n<p><!--more--><\/p>\n<p><a href=\"http:\/\/folhadosudeste.com\/site\/wp-content\/uploads\/2022\/06\/WhatsApp-Image-2022-06-06-at-09.37.28.jpeg\"><img loading=\"lazy\" decoding=\"async\" class=\"alignnone size-full wp-image-82328\" src=\"http:\/\/folhadosudeste.com\/site\/wp-content\/uploads\/2022\/06\/WhatsApp-Image-2022-06-06-at-09.37.28.jpeg\" alt=\"\" width=\"900\" height=\"1347\" srcset=\"https:\/\/folhadosudeste.com\/site\/wp-content\/uploads\/2022\/06\/WhatsApp-Image-2022-06-06-at-09.37.28.jpeg 900w, https:\/\/folhadosudeste.com\/site\/wp-content\/uploads\/2022\/06\/WhatsApp-Image-2022-06-06-at-09.37.28-200x300.jpeg 200w, https:\/\/folhadosudeste.com\/site\/wp-content\/uploads\/2022\/06\/WhatsApp-Image-2022-06-06-at-09.37.28-768x1149.jpeg 768w, https:\/\/folhadosudeste.com\/site\/wp-content\/uploads\/2022\/06\/WhatsApp-Image-2022-06-06-at-09.37.28-684x1024.jpeg 684w\" sizes=\"auto, (max-width: 900px) 100vw, 900px\" \/><\/a><\/p>\n","protected":false},"excerpt":{"rendered":"<p>O prefeito em exerc\u00edcio de Muria\u00e9, Marcos Guarino, decretou luto oficial no munic\u00edpio pelo per\u00edodo de sete dias, contados a partir deste domingo, dia 5 de junho. O luto se d\u00e1 em raz\u00e3o da morte do prefeito Jos\u00e9 Braz, ocorrida nesta manh\u00e3. Durante este per\u00edodo, a bandeira de Muria\u00e9 ficar\u00e1 hasteada a meio mastro em [&hellip;]<\/p>\n","protected":false},"author":6,"featured_media":0,"comment_status":"open","ping_status":"closed","sticky":false,"template":"","format":"standard","meta":{"_joinchat":[],"footnotes":""},"categories":[1],"tags":[],"class_list":["post-82326","post","type-post","status-publish","format-standard","hentry","category-sem-categoria"],"_links":{"self":[{"href":"https:\/\/folhadosudeste.com\/site\/index.php?rest_route=\/wp\/v2\/posts\/82326","targetHints":{"allow":["GET"]}}],"collection":[{"href":"https:\/\/folhadosudeste.com\/site\/index.php?rest_route=\/wp\/v2\/posts"}],"about":[{"href":"https:\/\/folhadosudeste.com\/site\/index.php?rest_route=\/wp\/v2\/types\/post"}],"author":[{"embeddable":true,"href":"https:\/\/folhadosudeste.com\/site\/index.php?rest_route=\/wp\/v2\/users\/6"}],"replies":[{"embeddable":true,"href":"https:\/\/folhadosudeste.com\/site\/index.php?rest_route=%2Fwp%2Fv2%2Fcomments&post=82326"}],"version-history":[{"count":1,"href":"https:\/\/folhadosudeste.com\/site\/index.php?rest_route=\/wp\/v2\/posts\/82326\/revisions"}],"predecessor-version":[{"id":82329,"href":"https:\/\/folhadosudeste.com\/site\/index.php?rest_route=\/wp\/v2\/posts\/82326\/revisions\/82329"}],"wp:attachment":[{"href":"https:\/\/folhadosudeste.com\/site\/index.php?rest_route=%2Fwp%2Fv2%2Fmedia&parent=82326"}],"wp:term":[{"taxonomy":"category","embeddable":true,"href":"https:\/\/folhadosudeste.com\/site\/index.php?rest_route=%2Fwp%2Fv2%2Fcategories&post=82326"},{"taxonomy":"post_tag","embeddable":true,"href":"https:\/\/folhadosudeste.com\/site\/index.php?rest_route=%2Fwp%2Fv2%2Ftags&post=82326"}],"curies":[{"name":"wp","href":"https:\/\/api.w.org\/{rel}","templated":true}]}}