{"id":82330,"date":"2022-06-06T15:08:22","date_gmt":"2022-06-06T15:08:22","guid":{"rendered":"http:\/\/folhadosudeste.com\/site\/?p=82330"},"modified":"2022-06-06T15:08:22","modified_gmt":"2022-06-06T15:08:22","slug":"populacao-de-muriae-da-ultimo-adeus-ao-prefeito-sr-jose-braz","status":"publish","type":"post","link":"https:\/\/folhadosudeste.com\/site\/?p=82330","title":{"rendered":"Popula\u00e7\u00e3o de Muria\u00e9 da \u00faltimo adeus ao prefeito Sr. Jos\u00e9 Braz"},"content":{"rendered":"<p><a href=\"http:\/\/folhadosudeste.com\/site\/wp-content\/uploads\/2022\/06\/WhatsApp-Image-2022-06-06-at-12.04.29-1.jpeg\"><img loading=\"lazy\" decoding=\"async\" class=\"alignnone size-full wp-image-82332\" src=\"http:\/\/folhadosudeste.com\/site\/wp-content\/uploads\/2022\/06\/WhatsApp-Image-2022-06-06-at-12.04.29-1.jpeg\" alt=\"\" width=\"768\" height=\"1024\" srcset=\"https:\/\/folhadosudeste.com\/site\/wp-content\/uploads\/2022\/06\/WhatsApp-Image-2022-06-06-at-12.04.29-1.jpeg 768w, https:\/\/folhadosudeste.com\/site\/wp-content\/uploads\/2022\/06\/WhatsApp-Image-2022-06-06-at-12.04.29-1-225x300.jpeg 225w\" sizes=\"auto, (max-width: 768px) 100vw, 768px\" \/><\/a><\/p>\n<p>Popula\u00e7\u00e3o de M\u00faria\u00e9 da \u00faltimo adeus ao prefeito da cidade&nbsp; Sr, Jos\u00e9 Braz&nbsp; que faleceu aos 96 anos neste domingo dia 5 junho. Seu corpo foi velado e sepultado na manh\u00e3 dessa segunda-feira \u00e1s 11:00 no cemit\u00e9rio municipal.&nbsp;<\/p>\n<p><a href=\"http:\/\/folhadosudeste.com\/site\/wp-content\/uploads\/2022\/06\/WhatsApp-Image-2022-06-06-at-12.04.29.jpeg\"><img loading=\"lazy\" decoding=\"async\" class=\"alignnone size-full wp-image-82331\" src=\"http:\/\/folhadosudeste.com\/site\/wp-content\/uploads\/2022\/06\/WhatsApp-Image-2022-06-06-at-12.04.29.jpeg\" alt=\"\" width=\"768\" height=\"1024\" srcset=\"https:\/\/folhadosudeste.com\/site\/wp-content\/uploads\/2022\/06\/WhatsApp-Image-2022-06-06-at-12.04.29.jpeg 768w, https:\/\/folhadosudeste.com\/site\/wp-content\/uploads\/2022\/06\/WhatsApp-Image-2022-06-06-at-12.04.29-225x300.jpeg 225w\" sizes=\"auto, (max-width: 768px) 100vw, 768px\" \/><\/a><\/p>\n<p><!--more--> <a href=\"http:\/\/folhadosudeste.com\/site\/wp-content\/uploads\/2022\/06\/WhatsApp-Image-2022-06-06-at-12.04.29-2.jpeg\"><img loading=\"lazy\" decoding=\"async\" class=\"alignnone size-full wp-image-82333\" src=\"http:\/\/folhadosudeste.com\/site\/wp-content\/uploads\/2022\/06\/WhatsApp-Image-2022-06-06-at-12.04.29-2.jpeg\" alt=\"\" width=\"1024\" height=\"768\" srcset=\"https:\/\/folhadosudeste.com\/site\/wp-content\/uploads\/2022\/06\/WhatsApp-Image-2022-06-06-at-12.04.29-2.jpeg 1024w, https:\/\/folhadosudeste.com\/site\/wp-content\/uploads\/2022\/06\/WhatsApp-Image-2022-06-06-at-12.04.29-2-300x225.jpeg 300w, https:\/\/folhadosudeste.com\/site\/wp-content\/uploads\/2022\/06\/WhatsApp-Image-2022-06-06-at-12.04.29-2-768x576.jpeg 768w\" sizes=\"auto, (max-width: 1024px) 100vw, 1024px\" \/><\/a> <a href=\"http:\/\/folhadosudeste.com\/site\/wp-content\/uploads\/2022\/06\/WhatsApp-Image-2022-06-06-at-12.04.29-4.jpeg\"><img loading=\"lazy\" decoding=\"async\" class=\"alignnone size-full wp-image-82335\" src=\"http:\/\/folhadosudeste.com\/site\/wp-content\/uploads\/2022\/06\/WhatsApp-Image-2022-06-06-at-12.04.29-4.jpeg\" alt=\"\" width=\"768\" height=\"1024\" srcset=\"https:\/\/folhadosudeste.com\/site\/wp-content\/uploads\/2022\/06\/WhatsApp-Image-2022-06-06-at-12.04.29-4.jpeg 768w, https:\/\/folhadosudeste.com\/site\/wp-content\/uploads\/2022\/06\/WhatsApp-Image-2022-06-06-at-12.04.29-4-225x300.jpeg 225w\" sizes=\"auto, (max-width: 768px) 100vw, 768px\" \/><\/a> <a href=\"http:\/\/folhadosudeste.com\/site\/wp-content\/uploads\/2022\/06\/WhatsApp-Image-2022-06-06-at-12.04.29-5.jpeg\"><img loading=\"lazy\" decoding=\"async\" class=\"alignnone size-full wp-image-82336\" src=\"http:\/\/folhadosudeste.com\/site\/wp-content\/uploads\/2022\/06\/WhatsApp-Image-2022-06-06-at-12.04.29-5.jpeg\" alt=\"\" width=\"768\" height=\"1024\" srcset=\"https:\/\/folhadosudeste.com\/site\/wp-content\/uploads\/2022\/06\/WhatsApp-Image-2022-06-06-at-12.04.29-5.jpeg 768w, https:\/\/folhadosudeste.com\/site\/wp-content\/uploads\/2022\/06\/WhatsApp-Image-2022-06-06-at-12.04.29-5-225x300.jpeg 225w\" sizes=\"auto, (max-width: 768px) 100vw, 768px\" \/><\/a> <a href=\"http:\/\/folhadosudeste.com\/site\/wp-content\/uploads\/2022\/06\/WhatsApp-Image-2022-06-06-at-12.04.29-6.jpeg\"><img loading=\"lazy\" decoding=\"async\" class=\"alignnone size-full wp-image-82337\" src=\"http:\/\/folhadosudeste.com\/site\/wp-content\/uploads\/2022\/06\/WhatsApp-Image-2022-06-06-at-12.04.29-6.jpeg\" alt=\"\" width=\"768\" height=\"1024\" srcset=\"https:\/\/folhadosudeste.com\/site\/wp-content\/uploads\/2022\/06\/WhatsApp-Image-2022-06-06-at-12.04.29-6.jpeg 768w, https:\/\/folhadosudeste.com\/site\/wp-content\/uploads\/2022\/06\/WhatsApp-Image-2022-06-06-at-12.04.29-6-225x300.jpeg 225w\" sizes=\"auto, (max-width: 768px) 100vw, 768px\" \/><\/a><\/p>\n","protected":false},"excerpt":{"rendered":"<p>Popula\u00e7\u00e3o de M\u00faria\u00e9 da \u00faltimo adeus ao prefeito da cidade&nbsp; Sr, Jos\u00e9 Braz&nbsp; que faleceu aos 96 anos neste domingo dia 5 junho. Seu corpo foi velado e sepultado na manh\u00e3 dessa segunda-feira \u00e1s 11:00 no cemit\u00e9rio municipal.&nbsp;<\/p>\n","protected":false},"author":6,"featured_media":0,"comment_status":"open","ping_status":"closed","sticky":false,"template":"","format":"standard","meta":{"_joinchat":[],"footnotes":""},"categories":[1],"tags":[],"class_list":["post-82330","post","type-post","status-publish","format-standard","hentry","category-sem-categoria"],"_links":{"self":[{"href":"https:\/\/folhadosudeste.com\/site\/index.php?rest_route=\/wp\/v2\/posts\/82330","targetHints":{"allow":["GET"]}}],"collection":[{"href":"https:\/\/folhadosudeste.com\/site\/index.php?rest_route=\/wp\/v2\/posts"}],"about":[{"href":"https:\/\/folhadosudeste.com\/site\/index.php?rest_route=\/wp\/v2\/types\/post"}],"author":[{"embeddable":true,"href":"https:\/\/folhadosudeste.com\/site\/index.php?rest_route=\/wp\/v2\/users\/6"}],"replies":[{"embeddable":true,"href":"https:\/\/folhadosudeste.com\/site\/index.php?rest_route=%2Fwp%2Fv2%2Fcomments&post=82330"}],"version-history":[{"count":1,"href":"https:\/\/folhadosudeste.com\/site\/index.php?rest_route=\/wp\/v2\/posts\/82330\/revisions"}],"predecessor-version":[{"id":82338,"href":"https:\/\/folhadosudeste.com\/site\/index.php?rest_route=\/wp\/v2\/posts\/82330\/revisions\/82338"}],"wp:attachment":[{"href":"https:\/\/folhadosudeste.com\/site\/index.php?rest_route=%2Fwp%2Fv2%2Fmedia&parent=82330"}],"wp:term":[{"taxonomy":"category","embeddable":true,"href":"https:\/\/folhadosudeste.com\/site\/index.php?rest_route=%2Fwp%2Fv2%2Fcategories&post=82330"},{"taxonomy":"post_tag","embeddable":true,"href":"https:\/\/folhadosudeste.com\/site\/index.php?rest_route=%2Fwp%2Fv2%2Ftags&post=82330"}],"curies":[{"name":"wp","href":"https:\/\/api.w.org\/{rel}","templated":true}]}}