{"id":82343,"date":"2022-06-07T13:41:35","date_gmt":"2022-06-07T13:41:35","guid":{"rendered":"http:\/\/folhadosudeste.com\/site\/?p=82343"},"modified":"2022-06-07T13:41:35","modified_gmt":"2022-06-07T13:41:35","slug":"vicosa-pcmg-prende-dois-suspeitos-por-roubo-a-posto-de-combustiveis","status":"publish","type":"post","link":"https:\/\/folhadosudeste.com\/site\/?p=82343","title":{"rendered":"Vi\u00e7osa: PCMG prende dois suspeitos por roubo a posto de combust\u00edveis"},"content":{"rendered":"<p style=\"text-align: justify;\"><a href=\"http:\/\/folhadosudeste.com\/site\/wp-content\/uploads\/2022\/06\/WhatsApp-Image-2022-06-07-at-09.12.19.jpeg\"><img loading=\"lazy\" decoding=\"async\" class=\"alignnone size-full wp-image-82344\" src=\"http:\/\/folhadosudeste.com\/site\/wp-content\/uploads\/2022\/06\/WhatsApp-Image-2022-06-07-at-09.12.19.jpeg\" alt=\"\" width=\"1024\" height=\"768\" srcset=\"https:\/\/folhadosudeste.com\/site\/wp-content\/uploads\/2022\/06\/WhatsApp-Image-2022-06-07-at-09.12.19.jpeg 1024w, https:\/\/folhadosudeste.com\/site\/wp-content\/uploads\/2022\/06\/WhatsApp-Image-2022-06-07-at-09.12.19-300x225.jpeg 300w, https:\/\/folhadosudeste.com\/site\/wp-content\/uploads\/2022\/06\/WhatsApp-Image-2022-06-07-at-09.12.19-768x576.jpeg 768w\" sizes=\"auto, (max-width: 1024px) 100vw, 1024px\" \/><\/a><\/p>\n<p style=\"text-align: justify;\">Nesta ter\u00e7a-feira (7\/6), a Pol\u00edcia Civil de Minas Gerais (PCMG) prendeu, no munic\u00edpio de Vi\u00e7osa, na Zona da Mata mineira, dois indiv\u00edduos, de 18 e 26 anos, suspeitos por envolvimento em roubo, ocorrido na mesma cidade, em um posto de combust\u00edveis. O crime foi cometido no dia 9 de maio deste ano, no trevo de Silvestre.<\/p>\n<p style=\"text-align: justify;\">No curso dos trabalhos policiais, foram recuperados cerca de R$ 8 mil e apreendidos celulares, coldre, muni\u00e7\u00e3o 9 mm e maconha. A a\u00e7\u00e3o \u00e9 resultado de trabalhos investigativos realizados pela equipe da Delegacia de Furtos e Roubos, unidade que integra a 5\u00aa Delegacia Regional de Pol\u00edcia Civil em Vi\u00e7osa, pertencente ao 4\u00ba Departamento da PCMG.<\/p>\n<p style=\"text-align: justify;\">Ap\u00f3s a formaliza\u00e7\u00e3o das pris\u00f5es, os suspeitos foram encaminhados ao sistema prisional, onde permanecem \u00e0 disposi\u00e7\u00e3o da Justi\u00e7a.<\/p>\n","protected":false},"excerpt":{"rendered":"<p>Nesta ter\u00e7a-feira (7\/6), a Pol\u00edcia Civil de Minas Gerais (PCMG) prendeu, no munic\u00edpio de Vi\u00e7osa, na Zona da Mata mineira, dois indiv\u00edduos, de 18 e 26 anos, suspeitos por envolvimento em roubo, ocorrido na mesma cidade, em um posto de combust\u00edveis. O crime foi cometido no dia 9 de maio deste ano, no trevo de [&hellip;]<\/p>\n","protected":false},"author":6,"featured_media":0,"comment_status":"open","ping_status":"closed","sticky":false,"template":"","format":"standard","meta":{"_joinchat":[],"footnotes":""},"categories":[1],"tags":[],"class_list":["post-82343","post","type-post","status-publish","format-standard","hentry","category-sem-categoria"],"_links":{"self":[{"href":"https:\/\/folhadosudeste.com\/site\/index.php?rest_route=\/wp\/v2\/posts\/82343","targetHints":{"allow":["GET"]}}],"collection":[{"href":"https:\/\/folhadosudeste.com\/site\/index.php?rest_route=\/wp\/v2\/posts"}],"about":[{"href":"https:\/\/folhadosudeste.com\/site\/index.php?rest_route=\/wp\/v2\/types\/post"}],"author":[{"embeddable":true,"href":"https:\/\/folhadosudeste.com\/site\/index.php?rest_route=\/wp\/v2\/users\/6"}],"replies":[{"embeddable":true,"href":"https:\/\/folhadosudeste.com\/site\/index.php?rest_route=%2Fwp%2Fv2%2Fcomments&post=82343"}],"version-history":[{"count":1,"href":"https:\/\/folhadosudeste.com\/site\/index.php?rest_route=\/wp\/v2\/posts\/82343\/revisions"}],"predecessor-version":[{"id":82345,"href":"https:\/\/folhadosudeste.com\/site\/index.php?rest_route=\/wp\/v2\/posts\/82343\/revisions\/82345"}],"wp:attachment":[{"href":"https:\/\/folhadosudeste.com\/site\/index.php?rest_route=%2Fwp%2Fv2%2Fmedia&parent=82343"}],"wp:term":[{"taxonomy":"category","embeddable":true,"href":"https:\/\/folhadosudeste.com\/site\/index.php?rest_route=%2Fwp%2Fv2%2Fcategories&post=82343"},{"taxonomy":"post_tag","embeddable":true,"href":"https:\/\/folhadosudeste.com\/site\/index.php?rest_route=%2Fwp%2Fv2%2Ftags&post=82343"}],"curies":[{"name":"wp","href":"https:\/\/api.w.org\/{rel}","templated":true}]}}