{"id":82347,"date":"2022-06-07T16:50:19","date_gmt":"2022-06-07T16:50:19","guid":{"rendered":"http:\/\/folhadosudeste.com\/site\/?p=82347"},"modified":"2022-06-07T16:50:19","modified_gmt":"2022-06-07T16:50:19","slug":"formacao-para-creches-conveniadas-em-itaperuna-rj","status":"publish","type":"post","link":"https:\/\/folhadosudeste.com\/site\/?p=82347","title":{"rendered":"Forma\u00e7\u00e3o para creches conveniadas em Itaperuna, RJ"},"content":{"rendered":"<p><a href=\"http:\/\/folhadosudeste.com\/site\/wp-content\/uploads\/2022\/06\/01.jpg\"><img loading=\"lazy\" decoding=\"async\" class=\"alignnone size-full wp-image-82348\" src=\"http:\/\/folhadosudeste.com\/site\/wp-content\/uploads\/2022\/06\/01.jpg\" alt=\"\" width=\"1260\" height=\"762\" srcset=\"https:\/\/folhadosudeste.com\/site\/wp-content\/uploads\/2022\/06\/01.jpg 1260w, https:\/\/folhadosudeste.com\/site\/wp-content\/uploads\/2022\/06\/01-300x181.jpg 300w, https:\/\/folhadosudeste.com\/site\/wp-content\/uploads\/2022\/06\/01-768x464.jpg 768w, https:\/\/folhadosudeste.com\/site\/wp-content\/uploads\/2022\/06\/01-1024x619.jpg 1024w\" sizes=\"auto, (max-width: 1260px) 100vw, 1260px\" \/><\/a><\/p>\n<p style=\"font-weight: 400; text-align: justify;\">Em Itaperuna, RJ, foi realizada a primeira forma\u00e7\u00e3o 2022 voltada para as creches conveniadas. O evento realizado pela Secretaria Municipal de Educa\u00e7\u00e3o (SEMED) contou com a participa\u00e7\u00e3o de 20 representantes pedag\u00f3gicos de 14 creches atendidas pelo munic\u00edpio.<\/p>\n<p style=\"font-weight: 400; text-align: justify;\">O tema do encontro foi \u201cTrilhando caminho de possibilidades &#8211; Rotina na creche\u201d. Na oportunidade, a integrante da equipe pedag\u00f3gica da SEMED, Fl\u00e1via Gadioli Diniz de Menezes, abordou in\u00fameras quest\u00f5es pedag\u00f3gicas sobre a import\u00e2ncia de uma rotina bem estruturada na Educa\u00e7\u00e3o Infantil.<\/p>\n<p style=\"font-weight: 400; text-align: justify;\">Durante a explana\u00e7\u00e3o, tamb\u00e9m houve uma abordagem espec\u00edfica, voltada para alunos que frequentam as creches.<\/p>\n<p style=\"font-weight: 400; text-align: justify;\">Tereza Cristina do Carmo, subsecret\u00e1ria Municipal de Educa\u00e7\u00e3o, ainda mencionou outras participa\u00e7\u00f5es e destacou o empenho do prefeito Alfredo Paulo Marques Rodrigues, Alfred\u00e3o; e do secret\u00e1rio de Educa\u00e7\u00e3o Marcelo Poeys.<\/p>\n<p><!--more--><\/p>\n<p style=\"font-weight: 400; text-align: justify;\">\u201cDurante a primeira forma\u00e7\u00e3o 2022 voltada para as creches conveniadas, n\u00f3s tivemos a participa\u00e7\u00e3o das coordenadoras de gest\u00e3o pedag\u00f3gica Carmem Zanon e Renata Ferreira, que contribu\u00edram significativamente com o encontro. Aproveito o ensejo, a fim de valorizar o empenho do prefeito Alfred\u00e3o e do secret\u00e1rio Marcelo Poeys, que vem nos atendendo na medida do poss\u00edvel, n\u00e3o medindo esfor\u00e7os, na busca constante por uma melhor Educa\u00e7\u00e3o para nossos alunos\u201d, finaliza a subsecret\u00e1ria.<\/p>\n<p><a href=\"http:\/\/folhadosudeste.com\/site\/wp-content\/uploads\/2022\/06\/03.jpg\"><img loading=\"lazy\" decoding=\"async\" class=\"alignnone size-full wp-image-82349\" src=\"http:\/\/folhadosudeste.com\/site\/wp-content\/uploads\/2022\/06\/03.jpg\" alt=\"\" width=\"1200\" height=\"776\" srcset=\"https:\/\/folhadosudeste.com\/site\/wp-content\/uploads\/2022\/06\/03.jpg 1200w, https:\/\/folhadosudeste.com\/site\/wp-content\/uploads\/2022\/06\/03-300x194.jpg 300w, https:\/\/folhadosudeste.com\/site\/wp-content\/uploads\/2022\/06\/03-768x497.jpg 768w, https:\/\/folhadosudeste.com\/site\/wp-content\/uploads\/2022\/06\/03-1024x662.jpg 1024w\" sizes=\"auto, (max-width: 1200px) 100vw, 1200px\" \/><\/a> <a href=\"http:\/\/folhadosudeste.com\/site\/wp-content\/uploads\/2022\/06\/02.jpg\"><img loading=\"lazy\" decoding=\"async\" class=\"alignnone size-full wp-image-82350\" src=\"http:\/\/folhadosudeste.com\/site\/wp-content\/uploads\/2022\/06\/02.jpg\" alt=\"\" width=\"1480\" height=\"978\" srcset=\"https:\/\/folhadosudeste.com\/site\/wp-content\/uploads\/2022\/06\/02.jpg 1480w, https:\/\/folhadosudeste.com\/site\/wp-content\/uploads\/2022\/06\/02-300x198.jpg 300w, https:\/\/folhadosudeste.com\/site\/wp-content\/uploads\/2022\/06\/02-768x508.jpg 768w, https:\/\/folhadosudeste.com\/site\/wp-content\/uploads\/2022\/06\/02-1024x677.jpg 1024w, https:\/\/folhadosudeste.com\/site\/wp-content\/uploads\/2022\/06\/02-120x80.jpg 120w, https:\/\/folhadosudeste.com\/site\/wp-content\/uploads\/2022\/06\/02-590x390.jpg 590w\" sizes=\"auto, (max-width: 1480px) 100vw, 1480px\" \/><\/a> <a href=\"http:\/\/folhadosudeste.com\/site\/wp-content\/uploads\/2022\/06\/04.jpg\"><img loading=\"lazy\" decoding=\"async\" class=\"alignnone size-full wp-image-82351\" src=\"http:\/\/folhadosudeste.com\/site\/wp-content\/uploads\/2022\/06\/04.jpg\" alt=\"\" width=\"1455\" height=\"899\" srcset=\"https:\/\/folhadosudeste.com\/site\/wp-content\/uploads\/2022\/06\/04.jpg 1455w, https:\/\/folhadosudeste.com\/site\/wp-content\/uploads\/2022\/06\/04-300x185.jpg 300w, https:\/\/folhadosudeste.com\/site\/wp-content\/uploads\/2022\/06\/04-768x475.jpg 768w, https:\/\/folhadosudeste.com\/site\/wp-content\/uploads\/2022\/06\/04-1024x633.jpg 1024w\" sizes=\"auto, (max-width: 1455px) 100vw, 1455px\" \/><\/a><\/p>\n","protected":false},"excerpt":{"rendered":"<p>Em Itaperuna, RJ, foi realizada a primeira forma\u00e7\u00e3o 2022 voltada para as creches conveniadas. O evento realizado pela Secretaria Municipal de Educa\u00e7\u00e3o (SEMED) contou com a participa\u00e7\u00e3o de 20 representantes pedag\u00f3gicos de 14 creches atendidas pelo munic\u00edpio. O tema do encontro foi \u201cTrilhando caminho de possibilidades &#8211; Rotina na creche\u201d. Na oportunidade, a integrante da [&hellip;]<\/p>\n","protected":false},"author":6,"featured_media":0,"comment_status":"open","ping_status":"closed","sticky":false,"template":"","format":"standard","meta":{"_joinchat":[],"footnotes":""},"categories":[1],"tags":[],"class_list":["post-82347","post","type-post","status-publish","format-standard","hentry","category-sem-categoria"],"_links":{"self":[{"href":"https:\/\/folhadosudeste.com\/site\/index.php?rest_route=\/wp\/v2\/posts\/82347","targetHints":{"allow":["GET"]}}],"collection":[{"href":"https:\/\/folhadosudeste.com\/site\/index.php?rest_route=\/wp\/v2\/posts"}],"about":[{"href":"https:\/\/folhadosudeste.com\/site\/index.php?rest_route=\/wp\/v2\/types\/post"}],"author":[{"embeddable":true,"href":"https:\/\/folhadosudeste.com\/site\/index.php?rest_route=\/wp\/v2\/users\/6"}],"replies":[{"embeddable":true,"href":"https:\/\/folhadosudeste.com\/site\/index.php?rest_route=%2Fwp%2Fv2%2Fcomments&post=82347"}],"version-history":[{"count":1,"href":"https:\/\/folhadosudeste.com\/site\/index.php?rest_route=\/wp\/v2\/posts\/82347\/revisions"}],"predecessor-version":[{"id":82352,"href":"https:\/\/folhadosudeste.com\/site\/index.php?rest_route=\/wp\/v2\/posts\/82347\/revisions\/82352"}],"wp:attachment":[{"href":"https:\/\/folhadosudeste.com\/site\/index.php?rest_route=%2Fwp%2Fv2%2Fmedia&parent=82347"}],"wp:term":[{"taxonomy":"category","embeddable":true,"href":"https:\/\/folhadosudeste.com\/site\/index.php?rest_route=%2Fwp%2Fv2%2Fcategories&post=82347"},{"taxonomy":"post_tag","embeddable":true,"href":"https:\/\/folhadosudeste.com\/site\/index.php?rest_route=%2Fwp%2Fv2%2Ftags&post=82347"}],"curies":[{"name":"wp","href":"https:\/\/api.w.org\/{rel}","templated":true}]}}