{"id":82398,"date":"2022-06-08T14:07:57","date_gmt":"2022-06-08T14:07:57","guid":{"rendered":"http:\/\/folhadosudeste.com\/site\/?p=82398"},"modified":"2022-06-08T14:07:57","modified_gmt":"2022-06-08T14:07:57","slug":"cba-marca-presenca-na-10a-edicao-do-gastronomia-na-serra","status":"publish","type":"post","link":"https:\/\/folhadosudeste.com\/site\/?p=82398","title":{"rendered":"CBA marca presen\u00e7a na 10\u00aa edi\u00e7\u00e3o do Gastronomia na Serra"},"content":{"rendered":"<p><a href=\"http:\/\/folhadosudeste.com\/site\/wp-content\/uploads\/2022\/06\/Gastronomia-na-Serra-1.jpeg\"><img loading=\"lazy\" decoding=\"async\" class=\"alignnone size-full wp-image-82399\" src=\"http:\/\/folhadosudeste.com\/site\/wp-content\/uploads\/2022\/06\/Gastronomia-na-Serra-1.jpeg\" alt=\"\" width=\"1280\" height=\"1006\" srcset=\"https:\/\/folhadosudeste.com\/site\/wp-content\/uploads\/2022\/06\/Gastronomia-na-Serra-1.jpeg 1280w, https:\/\/folhadosudeste.com\/site\/wp-content\/uploads\/2022\/06\/Gastronomia-na-Serra-1-300x236.jpeg 300w, https:\/\/folhadosudeste.com\/site\/wp-content\/uploads\/2022\/06\/Gastronomia-na-Serra-1-768x604.jpeg 768w, https:\/\/folhadosudeste.com\/site\/wp-content\/uploads\/2022\/06\/Gastronomia-na-Serra-1-1024x805.jpeg 1024w\" sizes=\"auto, (max-width: 1280px) 100vw, 1280px\" \/><\/a><\/p>\n<p style=\"font-weight: 400; text-align: justify;\"><em>Durante evento, Programa de Educa\u00e7\u00e3o Ambiental da Companhia promoveu oficina interativa com as crian\u00e7as e refor\u00e7ou projetos socioambientais desenvolvidos na regi\u00e3o<\/em><\/p>\n<p style=\"font-weight: 400; text-align: justify;\">&nbsp;<\/p>\n<p style=\"font-weight: 400; text-align: justify;\">O Festival Gastronomia na Serra, um dos mais importantes eventos do calend\u00e1rio cultural de Muria\u00e9, chegou \u00e0 sua d\u00e9cima edi\u00e7\u00e3o em 2022. O evento foi realizado entre os dias 2 e 5 de junho, no distrito de Pirapanema, em Muria\u00e9. Tradicional apoiadora do Festival, a Companhia Brasileira de Alum\u00ednio (CBA) promoveu oficina interativa junto ao p\u00fablico infantil, com foco em meio ambiente e sustentabilidade.<\/p>\n<p style=\"font-weight: 400; text-align: justify;\">A comunidade de Pirapanema e o p\u00fablico do Festival tiveram a oportunidade de visitar o&nbsp;<em>stand<\/em>&nbsp;da CBA e conhecer a atua\u00e7\u00e3o socioambiental da empresa, saboreando o caf\u00e9 produzido em \u00e1reas mineradas, que passaram pelo processo de reabilita\u00e7\u00e3o ambiental. Na manh\u00e3 de domingo, o Programa de Educa\u00e7\u00e3o Ambiental \u2013 PEA &#8211; realizou uma din\u00e2mica com o p\u00fablico infantil, utilizando tintas org\u00e2nicas e explica\u00e7\u00e3o para as crian\u00e7as de como pode extrair cores de v\u00e1rias partes das plantas e criar desenhos divertidos &#8211; uma maneira de brincar de forma sustent\u00e1vel.<\/p>\n<p style=\"font-weight: 400; text-align: justify;\">Para o gerente das Unidades de minera\u00e7\u00e3o da CBA na Zona da Mata Mineira, Christian Fonseca de Andrade, o Gastronomia na Serra vem sendo um propulsor para o desenvolvimento do distrito de Pirapanema. \u201cTemos orgulho de ter nascido dentro de um ambiente promovido pela CBA na regi\u00e3o em prol do desenvolvimento da Zona da Mata Mineira. Desde a primeira edi\u00e7\u00e3o, utilizamos o Festival como um canal para levar conhecimento sobre a minera\u00e7\u00e3o sustent\u00e1vel que a CBA pratica na regi\u00e3o. Compartilhamos um pouco da nossa opera\u00e7\u00e3o atrav\u00e9s de a\u00e7\u00f5es do Programa de Educa\u00e7\u00e3o Ambiental, o PEA, no stand da CBA e em oficinas na programa\u00e7\u00e3o do evento\u201d, refor\u00e7a.<\/p>\n<p style=\"font-weight: 400; text-align: justify;\"><!--more--><\/p>\n<p style=\"font-weight: 400; text-align: justify;\"><strong>Projetos Ambientais<\/strong><\/p>\n<p style=\"font-weight: 400; text-align: justify;\">Uma parceria importante para a CBA \u00e9 com a Universidade Federal de Vi\u00e7osa (UFV). Desde 2008,&nbsp;estudos s\u00e3o realizados nas linhas de pesquisas de Reabilita\u00e7\u00e3o Ambiental (Solos), Restaura\u00e7\u00e3o Florestal (Florestas) e Conserva\u00e7\u00e3o H\u00eddrica (Hidrologia Florestal).<\/p>\n<p style=\"font-weight: 400; text-align: justify;\">A CBA trabalha de forma ininterrupta com os cientistas da UFV,&nbsp;somando conhecimentos t\u00e9cnicos e humanos, no desenvolvimento tecnol\u00f3gico cont\u00ednuo de seus processos ambientais, a fim de utilizar os recursos naturais em prol do meio ambiente e da popula\u00e7\u00e3o das regi\u00f5es onde a Companhia possui atua\u00e7\u00e3o.<\/p>\n<p style=\"font-weight: 400; text-align: justify;\">&nbsp;<\/p>\n<p style=\"font-weight: 400; text-align: justify;\"><strong>Apoio ao Gastronomia na Serra<\/strong><\/p>\n<p style=\"font-weight: 400; text-align: justify;\">Desde a primeira edi\u00e7\u00e3o, a CBA apoia o Gastronomia na Serra, projeto idealizado pela comunidade de Pirapanema no ambiente de promo\u00e7\u00e3o do desenvolvimento sustent\u00e1vel durante o Programa Ecos da Mata, desenvolvido pela empresa na regi\u00e3o entre os anos de 2011 e 2013, com a participa\u00e7\u00e3o de lideran\u00e7as formais e informais de nove munic\u00edpios da regi\u00e3o: Cataguases, Descoberto, Fervedouro, Itamarati de Minas, Miradouro, Mira\u00ed, Muria\u00e9, Ros\u00e1rio da Limeira e S\u00e3o Sebasti\u00e3o da Vargem Alegre.<\/p>\n<p style=\"font-weight: 400; text-align: justify;\">O Ecos da Mata foi idealizado com o intuito de colaborar com a dinamiza\u00e7\u00e3o socioecon\u00f4mica e ambiental da Zona da Mata Mineira, a partir do engajamento e do envolvimento de integrantes do poder p\u00fablico, setor privado e ONG\u00b4s.<\/p>\n<p style=\"font-weight: 400; text-align: justify;\"><strong>Sobre a CBA<\/strong><\/p>\n<p style=\"font-weight: 400; text-align: justify;\">Desde 1955, a Companhia Brasileira de Alum\u00ednio &#8211; CBA produz alum\u00ednio de alta qualidade de forma integrada e sustent\u00e1vel. Com capacidade instalada para produzir 100% de energia vinda de hidroel\u00e9tricas pr\u00f3prias, a CBA minera a bauxita, transforma em alum\u00ednio prim\u00e1rio (lingotes, tarugos, vergalh\u00f5es e placas) e produtos transformados (chapas, bobinas, folhas e perfis). Em estreita parceria com seus clientes, a CBA desenvolve solu\u00e7\u00f5es e servi\u00e7os para os mercados de embalagens e de transportes, conferindo mais leveza, durabilidade e uma vida melhor. A CBA est\u00e1 bem perto de voc\u00ea. Acesse:&nbsp;<a href=\"http:\/\/www.cba.com.br\/\" data-saferedirecturl=\"https:\/\/www.google.com\/url?q=http:\/\/www.cba.com.br&amp;source=gmail&amp;ust=1654782126565000&amp;usg=AOvVaw0uB8Kn1q5g-cjWxXZElow0\">www.cba.com.br<\/a>.<\/p>\n<p style=\"font-weight: 400; text-align: justify;\"><a href=\"http:\/\/folhadosudeste.com\/site\/wp-content\/uploads\/2022\/06\/Gastronomia-na-Serra-4.jpeg\"><img loading=\"lazy\" decoding=\"async\" class=\"alignnone size-full wp-image-82400\" src=\"http:\/\/folhadosudeste.com\/site\/wp-content\/uploads\/2022\/06\/Gastronomia-na-Serra-4.jpeg\" alt=\"\" width=\"1280\" height=\"1036\" srcset=\"https:\/\/folhadosudeste.com\/site\/wp-content\/uploads\/2022\/06\/Gastronomia-na-Serra-4.jpeg 1280w, https:\/\/folhadosudeste.com\/site\/wp-content\/uploads\/2022\/06\/Gastronomia-na-Serra-4-300x243.jpeg 300w, https:\/\/folhadosudeste.com\/site\/wp-content\/uploads\/2022\/06\/Gastronomia-na-Serra-4-768x622.jpeg 768w, https:\/\/folhadosudeste.com\/site\/wp-content\/uploads\/2022\/06\/Gastronomia-na-Serra-4-1024x829.jpeg 1024w\" sizes=\"auto, (max-width: 1280px) 100vw, 1280px\" \/><\/a> <a href=\"http:\/\/folhadosudeste.com\/site\/wp-content\/uploads\/2022\/06\/Gastronomia-na-Serra-6.jpeg\"><img loading=\"lazy\" decoding=\"async\" class=\"alignnone size-full wp-image-82401\" src=\"http:\/\/folhadosudeste.com\/site\/wp-content\/uploads\/2022\/06\/Gastronomia-na-Serra-6.jpeg\" alt=\"\" width=\"1280\" height=\"960\" srcset=\"https:\/\/folhadosudeste.com\/site\/wp-content\/uploads\/2022\/06\/Gastronomia-na-Serra-6.jpeg 1280w, https:\/\/folhadosudeste.com\/site\/wp-content\/uploads\/2022\/06\/Gastronomia-na-Serra-6-300x225.jpeg 300w, https:\/\/folhadosudeste.com\/site\/wp-content\/uploads\/2022\/06\/Gastronomia-na-Serra-6-768x576.jpeg 768w, https:\/\/folhadosudeste.com\/site\/wp-content\/uploads\/2022\/06\/Gastronomia-na-Serra-6-1024x768.jpeg 1024w\" sizes=\"auto, (max-width: 1280px) 100vw, 1280px\" \/><\/a> <a href=\"http:\/\/folhadosudeste.com\/site\/wp-content\/uploads\/2022\/06\/Gastronomia-na-Serra-5.jpeg\"><img loading=\"lazy\" decoding=\"async\" class=\"alignnone size-full wp-image-82402\" src=\"http:\/\/folhadosudeste.com\/site\/wp-content\/uploads\/2022\/06\/Gastronomia-na-Serra-5.jpeg\" alt=\"\" width=\"1280\" height=\"960\" srcset=\"https:\/\/folhadosudeste.com\/site\/wp-content\/uploads\/2022\/06\/Gastronomia-na-Serra-5.jpeg 1280w, https:\/\/folhadosudeste.com\/site\/wp-content\/uploads\/2022\/06\/Gastronomia-na-Serra-5-300x225.jpeg 300w, https:\/\/folhadosudeste.com\/site\/wp-content\/uploads\/2022\/06\/Gastronomia-na-Serra-5-768x576.jpeg 768w, https:\/\/folhadosudeste.com\/site\/wp-content\/uploads\/2022\/06\/Gastronomia-na-Serra-5-1024x768.jpeg 1024w\" sizes=\"auto, (max-width: 1280px) 100vw, 1280px\" \/><\/a> <a href=\"http:\/\/folhadosudeste.com\/site\/wp-content\/uploads\/2022\/06\/Gastronomia-na-Serra-2.jpeg\"><img loading=\"lazy\" decoding=\"async\" class=\"alignnone size-full wp-image-82403\" src=\"http:\/\/folhadosudeste.com\/site\/wp-content\/uploads\/2022\/06\/Gastronomia-na-Serra-2.jpeg\" alt=\"\" width=\"1280\" height=\"960\" srcset=\"https:\/\/folhadosudeste.com\/site\/wp-content\/uploads\/2022\/06\/Gastronomia-na-Serra-2.jpeg 1280w, https:\/\/folhadosudeste.com\/site\/wp-content\/uploads\/2022\/06\/Gastronomia-na-Serra-2-300x225.jpeg 300w, https:\/\/folhadosudeste.com\/site\/wp-content\/uploads\/2022\/06\/Gastronomia-na-Serra-2-768x576.jpeg 768w, https:\/\/folhadosudeste.com\/site\/wp-content\/uploads\/2022\/06\/Gastronomia-na-Serra-2-1024x768.jpeg 1024w\" sizes=\"auto, (max-width: 1280px) 100vw, 1280px\" \/><\/a> <a href=\"http:\/\/folhadosudeste.com\/site\/wp-content\/uploads\/2022\/06\/Gastronomia-na-Serra-7.jpeg\"><img loading=\"lazy\" decoding=\"async\" class=\"alignnone size-full wp-image-82404\" src=\"http:\/\/folhadosudeste.com\/site\/wp-content\/uploads\/2022\/06\/Gastronomia-na-Serra-7.jpeg\" alt=\"\" width=\"1280\" height=\"960\" srcset=\"https:\/\/folhadosudeste.com\/site\/wp-content\/uploads\/2022\/06\/Gastronomia-na-Serra-7.jpeg 1280w, https:\/\/folhadosudeste.com\/site\/wp-content\/uploads\/2022\/06\/Gastronomia-na-Serra-7-300x225.jpeg 300w, https:\/\/folhadosudeste.com\/site\/wp-content\/uploads\/2022\/06\/Gastronomia-na-Serra-7-768x576.jpeg 768w, https:\/\/folhadosudeste.com\/site\/wp-content\/uploads\/2022\/06\/Gastronomia-na-Serra-7-1024x768.jpeg 1024w\" sizes=\"auto, (max-width: 1280px) 100vw, 1280px\" \/><\/a><\/p>\n","protected":false},"excerpt":{"rendered":"<p>Durante evento, Programa de Educa\u00e7\u00e3o Ambiental da Companhia promoveu oficina interativa com as crian\u00e7as e refor\u00e7ou projetos socioambientais desenvolvidos na regi\u00e3o &nbsp; O Festival Gastronomia na Serra, um dos mais importantes eventos do calend\u00e1rio cultural de Muria\u00e9, chegou \u00e0 sua d\u00e9cima edi\u00e7\u00e3o em 2022. O evento foi realizado entre os dias 2 e 5 de [&hellip;]<\/p>\n","protected":false},"author":6,"featured_media":0,"comment_status":"open","ping_status":"closed","sticky":false,"template":"","format":"standard","meta":{"_joinchat":[],"footnotes":""},"categories":[1],"tags":[],"class_list":["post-82398","post","type-post","status-publish","format-standard","hentry","category-sem-categoria"],"_links":{"self":[{"href":"https:\/\/folhadosudeste.com\/site\/index.php?rest_route=\/wp\/v2\/posts\/82398","targetHints":{"allow":["GET"]}}],"collection":[{"href":"https:\/\/folhadosudeste.com\/site\/index.php?rest_route=\/wp\/v2\/posts"}],"about":[{"href":"https:\/\/folhadosudeste.com\/site\/index.php?rest_route=\/wp\/v2\/types\/post"}],"author":[{"embeddable":true,"href":"https:\/\/folhadosudeste.com\/site\/index.php?rest_route=\/wp\/v2\/users\/6"}],"replies":[{"embeddable":true,"href":"https:\/\/folhadosudeste.com\/site\/index.php?rest_route=%2Fwp%2Fv2%2Fcomments&post=82398"}],"version-history":[{"count":1,"href":"https:\/\/folhadosudeste.com\/site\/index.php?rest_route=\/wp\/v2\/posts\/82398\/revisions"}],"predecessor-version":[{"id":82405,"href":"https:\/\/folhadosudeste.com\/site\/index.php?rest_route=\/wp\/v2\/posts\/82398\/revisions\/82405"}],"wp:attachment":[{"href":"https:\/\/folhadosudeste.com\/site\/index.php?rest_route=%2Fwp%2Fv2%2Fmedia&parent=82398"}],"wp:term":[{"taxonomy":"category","embeddable":true,"href":"https:\/\/folhadosudeste.com\/site\/index.php?rest_route=%2Fwp%2Fv2%2Fcategories&post=82398"},{"taxonomy":"post_tag","embeddable":true,"href":"https:\/\/folhadosudeste.com\/site\/index.php?rest_route=%2Fwp%2Fv2%2Ftags&post=82398"}],"curies":[{"name":"wp","href":"https:\/\/api.w.org\/{rel}","templated":true}]}}