{"id":82414,"date":"2022-06-09T13:43:24","date_gmt":"2022-06-09T13:43:24","guid":{"rendered":"http:\/\/folhadosudeste.com\/site\/?p=82414"},"modified":"2022-06-09T13:43:24","modified_gmt":"2022-06-09T13:43:24","slug":"cataguases-pcmg-prende-suspeitos-de-envolvimento-em-morte-de-jovem","status":"publish","type":"post","link":"https:\/\/folhadosudeste.com\/site\/?p=82414","title":{"rendered":"Cataguases: PCMG prende suspeitos de envolvimento em morte de jovem"},"content":{"rendered":"<p style=\"text-align: justify;\"><em>Crime foi cometido no dia 13 de fevereiro. Tr\u00eas investigados foram presos.<\/em><\/p>\n<p>Nesta quarta-feira (8\/6), a Pol\u00edcia Civil de Minas Gerais (PCMG) prendeu, no munic\u00edpio de Cataguases, na Zona da Mata mineira, um homem, de 36 anos, e uma mulher, de 30 anos, suspeitos de serem mandantes do homic\u00eddio consumado ocorrido no dia 13 de fevereiro, na mesma cidade. Na \u00e9poca, um jovem de 21 anos foi agredido &#8211; com pauladas e chutes &#8211; no interior do apartamento da namorada dele.<\/p>\n<p>De acordo com a delegada \u00c9rica Nascimento Guedes, al\u00e9m da pris\u00e3o do casal, a PCMG tamb\u00e9m prendeu outro homem, de 31 anos, investigado por participa\u00e7\u00e3o no crime. Ele foi localizado no munic\u00edpio de Mira\u00ed.<\/p>\n<p>Os tr\u00eas suspeitos foram conduzidos \u00e0 delegacia e, em seguida, ao sistema prisional, onde permanecem \u00e0 disposi\u00e7\u00e3o da Justi\u00e7a. &nbsp;<\/p>\n<p><strong>Outros envolvidos<\/strong><\/p>\n<p>Conforme \u00c9rica Nascimento, no total, oito pessoas teriam participado do ato criminoso. Al\u00e9m dos tr\u00eas presos na a\u00e7\u00e3o desta quarta-feira (8\/6), no dia 7 de abril, a Pol\u00edcia Civil de Minas Gerais (PCMG) e a Pol\u00edcia Militar de Minas Gerais (PMMG) deflagraram uma opera\u00e7\u00e3o que resultou no cumprimento de mandados de busca e apreens\u00e3o expedidos contra dois adolescentes, de 16 e 17 anos.<\/p>\n<p>Um terceiro jovem, que completou a maioridade este ano, tamb\u00e9m se encontra preso por tr\u00e1fico. Al\u00e9m disso, outro investigado permanece no sistema prisional por ter cometido o crime de homic\u00eddio em outra ocasi\u00e3o.<\/p>\n<p>Segundo a delegada, um suspeito continua foragido, mas os levantamentos prosseguem.<\/p>\n<p style=\"text-align: justify;\"><!--more--><br \/>\n<strong>Din\u00e2mica<\/strong><\/p>\n<p>Segundo \u00c9rica Guedes, o homic\u00eddio teria sido motivado por vingan\u00e7a, em virtude de um furto de uma motocicleta, ocorrido no dia 12 de fevereiro. \u201cTrabalhos investigativos indicaram que o crime teria ocorrido como forma de retalia\u00e7\u00e3o pelo furto do ve\u00edculo\u201d, explica.<\/p>\n<p>As v\u00edtimas desse crime contra o patrim\u00f4nio foram presas hoje. \u201cA motocicleta era do casal e foi furtada no dia 12 de fevereiro, no pr\u00e9dio deles, e recuperada no mesmo dia pelos pr\u00f3prios donos, pr\u00f3ximo ao im\u00f3vel. Esse mesmo casal identificou, por meio de acesso a imagens de c\u00e2mera do pr\u00e9dio, quem seria o suposto autor do furto e que ele estaria em um apartamento no mesmo pr\u00e9dio\u201d, conta, explicando que, na manh\u00e3 do dia 13 de fevereiro, em retalia\u00e7\u00e3o ao ocorrido, investiga\u00e7\u00f5es apontaram que o casal teria facilitado a entrada de seis pessoas no local, entre elas, tr\u00eas adolescentes e tr\u00eas adultos, abrindo a porta do pr\u00e9dio para que elas fossem at\u00e9 o apartamento do suposto autor do crime de furto.<\/p>\n<p>Na ocasi\u00e3o, as seis pessoas arrombaram a porta do apartamento, portando peda\u00e7os de madeira. \u201cMas, no local, n\u00e3o encontraram o homem e agrediram o cunhado dele, pois achavam que ele tamb\u00e9m teria envolvimento com o crime de furto\u201d, relata, complementando que a v\u00edtima chegou a ser socorrida e encaminhada ao hospital, mas n\u00e3o resistiu aos ferimentos e faleceu dias depois.<\/p>\n","protected":false},"excerpt":{"rendered":"<p>Crime foi cometido no dia 13 de fevereiro. Tr\u00eas investigados foram presos. Nesta quarta-feira (8\/6), a Pol\u00edcia Civil de Minas Gerais (PCMG) prendeu, no munic\u00edpio de Cataguases, na Zona da Mata mineira, um homem, de 36 anos, e uma mulher, de 30 anos, suspeitos de serem mandantes do homic\u00eddio consumado ocorrido no dia 13 de [&hellip;]<\/p>\n","protected":false},"author":6,"featured_media":0,"comment_status":"open","ping_status":"closed","sticky":false,"template":"","format":"standard","meta":{"_joinchat":[],"footnotes":""},"categories":[1],"tags":[],"class_list":["post-82414","post","type-post","status-publish","format-standard","hentry","category-sem-categoria"],"_links":{"self":[{"href":"https:\/\/folhadosudeste.com\/site\/index.php?rest_route=\/wp\/v2\/posts\/82414","targetHints":{"allow":["GET"]}}],"collection":[{"href":"https:\/\/folhadosudeste.com\/site\/index.php?rest_route=\/wp\/v2\/posts"}],"about":[{"href":"https:\/\/folhadosudeste.com\/site\/index.php?rest_route=\/wp\/v2\/types\/post"}],"author":[{"embeddable":true,"href":"https:\/\/folhadosudeste.com\/site\/index.php?rest_route=\/wp\/v2\/users\/6"}],"replies":[{"embeddable":true,"href":"https:\/\/folhadosudeste.com\/site\/index.php?rest_route=%2Fwp%2Fv2%2Fcomments&post=82414"}],"version-history":[{"count":1,"href":"https:\/\/folhadosudeste.com\/site\/index.php?rest_route=\/wp\/v2\/posts\/82414\/revisions"}],"predecessor-version":[{"id":82415,"href":"https:\/\/folhadosudeste.com\/site\/index.php?rest_route=\/wp\/v2\/posts\/82414\/revisions\/82415"}],"wp:attachment":[{"href":"https:\/\/folhadosudeste.com\/site\/index.php?rest_route=%2Fwp%2Fv2%2Fmedia&parent=82414"}],"wp:term":[{"taxonomy":"category","embeddable":true,"href":"https:\/\/folhadosudeste.com\/site\/index.php?rest_route=%2Fwp%2Fv2%2Fcategories&post=82414"},{"taxonomy":"post_tag","embeddable":true,"href":"https:\/\/folhadosudeste.com\/site\/index.php?rest_route=%2Fwp%2Fv2%2Ftags&post=82414"}],"curies":[{"name":"wp","href":"https:\/\/api.w.org\/{rel}","templated":true}]}}